{"id":12929,"date":"2023-10-09T10:53:39","date_gmt":"2023-10-09T09:53:39","guid":{"rendered":"https:\/\/amisns.edu.pl\/?p=12929"},"modified":"2023-10-09T10:56:51","modified_gmt":"2023-10-09T09:56:51","slug":"amisns-z-dofinansowaniem-na-realizacje-autorskiego-programu-studiow-podyplomowych","status":"publish","type":"post","link":"https:\/\/amisns.edu.pl\/stara-wersja\/amisns-z-dofinansowaniem-na-realizacje-autorskiego-programu-studiow-podyplomowych\/","title":{"rendered":"AMiSNS z dofinansowaniem na realizacj\u0119 autorskiego programu studi\u00f3w podyplomowych"},"content":{"rendered":"\t\t<div data-elementor-type=\"wp-post\" data-elementor-id=\"12929\" class=\"elementor elementor-12929\" data-elementor-post-type=\"post\">\n\t\t\t\t\t\t<section class=\"elementor-section elementor-top-section elementor-element elementor-element-a0434ce elementor-section-boxed elementor-section-height-default elementor-section-height-default\" data-id=\"a0434ce\" data-element_type=\"section\">\n\t\t\t\t\t\t<div class=\"elementor-container elementor-column-gap-default\">\n\t\t\t\t\t<div class=\"elementor-column elementor-col-100 elementor-top-column elementor-element elementor-element-1188482\" data-id=\"1188482\" data-element_type=\"column\">\n\t\t\t<div class=\"elementor-widget-wrap elementor-element-populated\">\n\t\t\t\t\t\t<div class=\"elementor-element elementor-element-5071b81 elementor-widget elementor-widget-theme-post-featured-image elementor-widget-image\" data-id=\"5071b81\" data-element_type=\"widget\" data-widget_type=\"theme-post-featured-image.default\">\n\t\t\t\t<div class=\"elementor-widget-container\">\n\t\t\t\t\t\t\t\t\t\t\t\t\t<img fetchpriority=\"high\" decoding=\"async\" width=\"768\" height=\"644\" src=\"https:\/\/amisns.edu.pl\/stara-wersja\/wp-content\/uploads\/AMiSNS-z-dofinansowaniem-na-opracowanie-i-realizacje-autorskiego-programu-studiow-podyplomowych-z-zakresu-nauk-biomedycznych-768x644.jpg\" class=\"attachment-medium_large size-medium_large wp-image-12928\" alt=\"\" srcset=\"https:\/\/amisns.edu.pl\/stara-wersja\/wp-content\/uploads\/AMiSNS-z-dofinansowaniem-na-opracowanie-i-realizacje-autorskiego-programu-studiow-podyplomowych-z-zakresu-nauk-biomedycznych-768x644.jpg 768w, https:\/\/amisns.edu.pl\/stara-wersja\/wp-content\/uploads\/AMiSNS-z-dofinansowaniem-na-opracowanie-i-realizacje-autorskiego-programu-studiow-podyplomowych-z-zakresu-nauk-biomedycznych.jpg 940w\" sizes=\"(max-width: 768px) 100vw, 768px\" \/>\t\t\t\t\t\t\t\t\t\t\t\t\t<\/div>\n\t\t\t\t<\/div>\n\t\t\t\t\t<\/div>\n\t\t<\/div>\n\t\t\t\t\t<\/div>\n\t\t<\/section>\n\t\t\t\t<section class=\"elementor-section elementor-top-section elementor-element elementor-element-d50c709 elementor-section-boxed elementor-section-height-default elementor-section-height-default\" data-id=\"d50c709\" data-element_type=\"section\">\n\t\t\t\t\t\t<div class=\"elementor-container elementor-column-gap-default\">\n\t\t\t\t\t<div class=\"elementor-column elementor-col-100 elementor-top-column elementor-element elementor-element-25f82b5\" data-id=\"25f82b5\" data-element_type=\"column\">\n\t\t\t<div class=\"elementor-widget-wrap elementor-element-populated\">\n\t\t\t\t\t\t<div class=\"elementor-element elementor-element-b070bb7 elementor-widget elementor-widget-theme-post-title elementor-page-title elementor-widget-heading\" data-id=\"b070bb7\" data-element_type=\"widget\" data-widget_type=\"theme-post-title.default\">\n\t\t\t\t<div class=\"elementor-widget-container\">\n\t\t\t<h1 class=\"elementor-heading-title elementor-size-medium\">AMiSNS z dofinansowaniem na realizacj\u0119 autorskiego programu studi\u00f3w podyplomowych<\/h1>\t\t<\/div>\n\t\t\t\t<\/div>\n\t\t\t\t\t<\/div>\n\t\t<\/div>\n\t\t\t\t\t<\/div>\n\t\t<\/section>\n\t\t\t\t<section class=\"elementor-section elementor-top-section elementor-element elementor-element-26a8514 elementor-section-boxed elementor-section-height-default elementor-section-height-default\" data-id=\"26a8514\" data-element_type=\"section\">\n\t\t\t\t\t\t<div class=\"elementor-container elementor-column-gap-default\">\n\t\t\t\t\t<div class=\"elementor-column elementor-col-100 elementor-top-column elementor-element elementor-element-c1f16c1\" data-id=\"c1f16c1\" data-element_type=\"column\">\n\t\t\t<div class=\"elementor-widget-wrap elementor-element-populated\">\n\t\t\t\t\t\t<div class=\"elementor-element elementor-element-5611363 elementor-widget elementor-widget-post-info\" data-id=\"5611363\" data-element_type=\"widget\" data-widget_type=\"post-info.default\">\n\t\t\t\t<div class=\"elementor-widget-container\">\n\t\t\t\t\t<ul class=\"elementor-inline-items elementor-icon-list-items elementor-post-info\">\n\t\t\t\t\t\t\t\t<li class=\"elementor-icon-list-item elementor-repeater-item-e96c65c elementor-inline-item\" itemprop=\"datePublished\">\n\t\t\t\t\t\t<a href=\"https:\/\/amisns.edu.pl\/stara-wersja\/2023\/10\/09\/\">\n\t\t\t\t\t\t\t\t\t\t\t<span class=\"elementor-icon-list-icon\">\n\t\t\t\t\t\t\t\t<i aria-hidden=\"true\" class=\"fas fa-calendar\"><\/i>\t\t\t\t\t\t\t<\/span>\n\t\t\t\t\t\t\t\t\t<span class=\"elementor-icon-list-text elementor-post-info__item elementor-post-info__item--type-date\">\n\t\t\t\t\t\t\t\t\t\t<time>9 pa\u017adziernika, 2023<\/time>\t\t\t\t\t<\/span>\n\t\t\t\t\t\t\t\t\t<\/a>\n\t\t\t\t<\/li>\n\t\t\t\t<\/ul>\n\t\t\t\t<\/div>\n\t\t\t\t<\/div>\n\t\t\t\t\t<\/div>\n\t\t<\/div>\n\t\t\t\t\t<\/div>\n\t\t<\/section>\n\t\t\t\t<section class=\"elementor-section elementor-top-section elementor-element elementor-element-0b4c2ac elementor-section-boxed elementor-section-height-default elementor-section-height-default\" data-id=\"0b4c2ac\" data-element_type=\"section\">\n\t\t\t\t\t\t<div class=\"elementor-container elementor-column-gap-default\">\n\t\t\t\t\t<div class=\"elementor-column elementor-col-100 elementor-top-column elementor-element elementor-element-ebb3058\" data-id=\"ebb3058\" data-element_type=\"column\">\n\t\t\t<div class=\"elementor-widget-wrap elementor-element-populated\">\n\t\t\t\t\t\t<div class=\"elementor-element elementor-element-9e49b7d elementor-widget elementor-widget-text-editor\" data-id=\"9e49b7d\" data-element_type=\"widget\" data-widget_type=\"text-editor.default\">\n\t\t\t\t<div class=\"elementor-widget-container\">\n\t\t\t\t\t\t\t<p>Obecne wymogi dynamicznie rozwijaja\u0328cego sie\u0328 sektora biomedycznego stawiaja\u0328 wyzwania zwia\u0328zane z nabywaniem nowej wiedzy, umieje\u0328tnos\u0301ci i kompetencji oraz aktualizowaniem tych nabytych w toku wczes\u0301niejszej edukacji oraz w trakcie pracy zawodowej. Maj\u0105c na uwadze dynamizm zmian oraz wychodz\u0105c naprzeciw nowym potrzebom edukacyjnym Akademia Medycznych i Spo\u0142ecznych Nauk Stosowanych wzi\u0119\u0142a udzia\u0142 w Konkursie organizowanym przez Agencj\u0119 Bada\u0144 Medycznych i otrzyma\u0142a dofinansowanie na realizacj\u0119 studi\u00f3w podyplomowych z zakresu nauk biomedycznych (ABM\/2023\/6).<\/p><p>Prezes Agencji Bada\u0144 Medycznych, dr hab. n. med. Rados\u0142aw Sierpi\u0144ski, zatwierdzi\u0142 list\u0119 rankingow\u0105 zawieraj\u0105c\u0105 wyniki Konkursu na opracowanie i realizacj\u0119 autorskiego programu, na kt\u00f3rej znalaz\u0142a si\u0119 m.in. nasza Uczelnia. Nab\u00f3r wniosk\u00f3w trwa\u0142 od 11 lipca 2023 r. do 23 sierpnia 2023 r. W ramach Konkursu wp\u0142yn\u0119\u0142o 16 zg\u0142osze\u0144, kt\u00f3re pozytywnie przesz\u0142y ocen\u0119 formaln\u0105 i kt\u00f3rych \u0142\u0105czna warto\u015b\u0107 wynios\u0142a 45 447 577,91 z\u0142. Na podstawie listy rankingowej sporz\u0105dzonej w wyniku przeprowadzenia procedury konkursowej rekomendacj\u0119 do dofinansowania w Konkursie otrzyma\u0142o 13 projekt\u00f3w, dla kt\u00f3rych \u0142\u0105czna kwota dofinansowania wynios\u0142a 37 944 147,24 z\u0142. W tym gronie znalaz\u0142 si\u0119 r\u00f3wnie\u017c projekt naszej Uczelni,\u00a0 kt\u00f3ry otrzyma\u0142 97 punkt\u00f3w i dofinansowanie na kwot\u0119 2 588 670,00 z\u0142.<\/p><p>Projekt IMPEt &#8211; Innowacyjne Metody Podyplomowej Edukacji w Akademii Medycznych i Spo\u0142ecznych Nauk Stosowanych w Elbl\u0105gu &#8211; jest odpowiedzi\u0105\u0328 na istniej\u0105ce wyzwania sektora biomedycznego w Polsce poprzez zapewnienie interdyscyplinarnego, praktycznego i nowoczesnego kszta\u0142cenia. Celem projektu jest realizacja innowacyjnych metod edukacyjnych w p\u00f3\u0142nocno-wschodniej Polsce oraz innowacja w metodologii i zakresie tematycznym studi\u00f3w podyplomowych. Maj\u0105c na uwadze powy\u017csze koncepty, nasza Uczelnia opracowa\u0142a autorski program kszta\u0142cenia, uwzgl\u0119dniaj\u0105c najwa\u017cniejsze aspekty innowacyjne przedmiot\u00f3w, kt\u00f3re nie znajduj\u0105 si\u0119 w dotychczas istniej\u0105cych ofertach studi\u00f3w podyplomowych na uczelniach wy\u017cszych.<\/p><p>G\u0142\u00f3wnym celem projektu IMPEt jest opracowanie trzech autorskich kierunk\u00f3w innowacyjnych studi\u00f3w podyplomowych z zakresu nauk biomedycznych oraz realizacja, w formie hybrydowej, dw\u00f3ch edycji ka\u017cdego z tych kierunk\u00f3w. Te kierunki to:<\/p><ol><li>Fizjoterapia w ko\u0144cowej fazie \u017cycia pacjent\u00f3w z niewydolno\u015bci\u0105 oddechow\u0105 w warunkach domowych z wykorzystaniem narz\u0119dzi telemedycznych (FIZJO),<\/li><li>Skuteczne wdra\u017canie innowacji w podmiotach leczniczych (INNO),<\/li><li>Dobra praktyka bada\u0144 klinicznych dla badaczki i badacza (KLIN-BAD).<\/li><\/ol><p>W ramach kaz\u0307dego z kierunko\u0301w studio\u0301w szczego\u0301lny nacisk jest po\u0142oz\u0307ony na aspekty praktyczne, w tym zdobywanie umieje\u0328tnos\u0301ci i kszta\u0142towanie postaw w trakcie w szczego\u0301lnos\u0301ci zaje\u0328c\u0301 praktycznych (warsztatowych czy wizyt studyjnych). Stosowanie innowacyjnych metod edukacji podyplomowej, zw\u0142aszcza kszta\u0142cenie praktyczne (np. poprzez wykorzystanie metody problem-based learning (PBL), ma szanse\u0328 unowoczes\u0301nic\u0301 sektor nauk biomedycznych w Polsce poprzez przystosowanie uczestniko\u0301w do rzeczywistej aktywnos\u0301ci dzie\u0328ki umieje\u0328tnos\u0301ci definiowania i rozwia\u0328zywania problemo\u0301w, a nie tylko nabywania wiedzy teoretycznej.<\/p><p>\u00a0<\/p><p>Podsumowuj\u0105c: udzia\u0142 w programie IMPEt pozwoli jego uczestnikom podnie\u015b\u0107 kompetencje w zakresie dot\u0105d niedost\u0119pnej tematyki studi\u00f3w oraz umo\u017cliwi korzystanie z nowoczesnych, interaktywnych i cyfrowych metod kszta\u0142cenia, kt\u00f3re pozwol\u0105 na samokszta\u0142cenie i ewaluacj\u0119 post\u0119pu kszta\u0142cenia. Dzi\u0119ki <strong>100%<\/strong> finansowaniu projektu przez ABM innowacyjne studia podyplomowe (w tym zagraniczne wizyty studyjne) b\u0119d\u0105 <strong>bezp\u0142atne dla uczestnik\u00f3w<\/strong>. \u00a0<\/p><p>\u00a0<\/p>\t\t\t\t\t\t<\/div>\n\t\t\t\t<\/div>\n\t\t\t\t\t<\/div>\n\t\t<\/div>\n\t\t\t\t\t<\/div>\n\t\t<\/section>\n\t\t\t\t<section class=\"elementor-section elementor-top-section elementor-element elementor-element-437c825 elementor-section-boxed elementor-section-height-default elementor-section-height-default\" data-id=\"437c825\" data-element_type=\"section\">\n\t\t\t\t\t\t<div class=\"elementor-container elementor-column-gap-default\">\n\t\t\t\t\t<div class=\"elementor-column elementor-col-100 elementor-top-column elementor-element elementor-element-f291a65\" data-id=\"f291a65\" data-element_type=\"column\">\n\t\t\t<div class=\"elementor-widget-wrap elementor-element-populated\">\n\t\t\t\t\t\t<div class=\"elementor-element elementor-element-e0fa2eb elementor-widget-divider--view-line elementor-widget elementor-widget-divider\" data-id=\"e0fa2eb\" data-element_type=\"widget\" data-widget_type=\"divider.default\">\n\t\t\t\t<div class=\"elementor-widget-container\">\n\t\t\t\t\t<div class=\"elementor-divider\">\n\t\t\t<span class=\"elementor-divider-separator\">\n\t\t\t\t\t\t<\/span>\n\t\t<\/div>\n\t\t\t\t<\/div>\n\t\t\t\t<\/div>\n\t\t\t\t\t<\/div>\n\t\t<\/div>\n\t\t\t\t\t<\/div>\n\t\t<\/section>\n\t\t\t\t<section class=\"elementor-section elementor-top-section elementor-element elementor-element-bbc2001 elementor-section-boxed elementor-section-height-default elementor-section-height-default\" data-id=\"bbc2001\" data-element_type=\"section\">\n\t\t\t\t\t\t<div class=\"elementor-container elementor-column-gap-default\">\n\t\t\t\t\t<div class=\"elementor-column elementor-col-100 elementor-top-column elementor-element elementor-element-ac61b09\" data-id=\"ac61b09\" data-element_type=\"column\">\n\t\t\t<div class=\"elementor-widget-wrap elementor-element-populated\">\n\t\t\t\t\t\t<div class=\"elementor-element elementor-element-3928d47 elementor-grid-3 elementor-grid-tablet-2 elementor-grid-mobile-1 elementor-posts--thumbnail-top elementor-widget elementor-widget-posts\" data-id=\"3928d47\" data-element_type=\"widget\" data-settings=\"{&quot;classic_columns&quot;:&quot;3&quot;,&quot;classic_columns_tablet&quot;:&quot;2&quot;,&quot;classic_columns_mobile&quot;:&quot;1&quot;,&quot;classic_row_gap&quot;:{&quot;unit&quot;:&quot;px&quot;,&quot;size&quot;:35,&quot;sizes&quot;:[]},&quot;classic_row_gap_tablet&quot;:{&quot;unit&quot;:&quot;px&quot;,&quot;size&quot;:&quot;&quot;,&quot;sizes&quot;:[]},&quot;classic_row_gap_mobile&quot;:{&quot;unit&quot;:&quot;px&quot;,&quot;size&quot;:&quot;&quot;,&quot;sizes&quot;:[]}}\" data-widget_type=\"posts.classic\">\n\t\t\t\t<div class=\"elementor-widget-container\">\n\t\t\t\t\t<div class=\"elementor-posts-container elementor-posts elementor-posts--skin-classic elementor-grid\">\n\t\t\t\t<article class=\"elementor-post elementor-grid-item post-24993 post type-post status-publish format-standard has-post-thumbnail hentry category-glowne-aktualnosci category-uncategorized entry has-media\">\n\t\t\t\t<a class=\"elementor-post__thumbnail__link\" href=\"https:\/\/amisns.edu.pl\/stara-wersja\/wazna-informacja-dla-nowych-studentow\/\" tabindex=\"-1\" >\n\t\t\t<div class=\"elementor-post__thumbnail\"><img decoding=\"async\" width=\"1080\" height=\"1080\" src=\"https:\/\/amisns.edu.pl\/stara-wersja\/wp-content\/uploads\/Zolty-Ciemnoczerwony-Fioletowy-Nowoczesny-Karuzela-Post-na-Instagram-\u2013-edukacja-finansowa.png\" class=\"attachment-medium size-medium wp-image-24994\" alt=\"\" srcset=\"https:\/\/amisns.edu.pl\/stara-wersja\/wp-content\/uploads\/Zolty-Ciemnoczerwony-Fioletowy-Nowoczesny-Karuzela-Post-na-Instagram-\u2013-edukacja-finansowa.png 1080w, https:\/\/amisns.edu.pl\/stara-wersja\/wp-content\/uploads\/Zolty-Ciemnoczerwony-Fioletowy-Nowoczesny-Karuzela-Post-na-Instagram-\u2013-edukacja-finansowa-1000x1000.png 1000w, https:\/\/amisns.edu.pl\/stara-wersja\/wp-content\/uploads\/Zolty-Ciemnoczerwony-Fioletowy-Nowoczesny-Karuzela-Post-na-Instagram-\u2013-edukacja-finansowa-768x768.png 768w, https:\/\/amisns.edu.pl\/stara-wersja\/wp-content\/uploads\/Zolty-Ciemnoczerwony-Fioletowy-Nowoczesny-Karuzela-Post-na-Instagram-\u2013-edukacja-finansowa-600x600.png 600w\" sizes=\"(max-width: 1080px) 100vw, 1080px\" \/><\/div>\n\t\t<\/a>\n\t\t\t\t<div class=\"elementor-post__text\">\n\t\t\t\t<h3 class=\"elementor-post__title\">\n\t\t\t<a href=\"https:\/\/amisns.edu.pl\/stara-wersja\/wazna-informacja-dla-nowych-studentow\/\" >\n\t\t\t\tWa\u017cna informacja dla nowych student\u00f3w!\t\t\t<\/a>\n\t\t<\/h3>\n\t\t\t\t<div class=\"elementor-post__meta-data\">\n\t\t\t\t\t<span class=\"elementor-post-date\">\n\t\t\t04\/10\/2024\t\t<\/span>\n\t\t\t\t<span class=\"elementor-post-avatar\">\n\t\t\tBrak komentarzy\t\t<\/span>\n\t\t\t\t<\/div>\n\t\t\t\t<div class=\"elementor-post__excerpt\">\n\t\t\t<p>Drodzy Studenci! Je\u017celi w tym roku rozpoczynacie kszta\u0142cenie w AMiSNS, pragniemy przypomnie\u0107 o obowi\u0105zku zg\u0142oszenia si\u0119 do swojego Dziekanatu w celu podpisania \u015blubowania. Prosimy o<\/p>\n\t\t<\/div>\n\t\t\n\t\t<a class=\"elementor-post__read-more\" href=\"https:\/\/amisns.edu.pl\/stara-wersja\/wazna-informacja-dla-nowych-studentow\/\" aria-label=\"Read more about Wa\u017cna informacja dla nowych student\u00f3w!\" tabindex=\"-1\" >\n\t\t\tCzytaj wi\u0119cej \u00bb\t\t<\/a>\n\n\t\t\t\t<\/div>\n\t\t\t\t<\/article>\n\t\t\t\t<article class=\"elementor-post elementor-grid-item post-24987 post type-post status-publish format-standard has-post-thumbnail hentry category-glowne-aktualnosci category-uncategorized entry has-media\">\n\t\t\t\t<a class=\"elementor-post__thumbnail__link\" href=\"https:\/\/amisns.edu.pl\/stara-wersja\/godziny-pracy-dzialow-akademii-w-dniach-5-6-pazdziernika\/\" tabindex=\"-1\" >\n\t\t\t<div class=\"elementor-post__thumbnail\"><img decoding=\"async\" width=\"1080\" height=\"1080\" src=\"https:\/\/amisns.edu.pl\/stara-wersja\/wp-content\/uploads\/godziny-pracy-na-3-pazdizerniak.png\" class=\"attachment-medium size-medium wp-image-24982\" alt=\"\" srcset=\"https:\/\/amisns.edu.pl\/stara-wersja\/wp-content\/uploads\/godziny-pracy-na-3-pazdizerniak.png 1080w, https:\/\/amisns.edu.pl\/stara-wersja\/wp-content\/uploads\/godziny-pracy-na-3-pazdizerniak-1000x1000.png 1000w, https:\/\/amisns.edu.pl\/stara-wersja\/wp-content\/uploads\/godziny-pracy-na-3-pazdizerniak-768x768.png 768w, https:\/\/amisns.edu.pl\/stara-wersja\/wp-content\/uploads\/godziny-pracy-na-3-pazdizerniak-600x600.png 600w\" sizes=\"(max-width: 1080px) 100vw, 1080px\" \/><\/div>\n\t\t<\/a>\n\t\t\t\t<div class=\"elementor-post__text\">\n\t\t\t\t<h3 class=\"elementor-post__title\">\n\t\t\t<a href=\"https:\/\/amisns.edu.pl\/stara-wersja\/godziny-pracy-dzialow-akademii-w-dniach-5-6-pazdziernika\/\" >\n\t\t\t\tGodziny pracy dzia\u0142\u00f3w Akademii w dniach 5-6 pa\u017adziernika\t\t\t<\/a>\n\t\t<\/h3>\n\t\t\t\t<div class=\"elementor-post__meta-data\">\n\t\t\t\t\t<span class=\"elementor-post-date\">\n\t\t\t04\/10\/2024\t\t<\/span>\n\t\t\t\t<span class=\"elementor-post-avatar\">\n\t\t\tBrak komentarzy\t\t<\/span>\n\t\t\t\t<\/div>\n\t\t\t\t<div class=\"elementor-post__excerpt\">\n\t\t\t<p>Ju\u017c jutro, w sobot\u0119 o godzinie 10:00 odb\u0119dzie si\u0119 uroczysta Inauguracja Roku Akademickiego 2024\/2025. Serdecznie zapraszamy!\u00a05 i 6 pa\u017adziernika jednostki organizacyjne uczelni b\u0119d\u0105 czynne w<\/p>\n\t\t<\/div>\n\t\t\n\t\t<a class=\"elementor-post__read-more\" href=\"https:\/\/amisns.edu.pl\/stara-wersja\/godziny-pracy-dzialow-akademii-w-dniach-5-6-pazdziernika\/\" aria-label=\"Read more about Godziny pracy dzia\u0142\u00f3w Akademii w dniach 5-6 pa\u017adziernika\" tabindex=\"-1\" >\n\t\t\tCzytaj wi\u0119cej \u00bb\t\t<\/a>\n\n\t\t\t\t<\/div>\n\t\t\t\t<\/article>\n\t\t\t\t<article class=\"elementor-post elementor-grid-item post-24980 post type-post status-publish format-standard has-post-thumbnail hentry category-glowne-aktualnosci category-uncategorized entry has-media\">\n\t\t\t\t<a class=\"elementor-post__thumbnail__link\" href=\"https:\/\/amisns.edu.pl\/stara-wersja\/nieczynna-stolowka-amisns\/\" tabindex=\"-1\" >\n\t\t\t<div class=\"elementor-post__thumbnail\"><img loading=\"lazy\" decoding=\"async\" width=\"940\" height=\"788\" src=\"https:\/\/amisns.edu.pl\/stara-wersja\/wp-content\/uploads\/fgbvf.png\" class=\"attachment-medium size-medium wp-image-24981\" alt=\"\" srcset=\"https:\/\/amisns.edu.pl\/stara-wersja\/wp-content\/uploads\/fgbvf.png 940w, https:\/\/amisns.edu.pl\/stara-wersja\/wp-content\/uploads\/fgbvf-768x644.png 768w\" sizes=\"(max-width: 940px) 100vw, 940px\" \/><\/div>\n\t\t<\/a>\n\t\t\t\t<div class=\"elementor-post__text\">\n\t\t\t\t<h3 class=\"elementor-post__title\">\n\t\t\t<a href=\"https:\/\/amisns.edu.pl\/stara-wersja\/nieczynna-stolowka-amisns\/\" >\n\t\t\t\tNieczynna Sto\u0142\u00f3wka AMiSNS\t\t\t<\/a>\n\t\t<\/h3>\n\t\t\t\t<div class=\"elementor-post__meta-data\">\n\t\t\t\t\t<span class=\"elementor-post-date\">\n\t\t\t04\/10\/2024\t\t<\/span>\n\t\t\t\t<span class=\"elementor-post-avatar\">\n\t\t\tBrak komentarzy\t\t<\/span>\n\t\t\t\t<\/div>\n\t\t\t\t<div class=\"elementor-post__excerpt\">\n\t\t\t\t\t<\/div>\n\t\t\n\t\t<a class=\"elementor-post__read-more\" href=\"https:\/\/amisns.edu.pl\/stara-wersja\/nieczynna-stolowka-amisns\/\" aria-label=\"Read more about Nieczynna Sto\u0142\u00f3wka AMiSNS\" tabindex=\"-1\" >\n\t\t\tCzytaj wi\u0119cej \u00bb\t\t<\/a>\n\n\t\t\t\t<\/div>\n\t\t\t\t<\/article>\n\t\t\t\t<article class=\"elementor-post elementor-grid-item post-24966 post type-post status-publish format-standard has-post-thumbnail hentry category-glowne-aktualnosci entry has-media\">\n\t\t\t\t<a class=\"elementor-post__thumbnail__link\" href=\"https:\/\/amisns.edu.pl\/stara-wersja\/ogloszenie-listy-rankingowej-czwartej-rekrutacji-kierunek-lekarski-rok-akademicki-2024-2025\/\" tabindex=\"-1\" >\n\t\t\t<div class=\"elementor-post__thumbnail\"><img loading=\"lazy\" decoding=\"async\" width=\"940\" height=\"788\" src=\"https:\/\/amisns.edu.pl\/stara-wersja\/wp-content\/uploads\/Kierunek-lekarski-6.jpg\" class=\"attachment-medium size-medium wp-image-24965\" alt=\"\" srcset=\"https:\/\/amisns.edu.pl\/stara-wersja\/wp-content\/uploads\/Kierunek-lekarski-6.jpg 940w, https:\/\/amisns.edu.pl\/stara-wersja\/wp-content\/uploads\/Kierunek-lekarski-6-768x644.jpg 768w\" sizes=\"(max-width: 940px) 100vw, 940px\" \/><\/div>\n\t\t<\/a>\n\t\t\t\t<div class=\"elementor-post__text\">\n\t\t\t\t<h3 class=\"elementor-post__title\">\n\t\t\t<a href=\"https:\/\/amisns.edu.pl\/stara-wersja\/ogloszenie-listy-rankingowej-czwartej-rekrutacji-kierunek-lekarski-rok-akademicki-2024-2025\/\" >\n\t\t\t\tOg\u0142oszenie listy rankingowej czwartej rekrutacji \u2013 kierunek lekarski, rok akademicki 2024\/2025\t\t\t<\/a>\n\t\t<\/h3>\n\t\t\t\t<div class=\"elementor-post__meta-data\">\n\t\t\t\t\t<span class=\"elementor-post-date\">\n\t\t\t02\/10\/2024\t\t<\/span>\n\t\t\t\t<span class=\"elementor-post-avatar\">\n\t\t\tBrak komentarzy\t\t<\/span>\n\t\t\t\t<\/div>\n\t\t\t\t<div class=\"elementor-post__excerpt\">\n\t\t\t<p>Szanowni Kandydaci, poni\u017cej przedstawiamy list\u0119 os\u00f3b, kt\u00f3re zakwalifikowa\u0142y si\u0119 na kierunek lekarski w czwartej turze rekrutacji na rok akademicki 2024\/2025.\u00a0 Lista rankingowa zawiera identyfikatory, kt\u00f3re<\/p>\n\t\t<\/div>\n\t\t\n\t\t<a class=\"elementor-post__read-more\" href=\"https:\/\/amisns.edu.pl\/stara-wersja\/ogloszenie-listy-rankingowej-czwartej-rekrutacji-kierunek-lekarski-rok-akademicki-2024-2025\/\" aria-label=\"Read more about Og\u0142oszenie listy rankingowej czwartej rekrutacji \u2013 kierunek lekarski, rok akademicki 2024\/2025\" tabindex=\"-1\" >\n\t\t\tCzytaj wi\u0119cej \u00bb\t\t<\/a>\n\n\t\t\t\t<\/div>\n\t\t\t\t<\/article>\n\t\t\t\t<article class=\"elementor-post elementor-grid-item post-24954 post type-post status-publish format-standard has-post-thumbnail hentry category-glowne-aktualnosci entry has-media\">\n\t\t\t\t<a class=\"elementor-post__thumbnail__link\" href=\"https:\/\/amisns.edu.pl\/stara-wersja\/ruszyl-nabor-wnioskow-stypendialnych-na-rok-akademicki-2024-2025\/\" tabindex=\"-1\" >\n\t\t\t<div class=\"elementor-post__thumbnail\"><img loading=\"lazy\" decoding=\"async\" width=\"1080\" height=\"1080\" src=\"https:\/\/amisns.edu.pl\/stara-wersja\/wp-content\/uploads\/Stypendia-20242025-1.jpg\" class=\"attachment-medium size-medium wp-image-24959\" alt=\"\" srcset=\"https:\/\/amisns.edu.pl\/stara-wersja\/wp-content\/uploads\/Stypendia-20242025-1.jpg 1080w, https:\/\/amisns.edu.pl\/stara-wersja\/wp-content\/uploads\/Stypendia-20242025-1-1000x1000.jpg 1000w, https:\/\/amisns.edu.pl\/stara-wersja\/wp-content\/uploads\/Stypendia-20242025-1-768x768.jpg 768w, https:\/\/amisns.edu.pl\/stara-wersja\/wp-content\/uploads\/Stypendia-20242025-1-600x600.jpg 600w\" sizes=\"(max-width: 1080px) 100vw, 1080px\" \/><\/div>\n\t\t<\/a>\n\t\t\t\t<div class=\"elementor-post__text\">\n\t\t\t\t<h3 class=\"elementor-post__title\">\n\t\t\t<a href=\"https:\/\/amisns.edu.pl\/stara-wersja\/ruszyl-nabor-wnioskow-stypendialnych-na-rok-akademicki-2024-2025\/\" >\n\t\t\t\tRuszy\u0142 nab\u00f3r wniosk\u00f3w stypendialnych na rok akademicki 2024\/2025\t\t\t<\/a>\n\t\t<\/h3>\n\t\t\t\t<div class=\"elementor-post__meta-data\">\n\t\t\t\t\t<span class=\"elementor-post-date\">\n\t\t\t01\/10\/2024\t\t<\/span>\n\t\t\t\t<span class=\"elementor-post-avatar\">\n\t\t\tBrak komentarzy\t\t<\/span>\n\t\t\t\t<\/div>\n\t\t\t\t<div class=\"elementor-post__excerpt\">\n\t\t\t<p>Studenci Akademii Medycznych i Spo\u0142ecznych Nauk Stosowanych mog\u0105 ju\u017c sk\u0142ada\u0107 wnioski o stypendia. Oferujemy wsparcie finansowe w formie:\u00a0 stypendi\u00f3w socjalnych dla os\u00f3b niepe\u0142nosprawnych, rektora, ministra<\/p>\n\t\t<\/div>\n\t\t\n\t\t<a class=\"elementor-post__read-more\" href=\"https:\/\/amisns.edu.pl\/stara-wersja\/ruszyl-nabor-wnioskow-stypendialnych-na-rok-akademicki-2024-2025\/\" aria-label=\"Read more about Ruszy\u0142 nab\u00f3r wniosk\u00f3w stypendialnych na rok akademicki 2024\/2025\" tabindex=\"-1\" >\n\t\t\tCzytaj wi\u0119cej \u00bb\t\t<\/a>\n\n\t\t\t\t<\/div>\n\t\t\t\t<\/article>\n\t\t\t\t<article class=\"elementor-post elementor-grid-item post-24920 post type-post status-publish format-standard has-post-thumbnail hentry category-glowne-aktualnosci entry has-media\">\n\t\t\t\t<a class=\"elementor-post__thumbnail__link\" href=\"https:\/\/amisns.edu.pl\/stara-wersja\/przedluzona-rekrutacja-na-studia-w-akademii-medycznych-i-spolecznych-nauk-stosowanych-trwa-do-19-pazdziernika\/\" tabindex=\"-1\" >\n\t\t\t<div class=\"elementor-post__thumbnail\"><img loading=\"lazy\" decoding=\"async\" width=\"940\" height=\"788\" src=\"https:\/\/amisns.edu.pl\/stara-wersja\/wp-content\/uploads\/Bez-tytulu-Post-na-Facebooka-1.jpg\" class=\"attachment-medium size-medium wp-image-24921\" alt=\"\" srcset=\"https:\/\/amisns.edu.pl\/stara-wersja\/wp-content\/uploads\/Bez-tytulu-Post-na-Facebooka-1.jpg 940w, https:\/\/amisns.edu.pl\/stara-wersja\/wp-content\/uploads\/Bez-tytulu-Post-na-Facebooka-1-768x644.jpg 768w\" sizes=\"(max-width: 940px) 100vw, 940px\" \/><\/div>\n\t\t<\/a>\n\t\t\t\t<div class=\"elementor-post__text\">\n\t\t\t\t<h3 class=\"elementor-post__title\">\n\t\t\t<a href=\"https:\/\/amisns.edu.pl\/stara-wersja\/przedluzona-rekrutacja-na-studia-w-akademii-medycznych-i-spolecznych-nauk-stosowanych-trwa-do-19-pazdziernika\/\" >\n\t\t\t\tPrzed\u0142u\u017cona rekrutacja na studia w Akademii Medycznych i Spo\u0142ecznych Nauk Stosowanych \u2013 trwa do 19 pa\u017adziernika!\t\t\t<\/a>\n\t\t<\/h3>\n\t\t\t\t<div class=\"elementor-post__meta-data\">\n\t\t\t\t\t<span class=\"elementor-post-date\">\n\t\t\t30\/09\/2024\t\t<\/span>\n\t\t\t\t<span class=\"elementor-post-avatar\">\n\t\t\tBrak komentarzy\t\t<\/span>\n\t\t\t\t<\/div>\n\t\t\t\t<div class=\"elementor-post__excerpt\">\n\t\t\t<p>Drodzy Kandydaci!Z rado\u015bci\u0105 informujemy, \u017ce Akademia Medycznych i Spo\u0142ecznych Nauk Stosowanych przed\u0142u\u017cy\u0142a rekrutacj\u0119 na studia do 19 pa\u017adziernika. To doskona\u0142a okazja, aby do\u0142\u0105czy\u0107 do grona<\/p>\n\t\t<\/div>\n\t\t\n\t\t<a class=\"elementor-post__read-more\" href=\"https:\/\/amisns.edu.pl\/stara-wersja\/przedluzona-rekrutacja-na-studia-w-akademii-medycznych-i-spolecznych-nauk-stosowanych-trwa-do-19-pazdziernika\/\" aria-label=\"Read more about Przed\u0142u\u017cona rekrutacja na studia w Akademii Medycznych i Spo\u0142ecznych Nauk Stosowanych \u2013 trwa do 19 pa\u017adziernika!\" tabindex=\"-1\" >\n\t\t\tCzytaj wi\u0119cej \u00bb\t\t<\/a>\n\n\t\t\t\t<\/div>\n\t\t\t\t<\/article>\n\t\t\t\t<\/div>\n\t\t\n\t\t\t\t<\/div>\n\t\t\t\t<\/div>\n\t\t\t\t\t<\/div>\n\t\t<\/div>\n\t\t\t\t\t<\/div>\n\t\t<\/section>\n\t\t\t\t<\/div>\n\t\t","protected":false},"excerpt":{"rendered":"<p>Obecne wymogi dynamicznie rozwijaja?cego sie? sektora biomedycznego stawiaja? wyzwania zwia?zane z nabywaniem nowej wiedzy, umieje?tnos?ci i kompetencji oraz aktualizowaniem tych nabytych w toku wczes?niejszej edukacji oraz w trakcie pracy zawodowej. Maj\u0105c na uwadze dynamizm zmian oraz wychodz\u0105c naprzeciw nowym potrzebom edukacyjnym Akademia Medycznych i Spo\u0142ecznych Nauk Stosowanych wzi\u0119\u0142a udzia\u0142 w Konkursie organizowanym przez Agencj\u0119 Bada\u0144 [&hellip;]<\/p>\n","protected":false},"author":2,"featured_media":12928,"comment_status":"closed","ping_status":"closed","sticky":false,"template":"elementor_header_footer","format":"standard","meta":{"ocean_post_layout":"","ocean_both_sidebars_style":"","ocean_both_sidebars_content_width":0,"ocean_both_sidebars_sidebars_width":0,"ocean_sidebar":"0","ocean_second_sidebar":"0","ocean_disable_margins":"enable","ocean_add_body_class":"","ocean_shortcode_before_top_bar":"","ocean_shortcode_after_top_bar":"","ocean_shortcode_before_header":"","ocean_shortcode_after_header":"","ocean_has_shortcode":"","ocean_shortcode_after_title":"","ocean_shortcode_before_footer_widgets":"","ocean_shortcode_after_footer_widgets":"","ocean_shortcode_before_footer_bottom":"","ocean_shortcode_after_footer_bottom":"","ocean_display_top_bar":"default","ocean_display_header":"default","ocean_header_style":"","ocean_center_header_left_menu":"0","ocean_custom_header_template":"0","ocean_custom_logo":0,"ocean_custom_retina_logo":0,"ocean_custom_logo_max_width":0,"ocean_custom_logo_tablet_max_width":0,"ocean_custom_logo_mobile_max_width":0,"ocean_custom_logo_max_height":0,"ocean_custom_logo_tablet_max_height":0,"ocean_custom_logo_mobile_max_height":0,"ocean_header_custom_menu":"0","ocean_menu_typo_font_family":"0","ocean_menu_typo_font_subset":"","ocean_menu_typo_font_size":0,"ocean_menu_typo_font_size_tablet":0,"ocean_menu_typo_font_size_mobile":0,"ocean_menu_typo_font_size_unit":"px","ocean_menu_typo_font_weight":"","ocean_menu_typo_font_weight_tablet":"","ocean_menu_typo_font_weight_mobile":"","ocean_menu_typo_transform":"","ocean_menu_typo_transform_tablet":"","ocean_menu_typo_transform_mobile":"","ocean_menu_typo_line_height":0,"ocean_menu_typo_line_height_tablet":0,"ocean_menu_typo_line_height_mobile":0,"ocean_menu_typo_line_height_unit":"","ocean_menu_typo_spacing":0,"ocean_menu_typo_spacing_tablet":0,"ocean_menu_typo_spacing_mobile":0,"ocean_menu_typo_spacing_unit":"","ocean_menu_link_color":"","ocean_menu_link_color_hover":"","ocean_menu_link_color_active":"","ocean_menu_link_background":"","ocean_menu_link_hover_background":"","ocean_menu_link_active_background":"","ocean_menu_social_links_bg":"","ocean_menu_social_hover_links_bg":"","ocean_menu_social_links_color":"","ocean_menu_social_hover_links_color":"","ocean_disable_title":"default","ocean_disable_heading":"default","ocean_post_title":"","ocean_post_subheading":"","ocean_post_title_style":"","ocean_post_title_background_color":"","ocean_post_title_background":0,"ocean_post_title_bg_image_position":"","ocean_post_title_bg_image_attachment":"","ocean_post_title_bg_image_repeat":"","ocean_post_title_bg_image_size":"","ocean_post_title_height":0,"ocean_post_title_bg_overlay":0.5,"ocean_post_title_bg_overlay_color":"","ocean_disable_breadcrumbs":"default","ocean_breadcrumbs_color":"","ocean_breadcrumbs_separator_color":"","ocean_breadcrumbs_links_color":"","ocean_breadcrumbs_links_hover_color":"","ocean_display_footer_widgets":"default","ocean_display_footer_bottom":"default","ocean_custom_footer_template":"0","ocean_post_oembed":"","ocean_post_self_hosted_media":"","ocean_post_video_embed":"","ocean_link_format":"","ocean_link_format_target":"self","ocean_quote_format":"","ocean_quote_format_link":"post","ocean_gallery_link_images":"off","ocean_gallery_id":[],"footnotes":""},"categories":[34,28,1],"tags":[],"class_list":["post-12929","post","type-post","status-publish","format-standard","has-post-thumbnail","hentry","category-aktulnosci-wlek","category-glowne-aktualnosci","category-uncategorized","entry","has-media"],"yoast_head":"<!-- This site is optimized with the Yoast SEO plugin v23.7 - https:\/\/yoast.com\/wordpress\/plugins\/seo\/ -->\n<title>AMiSNS z dofinansowaniem na realizacj\u0119 autorskiego programu studi\u00f3w podyplomowych - AMISNS<\/title>\n<meta name=\"robots\" content=\"noindex, follow, max-snippet:-1, max-image-preview:large, max-video-preview:-1\" \/>\n<meta property=\"og:locale\" content=\"pl_PL\" \/>\n<meta property=\"og:type\" content=\"article\" \/>\n<meta property=\"og:title\" content=\"AMiSNS z dofinansowaniem na realizacj\u0119 autorskiego programu studi\u00f3w podyplomowych - AMISNS\" \/>\n<meta property=\"og:description\" content=\"Obecne wymogi dynamicznie rozwijaja?cego sie? sektora biomedycznego stawiaja? wyzwania zwia?zane z nabywaniem nowej wiedzy, umieje?tnos?ci i kompetencji oraz aktualizowaniem tych nabytych w toku wczes?niejszej edukacji oraz w trakcie pracy zawodowej. Maj\u0105c na uwadze dynamizm zmian oraz wychodz\u0105c naprzeciw nowym potrzebom edukacyjnym Akademia Medycznych i Spo\u0142ecznych Nauk Stosowanych wzi\u0119\u0142a udzia\u0142 w Konkursie organizowanym przez Agencj\u0119 Bada\u0144 [&hellip;]\" \/>\n<meta property=\"og:url\" content=\"https:\/\/amisns.edu.pl\/stara-wersja\/amisns-z-dofinansowaniem-na-realizacje-autorskiego-programu-studiow-podyplomowych\/\" \/>\n<meta property=\"og:site_name\" content=\"AMISNS\" \/>\n<meta property=\"article:publisher\" content=\"https:\/\/www.facebook.com\/AMiSNSElblag\" \/>\n<meta property=\"article:published_time\" content=\"2023-10-09T09:53:39+00:00\" \/>\n<meta property=\"article:modified_time\" content=\"2023-10-09T09:56:51+00:00\" \/>\n<meta property=\"og:image\" content=\"https:\/\/amisns.edu.pl\/stara-wersja\/wp-content\/uploads\/AMiSNS-z-dofinansowaniem-na-opracowanie-i-realizacje-autorskiego-programu-studiow-podyplomowych-z-zakresu-nauk-biomedycznych.jpg\" \/>\n\t<meta property=\"og:image:width\" content=\"940\" \/>\n\t<meta property=\"og:image:height\" content=\"788\" \/>\n\t<meta property=\"og:image:type\" content=\"image\/jpeg\" \/>\n<meta name=\"author\" content=\"Biuro promocji\" \/>\n<meta name=\"twitter:card\" content=\"summary_large_image\" \/>\n<meta name=\"twitter:label1\" content=\"Napisane przez\" \/>\n\t<meta name=\"twitter:data1\" content=\"Biuro promocji\" \/>\n\t<meta name=\"twitter:label2\" content=\"Szacowany czas czytania\" \/>\n\t<meta name=\"twitter:data2\" content=\"3 minuty\" \/>\n<script type=\"application\/ld+json\" class=\"yoast-schema-graph\">{\"@context\":\"https:\/\/schema.org\",\"@graph\":[{\"@type\":\"Article\",\"@id\":\"https:\/\/amisns.edu.pl\/stara-wersja\/amisns-z-dofinansowaniem-na-realizacje-autorskiego-programu-studiow-podyplomowych\/#article\",\"isPartOf\":{\"@id\":\"https:\/\/amisns.edu.pl\/stara-wersja\/amisns-z-dofinansowaniem-na-realizacje-autorskiego-programu-studiow-podyplomowych\/\"},\"author\":{\"name\":\"Biuro promocji\",\"@id\":\"https:\/\/amisns.edu.pl\/stara-wersja\/stara-wersja\/#\/schema\/person\/4868ddcf0f0d3f8b0c675e45540fd350\"},\"headline\":\"AMiSNS z dofinansowaniem na realizacj\u0119 autorskiego programu studi\u00f3w podyplomowych\",\"datePublished\":\"2023-10-09T09:53:39+00:00\",\"dateModified\":\"2023-10-09T09:56:51+00:00\",\"mainEntityOfPage\":{\"@id\":\"https:\/\/amisns.edu.pl\/stara-wersja\/amisns-z-dofinansowaniem-na-realizacje-autorskiego-programu-studiow-podyplomowych\/\"},\"wordCount\":538,\"publisher\":{\"@id\":\"https:\/\/amisns.edu.pl\/stara-wersja\/stara-wersja\/#organization\"},\"image\":{\"@id\":\"https:\/\/amisns.edu.pl\/stara-wersja\/amisns-z-dofinansowaniem-na-realizacje-autorskiego-programu-studiow-podyplomowych\/#primaryimage\"},\"thumbnailUrl\":\"https:\/\/amisns.edu.pl\/stara-wersja\/wp-content\/uploads\/AMiSNS-z-dofinansowaniem-na-opracowanie-i-realizacje-autorskiego-programu-studiow-podyplomowych-z-zakresu-nauk-biomedycznych.jpg\",\"articleSection\":[\"Aktulno\u015bci WLEK\",\"G\u0142\u00f3wne aktualno\u015bci\",\"Uncategorized\"],\"inLanguage\":\"pl-PL\"},{\"@type\":\"WebPage\",\"@id\":\"https:\/\/amisns.edu.pl\/stara-wersja\/amisns-z-dofinansowaniem-na-realizacje-autorskiego-programu-studiow-podyplomowych\/\",\"url\":\"https:\/\/amisns.edu.pl\/stara-wersja\/amisns-z-dofinansowaniem-na-realizacje-autorskiego-programu-studiow-podyplomowych\/\",\"name\":\"AMiSNS z dofinansowaniem na realizacj\u0119 autorskiego programu studi\u00f3w podyplomowych - AMISNS\",\"isPartOf\":{\"@id\":\"https:\/\/amisns.edu.pl\/stara-wersja\/stara-wersja\/#website\"},\"primaryImageOfPage\":{\"@id\":\"https:\/\/amisns.edu.pl\/stara-wersja\/amisns-z-dofinansowaniem-na-realizacje-autorskiego-programu-studiow-podyplomowych\/#primaryimage\"},\"image\":{\"@id\":\"https:\/\/amisns.edu.pl\/stara-wersja\/amisns-z-dofinansowaniem-na-realizacje-autorskiego-programu-studiow-podyplomowych\/#primaryimage\"},\"thumbnailUrl\":\"https:\/\/amisns.edu.pl\/stara-wersja\/wp-content\/uploads\/AMiSNS-z-dofinansowaniem-na-opracowanie-i-realizacje-autorskiego-programu-studiow-podyplomowych-z-zakresu-nauk-biomedycznych.jpg\",\"datePublished\":\"2023-10-09T09:53:39+00:00\",\"dateModified\":\"2023-10-09T09:56:51+00:00\",\"breadcrumb\":{\"@id\":\"https:\/\/amisns.edu.pl\/stara-wersja\/amisns-z-dofinansowaniem-na-realizacje-autorskiego-programu-studiow-podyplomowych\/#breadcrumb\"},\"inLanguage\":\"pl-PL\",\"potentialAction\":[{\"@type\":\"ReadAction\",\"target\":[\"https:\/\/amisns.edu.pl\/stara-wersja\/amisns-z-dofinansowaniem-na-realizacje-autorskiego-programu-studiow-podyplomowych\/\"]}]},{\"@type\":\"ImageObject\",\"inLanguage\":\"pl-PL\",\"@id\":\"https:\/\/amisns.edu.pl\/stara-wersja\/amisns-z-dofinansowaniem-na-realizacje-autorskiego-programu-studiow-podyplomowych\/#primaryimage\",\"url\":\"https:\/\/amisns.edu.pl\/stara-wersja\/wp-content\/uploads\/AMiSNS-z-dofinansowaniem-na-opracowanie-i-realizacje-autorskiego-programu-studiow-podyplomowych-z-zakresu-nauk-biomedycznych.jpg\",\"contentUrl\":\"https:\/\/amisns.edu.pl\/stara-wersja\/wp-content\/uploads\/AMiSNS-z-dofinansowaniem-na-opracowanie-i-realizacje-autorskiego-programu-studiow-podyplomowych-z-zakresu-nauk-biomedycznych.jpg\",\"width\":940,\"height\":788},{\"@type\":\"BreadcrumbList\",\"@id\":\"https:\/\/amisns.edu.pl\/stara-wersja\/amisns-z-dofinansowaniem-na-realizacje-autorskiego-programu-studiow-podyplomowych\/#breadcrumb\",\"itemListElement\":[{\"@type\":\"ListItem\",\"position\":1,\"name\":\"Strona g\u0142\u00f3wna\",\"item\":\"https:\/\/amisns.edu.pl\/stara-wersja\/\"},{\"@type\":\"ListItem\",\"position\":2,\"name\":\"AMiSNS z dofinansowaniem na realizacj\u0119 autorskiego programu studi\u00f3w podyplomowych\"}]},{\"@type\":\"WebSite\",\"@id\":\"https:\/\/amisns.edu.pl\/stara-wersja\/stara-wersja\/#website\",\"url\":\"https:\/\/amisns.edu.pl\/stara-wersja\/stara-wersja\/\",\"name\":\"AMISNS\",\"description\":\"Akademia Medycznych i Spo\u0142ecznych nauk stosowanych\",\"publisher\":{\"@id\":\"https:\/\/amisns.edu.pl\/stara-wersja\/stara-wersja\/#organization\"},\"potentialAction\":[{\"@type\":\"SearchAction\",\"target\":{\"@type\":\"EntryPoint\",\"urlTemplate\":\"https:\/\/amisns.edu.pl\/stara-wersja\/stara-wersja\/?s={search_term_string}\"},\"query-input\":{\"@type\":\"PropertyValueSpecification\",\"valueRequired\":true,\"valueName\":\"search_term_string\"}}],\"inLanguage\":\"pl-PL\"},{\"@type\":\"Organization\",\"@id\":\"https:\/\/amisns.edu.pl\/stara-wersja\/stara-wersja\/#organization\",\"name\":\"AMISNS\",\"url\":\"https:\/\/amisns.edu.pl\/stara-wersja\/stara-wersja\/\",\"logo\":{\"@type\":\"ImageObject\",\"inLanguage\":\"pl-PL\",\"@id\":\"https:\/\/amisns.edu.pl\/stara-wersja\/stara-wersja\/#\/schema\/logo\/image\/\",\"url\":\"https:\/\/amisns.edu.pl\/stara-wersja\/wp-content\/uploads\/2022\/12\/Znak-AMiSNS-na-strone-www-4k.png\",\"contentUrl\":\"https:\/\/amisns.edu.pl\/stara-wersja\/wp-content\/uploads\/2022\/12\/Znak-AMiSNS-na-strone-www-4k.png\",\"width\":1920,\"height\":523,\"caption\":\"AMISNS\"},\"image\":{\"@id\":\"https:\/\/amisns.edu.pl\/stara-wersja\/stara-wersja\/#\/schema\/logo\/image\/\"},\"sameAs\":[\"https:\/\/www.facebook.com\/AMiSNSElblag\"]},{\"@type\":\"Person\",\"@id\":\"https:\/\/amisns.edu.pl\/stara-wersja\/stara-wersja\/#\/schema\/person\/4868ddcf0f0d3f8b0c675e45540fd350\",\"name\":\"Biuro promocji\",\"image\":{\"@type\":\"ImageObject\",\"inLanguage\":\"pl-PL\",\"@id\":\"https:\/\/amisns.edu.pl\/stara-wersja\/stara-wersja\/#\/schema\/person\/image\/\",\"url\":\"https:\/\/secure.gravatar.com\/avatar\/ba1c61f2c67d3536a6e469d64619f0d0?s=96&d=mm&r=g\",\"contentUrl\":\"https:\/\/secure.gravatar.com\/avatar\/ba1c61f2c67d3536a6e469d64619f0d0?s=96&d=mm&r=g\",\"caption\":\"Biuro promocji\"},\"url\":\"https:\/\/amisns.edu.pl\/stara-wersja\/author\/biuro-promocji\/\"}]}<\/script>\n<!-- \/ Yoast SEO plugin. -->","yoast_head_json":{"title":"AMiSNS z dofinansowaniem na realizacj\u0119 autorskiego programu studi\u00f3w podyplomowych - AMISNS","robots":{"index":"noindex","follow":"follow","max-snippet":"max-snippet:-1","max-image-preview":"max-image-preview:large","max-video-preview":"max-video-preview:-1"},"og_locale":"pl_PL","og_type":"article","og_title":"AMiSNS z dofinansowaniem na realizacj\u0119 autorskiego programu studi\u00f3w podyplomowych - AMISNS","og_description":"Obecne wymogi dynamicznie rozwijaja?cego sie? sektora biomedycznego stawiaja? wyzwania zwia?zane z nabywaniem nowej wiedzy, umieje?tnos?ci i kompetencji oraz aktualizowaniem tych nabytych w toku wczes?niejszej edukacji oraz w trakcie pracy zawodowej. Maj\u0105c na uwadze dynamizm zmian oraz wychodz\u0105c naprzeciw nowym potrzebom edukacyjnym Akademia Medycznych i Spo\u0142ecznych Nauk Stosowanych wzi\u0119\u0142a udzia\u0142 w Konkursie organizowanym przez Agencj\u0119 Bada\u0144 [&hellip;]","og_url":"https:\/\/amisns.edu.pl\/stara-wersja\/amisns-z-dofinansowaniem-na-realizacje-autorskiego-programu-studiow-podyplomowych\/","og_site_name":"AMISNS","article_publisher":"https:\/\/www.facebook.com\/AMiSNSElblag","article_published_time":"2023-10-09T09:53:39+00:00","article_modified_time":"2023-10-09T09:56:51+00:00","og_image":[{"width":940,"height":788,"url":"https:\/\/amisns.edu.pl\/stara-wersja\/wp-content\/uploads\/AMiSNS-z-dofinansowaniem-na-opracowanie-i-realizacje-autorskiego-programu-studiow-podyplomowych-z-zakresu-nauk-biomedycznych.jpg","type":"image\/jpeg"}],"author":"Biuro promocji","twitter_card":"summary_large_image","twitter_misc":{"Napisane przez":"Biuro promocji","Szacowany czas czytania":"3 minuty"},"schema":{"@context":"https:\/\/schema.org","@graph":[{"@type":"Article","@id":"https:\/\/amisns.edu.pl\/stara-wersja\/amisns-z-dofinansowaniem-na-realizacje-autorskiego-programu-studiow-podyplomowych\/#article","isPartOf":{"@id":"https:\/\/amisns.edu.pl\/stara-wersja\/amisns-z-dofinansowaniem-na-realizacje-autorskiego-programu-studiow-podyplomowych\/"},"author":{"name":"Biuro promocji","@id":"https:\/\/amisns.edu.pl\/stara-wersja\/stara-wersja\/#\/schema\/person\/4868ddcf0f0d3f8b0c675e45540fd350"},"headline":"AMiSNS z dofinansowaniem na realizacj\u0119 autorskiego programu studi\u00f3w podyplomowych","datePublished":"2023-10-09T09:53:39+00:00","dateModified":"2023-10-09T09:56:51+00:00","mainEntityOfPage":{"@id":"https:\/\/amisns.edu.pl\/stara-wersja\/amisns-z-dofinansowaniem-na-realizacje-autorskiego-programu-studiow-podyplomowych\/"},"wordCount":538,"publisher":{"@id":"https:\/\/amisns.edu.pl\/stara-wersja\/stara-wersja\/#organization"},"image":{"@id":"https:\/\/amisns.edu.pl\/stara-wersja\/amisns-z-dofinansowaniem-na-realizacje-autorskiego-programu-studiow-podyplomowych\/#primaryimage"},"thumbnailUrl":"https:\/\/amisns.edu.pl\/stara-wersja\/wp-content\/uploads\/AMiSNS-z-dofinansowaniem-na-opracowanie-i-realizacje-autorskiego-programu-studiow-podyplomowych-z-zakresu-nauk-biomedycznych.jpg","articleSection":["Aktulno\u015bci WLEK","G\u0142\u00f3wne aktualno\u015bci","Uncategorized"],"inLanguage":"pl-PL"},{"@type":"WebPage","@id":"https:\/\/amisns.edu.pl\/stara-wersja\/amisns-z-dofinansowaniem-na-realizacje-autorskiego-programu-studiow-podyplomowych\/","url":"https:\/\/amisns.edu.pl\/stara-wersja\/amisns-z-dofinansowaniem-na-realizacje-autorskiego-programu-studiow-podyplomowych\/","name":"AMiSNS z dofinansowaniem na realizacj\u0119 autorskiego programu studi\u00f3w podyplomowych - AMISNS","isPartOf":{"@id":"https:\/\/amisns.edu.pl\/stara-wersja\/stara-wersja\/#website"},"primaryImageOfPage":{"@id":"https:\/\/amisns.edu.pl\/stara-wersja\/amisns-z-dofinansowaniem-na-realizacje-autorskiego-programu-studiow-podyplomowych\/#primaryimage"},"image":{"@id":"https:\/\/amisns.edu.pl\/stara-wersja\/amisns-z-dofinansowaniem-na-realizacje-autorskiego-programu-studiow-podyplomowych\/#primaryimage"},"thumbnailUrl":"https:\/\/amisns.edu.pl\/stara-wersja\/wp-content\/uploads\/AMiSNS-z-dofinansowaniem-na-opracowanie-i-realizacje-autorskiego-programu-studiow-podyplomowych-z-zakresu-nauk-biomedycznych.jpg","datePublished":"2023-10-09T09:53:39+00:00","dateModified":"2023-10-09T09:56:51+00:00","breadcrumb":{"@id":"https:\/\/amisns.edu.pl\/stara-wersja\/amisns-z-dofinansowaniem-na-realizacje-autorskiego-programu-studiow-podyplomowych\/#breadcrumb"},"inLanguage":"pl-PL","potentialAction":[{"@type":"ReadAction","target":["https:\/\/amisns.edu.pl\/stara-wersja\/amisns-z-dofinansowaniem-na-realizacje-autorskiego-programu-studiow-podyplomowych\/"]}]},{"@type":"ImageObject","inLanguage":"pl-PL","@id":"https:\/\/amisns.edu.pl\/stara-wersja\/amisns-z-dofinansowaniem-na-realizacje-autorskiego-programu-studiow-podyplomowych\/#primaryimage","url":"https:\/\/amisns.edu.pl\/stara-wersja\/wp-content\/uploads\/AMiSNS-z-dofinansowaniem-na-opracowanie-i-realizacje-autorskiego-programu-studiow-podyplomowych-z-zakresu-nauk-biomedycznych.jpg","contentUrl":"https:\/\/amisns.edu.pl\/stara-wersja\/wp-content\/uploads\/AMiSNS-z-dofinansowaniem-na-opracowanie-i-realizacje-autorskiego-programu-studiow-podyplomowych-z-zakresu-nauk-biomedycznych.jpg","width":940,"height":788},{"@type":"BreadcrumbList","@id":"https:\/\/amisns.edu.pl\/stara-wersja\/amisns-z-dofinansowaniem-na-realizacje-autorskiego-programu-studiow-podyplomowych\/#breadcrumb","itemListElement":[{"@type":"ListItem","position":1,"name":"Strona g\u0142\u00f3wna","item":"https:\/\/amisns.edu.pl\/stara-wersja\/"},{"@type":"ListItem","position":2,"name":"AMiSNS z dofinansowaniem na realizacj\u0119 autorskiego programu studi\u00f3w podyplomowych"}]},{"@type":"WebSite","@id":"https:\/\/amisns.edu.pl\/stara-wersja\/stara-wersja\/#website","url":"https:\/\/amisns.edu.pl\/stara-wersja\/stara-wersja\/","name":"AMISNS","description":"Akademia Medycznych i Spo\u0142ecznych nauk stosowanych","publisher":{"@id":"https:\/\/amisns.edu.pl\/stara-wersja\/stara-wersja\/#organization"},"potentialAction":[{"@type":"SearchAction","target":{"@type":"EntryPoint","urlTemplate":"https:\/\/amisns.edu.pl\/stara-wersja\/stara-wersja\/?s={search_term_string}"},"query-input":{"@type":"PropertyValueSpecification","valueRequired":true,"valueName":"search_term_string"}}],"inLanguage":"pl-PL"},{"@type":"Organization","@id":"https:\/\/amisns.edu.pl\/stara-wersja\/stara-wersja\/#organization","name":"AMISNS","url":"https:\/\/amisns.edu.pl\/stara-wersja\/stara-wersja\/","logo":{"@type":"ImageObject","inLanguage":"pl-PL","@id":"https:\/\/amisns.edu.pl\/stara-wersja\/stara-wersja\/#\/schema\/logo\/image\/","url":"https:\/\/amisns.edu.pl\/stara-wersja\/wp-content\/uploads\/2022\/12\/Znak-AMiSNS-na-strone-www-4k.png","contentUrl":"https:\/\/amisns.edu.pl\/stara-wersja\/wp-content\/uploads\/2022\/12\/Znak-AMiSNS-na-strone-www-4k.png","width":1920,"height":523,"caption":"AMISNS"},"image":{"@id":"https:\/\/amisns.edu.pl\/stara-wersja\/stara-wersja\/#\/schema\/logo\/image\/"},"sameAs":["https:\/\/www.facebook.com\/AMiSNSElblag"]},{"@type":"Person","@id":"https:\/\/amisns.edu.pl\/stara-wersja\/stara-wersja\/#\/schema\/person\/4868ddcf0f0d3f8b0c675e45540fd350","name":"Biuro promocji","image":{"@type":"ImageObject","inLanguage":"pl-PL","@id":"https:\/\/amisns.edu.pl\/stara-wersja\/stara-wersja\/#\/schema\/person\/image\/","url":"https:\/\/secure.gravatar.com\/avatar\/ba1c61f2c67d3536a6e469d64619f0d0?s=96&d=mm&r=g","contentUrl":"https:\/\/secure.gravatar.com\/avatar\/ba1c61f2c67d3536a6e469d64619f0d0?s=96&d=mm&r=g","caption":"Biuro promocji"},"url":"https:\/\/amisns.edu.pl\/stara-wersja\/author\/biuro-promocji\/"}]}},"_links":{"self":[{"href":"https:\/\/amisns.edu.pl\/stara-wersja\/wp-json\/wp\/v2\/posts\/12929"}],"collection":[{"href":"https:\/\/amisns.edu.pl\/stara-wersja\/wp-json\/wp\/v2\/posts"}],"about":[{"href":"https:\/\/amisns.edu.pl\/stara-wersja\/wp-json\/wp\/v2\/types\/post"}],"author":[{"embeddable":true,"href":"https:\/\/amisns.edu.pl\/stara-wersja\/wp-json\/wp\/v2\/users\/2"}],"replies":[{"embeddable":true,"href":"https:\/\/amisns.edu.pl\/stara-wersja\/wp-json\/wp\/v2\/comments?post=12929"}],"version-history":[{"count":4,"href":"https:\/\/amisns.edu.pl\/stara-wersja\/wp-json\/wp\/v2\/posts\/12929\/revisions"}],"predecessor-version":[{"id":12933,"href":"https:\/\/amisns.edu.pl\/stara-wersja\/wp-json\/wp\/v2\/posts\/12929\/revisions\/12933"}],"wp:featuredmedia":[{"embeddable":true,"href":"https:\/\/amisns.edu.pl\/stara-wersja\/wp-json\/wp\/v2\/media\/12928"}],"wp:attachment":[{"href":"https:\/\/amisns.edu.pl\/stara-wersja\/wp-json\/wp\/v2\/media?parent=12929"}],"wp:term":[{"taxonomy":"category","embeddable":true,"href":"https:\/\/amisns.edu.pl\/stara-wersja\/wp-json\/wp\/v2\/categories?post=12929"},{"taxonomy":"post_tag","embeddable":true,"href":"https:\/\/amisns.edu.pl\/stara-wersja\/wp-json\/wp\/v2\/tags?post=12929"}],"curies":[{"name":"wp","href":"https:\/\/api.w.org\/{rel}","templated":true}]}}