{"id":13161,"date":"2023-10-13T12:13:59","date_gmt":"2023-10-13T11:13:59","guid":{"rendered":"https:\/\/amisns.edu.pl\/?p=13161"},"modified":"2023-10-13T12:20:02","modified_gmt":"2023-10-13T11:20:02","slug":"wizyta-studyjna-studentow-kierunku-administracja-w-puw-k-w-pasleku","status":"publish","type":"post","link":"https:\/\/amisns.edu.pl\/stara-wersja\/wizyta-studyjna-studentow-kierunku-administracja-w-puw-k-w-pasleku\/","title":{"rendered":"Wizyta studyjna student\u00f3w kierunku Administracja w PUW-K w Pas\u0142\u0119ku"},"content":{"rendered":"\t\t<div data-elementor-type=\"wp-post\" data-elementor-id=\"13161\" class=\"elementor elementor-13161\" data-elementor-post-type=\"post\">\n\t\t\t\t\t\t<section class=\"elementor-section elementor-top-section elementor-element elementor-element-a07bc0e elementor-section-boxed elementor-section-height-default elementor-section-height-default\" data-id=\"a07bc0e\" data-element_type=\"section\">\n\t\t\t\t\t\t<div class=\"elementor-container elementor-column-gap-default\">\n\t\t\t\t\t<div class=\"elementor-column elementor-col-100 elementor-top-column elementor-element elementor-element-d66d7b1\" data-id=\"d66d7b1\" data-element_type=\"column\">\n\t\t\t<div class=\"elementor-widget-wrap elementor-element-populated\">\n\t\t\t\t\t\t<div class=\"elementor-element elementor-element-6c4ea7e elementor-widget elementor-widget-theme-post-featured-image elementor-widget-image\" data-id=\"6c4ea7e\" data-element_type=\"widget\" data-widget_type=\"theme-post-featured-image.default\">\n\t\t\t\t<div class=\"elementor-widget-container\">\n\t\t\t\t\t\t\t\t\t\t\t\t\t<img fetchpriority=\"high\" decoding=\"async\" width=\"768\" height=\"432\" src=\"https:\/\/amisns.edu.pl\/stara-wersja\/wp-content\/uploads\/IMG_20231008_091953-768x432.jpg\" class=\"attachment-medium_large size-medium_large wp-image-13169\" alt=\"\" srcset=\"https:\/\/amisns.edu.pl\/stara-wersja\/wp-content\/uploads\/IMG_20231008_091953-768x432.jpg 768w, https:\/\/amisns.edu.pl\/stara-wersja\/wp-content\/uploads\/IMG_20231008_091953-1500x844.jpg 1500w, https:\/\/amisns.edu.pl\/stara-wersja\/wp-content\/uploads\/IMG_20231008_091953-1000x563.jpg 1000w, https:\/\/amisns.edu.pl\/stara-wersja\/wp-content\/uploads\/IMG_20231008_091953-1536x864.jpg 1536w, https:\/\/amisns.edu.pl\/stara-wersja\/wp-content\/uploads\/IMG_20231008_091953-800x450.jpg 800w, https:\/\/amisns.edu.pl\/stara-wersja\/wp-content\/uploads\/IMG_20231008_091953.jpg 1920w\" sizes=\"(max-width: 768px) 100vw, 768px\" \/>\t\t\t\t\t\t\t\t\t\t\t\t\t<\/div>\n\t\t\t\t<\/div>\n\t\t\t\t\t<\/div>\n\t\t<\/div>\n\t\t\t\t\t<\/div>\n\t\t<\/section>\n\t\t\t\t<section class=\"elementor-section elementor-top-section elementor-element elementor-element-865cdf7 elementor-section-boxed elementor-section-height-default elementor-section-height-default\" data-id=\"865cdf7\" data-element_type=\"section\">\n\t\t\t\t\t\t<div class=\"elementor-container elementor-column-gap-default\">\n\t\t\t\t\t<div class=\"elementor-column elementor-col-100 elementor-top-column elementor-element elementor-element-514e1df\" data-id=\"514e1df\" data-element_type=\"column\">\n\t\t\t<div class=\"elementor-widget-wrap elementor-element-populated\">\n\t\t\t\t\t\t<div class=\"elementor-element elementor-element-dd43457 elementor-widget elementor-widget-theme-post-title elementor-page-title elementor-widget-heading\" data-id=\"dd43457\" data-element_type=\"widget\" data-widget_type=\"theme-post-title.default\">\n\t\t\t\t<div class=\"elementor-widget-container\">\n\t\t\t<h1 class=\"elementor-heading-title elementor-size-large\">Wizyta studyjna student\u00f3w kierunku Administracja w PUW-K w Pas\u0142\u0119ku<\/h1>\t\t<\/div>\n\t\t\t\t<\/div>\n\t\t\t\t\t<\/div>\n\t\t<\/div>\n\t\t\t\t\t<\/div>\n\t\t<\/section>\n\t\t\t\t<section class=\"elementor-section elementor-top-section elementor-element elementor-element-1e54719 elementor-section-boxed elementor-section-height-default elementor-section-height-default\" data-id=\"1e54719\" data-element_type=\"section\">\n\t\t\t\t\t\t<div class=\"elementor-container elementor-column-gap-default\">\n\t\t\t\t\t<div class=\"elementor-column elementor-col-100 elementor-top-column elementor-element elementor-element-acfdaff\" data-id=\"acfdaff\" data-element_type=\"column\">\n\t\t\t<div class=\"elementor-widget-wrap elementor-element-populated\">\n\t\t\t\t\t\t<div class=\"elementor-element elementor-element-f93f5f9 elementor-widget elementor-widget-post-info\" data-id=\"f93f5f9\" data-element_type=\"widget\" data-widget_type=\"post-info.default\">\n\t\t\t\t<div class=\"elementor-widget-container\">\n\t\t\t\t\t<ul class=\"elementor-inline-items elementor-icon-list-items elementor-post-info\">\n\t\t\t\t\t\t\t\t<li class=\"elementor-icon-list-item elementor-repeater-item-e96c65c elementor-inline-item\" itemprop=\"datePublished\">\n\t\t\t\t\t\t<a href=\"https:\/\/amisns.edu.pl\/stara-wersja\/2023\/10\/13\/\">\n\t\t\t\t\t\t\t\t\t\t\t<span class=\"elementor-icon-list-icon\">\n\t\t\t\t\t\t\t\t<i aria-hidden=\"true\" class=\"fas fa-calendar\"><\/i>\t\t\t\t\t\t\t<\/span>\n\t\t\t\t\t\t\t\t\t<span class=\"elementor-icon-list-text elementor-post-info__item elementor-post-info__item--type-date\">\n\t\t\t\t\t\t\t\t\t\t<time>13 pa\u017adziernika, 2023<\/time>\t\t\t\t\t<\/span>\n\t\t\t\t\t\t\t\t\t<\/a>\n\t\t\t\t<\/li>\n\t\t\t\t<\/ul>\n\t\t\t\t<\/div>\n\t\t\t\t<\/div>\n\t\t\t\t\t<\/div>\n\t\t<\/div>\n\t\t\t\t\t<\/div>\n\t\t<\/section>\n\t\t\t\t<section class=\"elementor-section elementor-top-section elementor-element elementor-element-cecba2f elementor-section-boxed elementor-section-height-default elementor-section-height-default\" data-id=\"cecba2f\" data-element_type=\"section\">\n\t\t\t\t\t\t<div class=\"elementor-container elementor-column-gap-default\">\n\t\t\t\t\t<div class=\"elementor-column elementor-col-100 elementor-top-column elementor-element elementor-element-b7b50c9\" data-id=\"b7b50c9\" data-element_type=\"column\">\n\t\t\t<div class=\"elementor-widget-wrap elementor-element-populated\">\n\t\t\t\t\t\t<div class=\"elementor-element elementor-element-698228a elementor-widget elementor-widget-text-editor\" data-id=\"698228a\" data-element_type=\"widget\" data-widget_type=\"text-editor.default\">\n\t\t\t\t<div class=\"elementor-widget-container\">\n\t\t\t\t\t\t\t<p>W dniach 7-8 pa\u017adziernika 2023 r. studenci kierunku Administracja w ramach przedmiotu \u201eOchrona \u015brodowiska w procesach inwestycyjnych i gospodarczych\u201d odwiedzili Przedsi\u0119biorstwo Us\u0142ug Wodno-Kanalizacyjnych w Pas\u0142\u0119ku &#8211; jednostka operatorska, zajmuj\u0105ce si\u0119 przede wszystkim zaopatrzeniem w wod\u0119 i zbiorowym odprowadzaniem \u015bciek\u00f3w na terenie Miasta i Gminy Pas\u0142\u0119k.<\/p><p>Pani mgr in\u017c. Ewa Grabowska \u2013 kierowniczka laboratorium PUW-K &#8211; w trakcie oprowadzania po ca\u0142ej infrastrukturze oczyszczalni \u015bciek\u00f3w, zaprezentowa\u0142a r\u00f3\u017cne metody oczyszczania wody docieraj\u0105cej z kanalizacji i szamb do oczyszczalni \u015bciek\u00f3w. Studenci mogli zobaczy\u0107 ka\u017cdy z etap\u00f3w oczyszczania \u015bciek\u00f3w, m.in. jak dzia\u0142aj\u0105 komory oczyszczenia, jak wytr\u0105ca si\u0119 osad czy w jaki spos\u00f3b biologicznie i chemicznie usuwa si\u0119 np. azot z wody. Studenci, we wcze\u015bniej przygotowanym naczyniach, mogli por\u00f3wna\u0107 jak wygl\u0105da woda docieraj\u0105ca do i wyp\u0142ywaj\u0105ca z oczyszczalni. Niezaprzeczalnie, du\u017ce wra\u017cenie wywar\u0142a prezentacja pomp o b. wysokiej mocy, kt\u00f3re odpowiadaj\u0105 za w\u0142a\u015bciwe przep\u0142yw \u015bciek\u00f3w przez komory oczyszczaj\u0105ce.<\/p><p>Poza tym, opisano studentom dzia\u0142anie dyspozytorni oraz procedury w przypadku awarii sieci wodno-kanalizacyjnej. Przedstawiono tak\u017ce zasady funkcjonowania laboratorium PUW-K, odpowiedzialne m.in. za kontrol\u0119 jako\u015bci wody dostarczanej do sieci oraz kontrole jako\u015bci odprowadzanych \u015bciek\u00f3w. Studenci mieli tak\u017ce mo\u017cliwo\u015b\u0107 obserwacji pod mikroskopem pierwotniak\u00f3w, bakterii itp. wyst\u0119puj\u0105cych w wodzie.<\/p><p>Dzi\u0119ki wizycie studyjnej mogli w praktyce dowiedzie\u0107 si\u0119 jak wygl\u0105da realizacja zada\u0144 w\u0142asnych gminy w zaspokajaniu zbiorowych potrzeb wsp\u00f3lnoty, kt\u00f3re obejmuj\u0105 sprawy wodoci\u0105g\u00f3w i zaopatrzenia w wod\u0119, kanalizacji, usuwania i oczyszczania \u015bciek\u00f3w komunalnych. Ponadto, wyt\u0142umaczono jak\u0105 rol\u0119 w tym zadaniu spe\u0142niaj\u0105 Pa\u0144stwowe Gospodarstwo Wodne Wody Polskie, Pa\u0144stwowa Inspekcja Sanitarna czy Inspektorat Ochrony \u015arodowiska.<\/p>\t\t\t\t\t\t<\/div>\n\t\t\t\t<\/div>\n\t\t\t\t\t<\/div>\n\t\t<\/div>\n\t\t\t\t\t<\/div>\n\t\t<\/section>\n\t\t\t\t<section class=\"elementor-section elementor-top-section elementor-element elementor-element-69a1205 elementor-section-boxed elementor-section-height-default elementor-section-height-default\" data-id=\"69a1205\" data-element_type=\"section\">\n\t\t\t\t\t\t<div class=\"elementor-container elementor-column-gap-default\">\n\t\t\t\t\t<div class=\"elementor-column elementor-col-100 elementor-top-column elementor-element elementor-element-1c0b3bb\" data-id=\"1c0b3bb\" data-element_type=\"column\">\n\t\t\t<div class=\"elementor-widget-wrap elementor-element-populated\">\n\t\t\t\t\t\t<div class=\"elementor-element elementor-element-837054f elementor-widget elementor-widget-gallery\" data-id=\"837054f\" data-element_type=\"widget\" data-settings=\"{&quot;lazyload&quot;:&quot;yes&quot;,&quot;gallery_layout&quot;:&quot;grid&quot;,&quot;columns&quot;:4,&quot;columns_tablet&quot;:2,&quot;columns_mobile&quot;:1,&quot;gap&quot;:{&quot;unit&quot;:&quot;px&quot;,&quot;size&quot;:10,&quot;sizes&quot;:[]},&quot;gap_tablet&quot;:{&quot;unit&quot;:&quot;px&quot;,&quot;size&quot;:10,&quot;sizes&quot;:[]},&quot;gap_mobile&quot;:{&quot;unit&quot;:&quot;px&quot;,&quot;size&quot;:10,&quot;sizes&quot;:[]},&quot;link_to&quot;:&quot;file&quot;,&quot;aspect_ratio&quot;:&quot;3:2&quot;,&quot;overlay_background&quot;:&quot;yes&quot;,&quot;content_hover_animation&quot;:&quot;fade-in&quot;}\" data-widget_type=\"gallery.default\">\n\t\t\t\t<div class=\"elementor-widget-container\">\n\t\t\t\t\t<div class=\"elementor-gallery__container\">\n\t\t\t\t\t\t\t<a class=\"e-gallery-item elementor-gallery-item elementor-animated-content\" href=\"https:\/\/amisns.edu.pl\/stara-wersja\/wp-content\/uploads\/IMG_20231007_140219.jpg\" data-elementor-open-lightbox=\"yes\" data-elementor-lightbox-slideshow=\"837054f\" data-elementor-lightbox-title=\"IMG_20231007_140219\" data-e-action-hash=\"#elementor-action%3Aaction%3Dlightbox%26settings%3DeyJpZCI6MTMxNzgsInVybCI6Imh0dHBzOlwvXC9hbWlzbnMuZWR1LnBsXC9zdGFyYS13ZXJzamFcL3dwLWNvbnRlbnRcL3VwbG9hZHNcL0lNR18yMDIzMTAwN18xNDAyMTkuanBnIiwic2xpZGVzaG93IjoiODM3MDU0ZiJ9\">\n\t\t\t\t\t<div class=\"e-gallery-image elementor-gallery-item__image\" data-thumbnail=\"https:\/\/amisns.edu.pl\/stara-wersja\/wp-content\/uploads\/IMG_20231007_140219-1500x844.jpg\" data-width=\"1500\" data-height=\"844\" aria-label=\"\" role=\"img\" ><\/div>\n\t\t\t\t\t\t\t\t\t\t\t<div class=\"elementor-gallery-item__overlay\"><\/div>\n\t\t\t\t\t\t\t\t\t\t\t\t\t\t<\/a>\n\t\t\t\t\t\t\t<a class=\"e-gallery-item elementor-gallery-item elementor-animated-content\" href=\"https:\/\/amisns.edu.pl\/stara-wersja\/wp-content\/uploads\/IMG_20231007_140217.jpg\" data-elementor-open-lightbox=\"yes\" data-elementor-lightbox-slideshow=\"837054f\" data-elementor-lightbox-title=\"IMG_20231007_140217\" data-e-action-hash=\"#elementor-action%3Aaction%3Dlightbox%26settings%3DeyJpZCI6MTMxNzcsInVybCI6Imh0dHBzOlwvXC9hbWlzbnMuZWR1LnBsXC9zdGFyYS13ZXJzamFcL3dwLWNvbnRlbnRcL3VwbG9hZHNcL0lNR18yMDIzMTAwN18xNDAyMTcuanBnIiwic2xpZGVzaG93IjoiODM3MDU0ZiJ9\">\n\t\t\t\t\t<div class=\"e-gallery-image elementor-gallery-item__image\" data-thumbnail=\"https:\/\/amisns.edu.pl\/stara-wersja\/wp-content\/uploads\/IMG_20231007_140217-1500x844.jpg\" data-width=\"1500\" data-height=\"844\" aria-label=\"\" role=\"img\" ><\/div>\n\t\t\t\t\t\t\t\t\t\t\t<div class=\"elementor-gallery-item__overlay\"><\/div>\n\t\t\t\t\t\t\t\t\t\t\t\t\t\t<\/a>\n\t\t\t\t\t\t\t<a class=\"e-gallery-item elementor-gallery-item elementor-animated-content\" href=\"https:\/\/amisns.edu.pl\/stara-wersja\/wp-content\/uploads\/IMG_20231007_140135.jpg\" data-elementor-open-lightbox=\"yes\" data-elementor-lightbox-slideshow=\"837054f\" data-elementor-lightbox-title=\"IMG_20231007_140135\" data-e-action-hash=\"#elementor-action%3Aaction%3Dlightbox%26settings%3DeyJpZCI6MTMxNzYsInVybCI6Imh0dHBzOlwvXC9hbWlzbnMuZWR1LnBsXC9zdGFyYS13ZXJzamFcL3dwLWNvbnRlbnRcL3VwbG9hZHNcL0lNR18yMDIzMTAwN18xNDAxMzUuanBnIiwic2xpZGVzaG93IjoiODM3MDU0ZiJ9\">\n\t\t\t\t\t<div class=\"e-gallery-image elementor-gallery-item__image\" data-thumbnail=\"https:\/\/amisns.edu.pl\/stara-wersja\/wp-content\/uploads\/IMG_20231007_140135-1500x844.jpg\" data-width=\"1500\" data-height=\"844\" aria-label=\"\" role=\"img\" ><\/div>\n\t\t\t\t\t\t\t\t\t\t\t<div class=\"elementor-gallery-item__overlay\"><\/div>\n\t\t\t\t\t\t\t\t\t\t\t\t\t\t<\/a>\n\t\t\t\t\t\t\t<a class=\"e-gallery-item elementor-gallery-item elementor-animated-content\" href=\"https:\/\/amisns.edu.pl\/stara-wersja\/wp-content\/uploads\/IMG_20231007_140118.jpg\" data-elementor-open-lightbox=\"yes\" data-elementor-lightbox-slideshow=\"837054f\" data-elementor-lightbox-title=\"IMG_20231007_140118\" data-e-action-hash=\"#elementor-action%3Aaction%3Dlightbox%26settings%3DeyJpZCI6MTMxNzUsInVybCI6Imh0dHBzOlwvXC9hbWlzbnMuZWR1LnBsXC9zdGFyYS13ZXJzamFcL3dwLWNvbnRlbnRcL3VwbG9hZHNcL0lNR18yMDIzMTAwN18xNDAxMTguanBnIiwic2xpZGVzaG93IjoiODM3MDU0ZiJ9\">\n\t\t\t\t\t<div class=\"e-gallery-image elementor-gallery-item__image\" data-thumbnail=\"https:\/\/amisns.edu.pl\/stara-wersja\/wp-content\/uploads\/IMG_20231007_140118-1500x844.jpg\" data-width=\"1500\" data-height=\"844\" aria-label=\"\" role=\"img\" ><\/div>\n\t\t\t\t\t\t\t\t\t\t\t<div class=\"elementor-gallery-item__overlay\"><\/div>\n\t\t\t\t\t\t\t\t\t\t\t\t\t\t<\/a>\n\t\t\t\t\t\t\t<a class=\"e-gallery-item elementor-gallery-item elementor-animated-content\" href=\"https:\/\/amisns.edu.pl\/stara-wersja\/wp-content\/uploads\/IMG_20231007_135543.jpg\" data-elementor-open-lightbox=\"yes\" data-elementor-lightbox-slideshow=\"837054f\" data-elementor-lightbox-title=\"IMG_20231007_135543\" data-e-action-hash=\"#elementor-action%3Aaction%3Dlightbox%26settings%3DeyJpZCI6MTMxNzQsInVybCI6Imh0dHBzOlwvXC9hbWlzbnMuZWR1LnBsXC9zdGFyYS13ZXJzamFcL3dwLWNvbnRlbnRcL3VwbG9hZHNcL0lNR18yMDIzMTAwN18xMzU1NDMuanBnIiwic2xpZGVzaG93IjoiODM3MDU0ZiJ9\">\n\t\t\t\t\t<div class=\"e-gallery-image elementor-gallery-item__image\" data-thumbnail=\"https:\/\/amisns.edu.pl\/stara-wersja\/wp-content\/uploads\/IMG_20231007_135543-1500x844.jpg\" data-width=\"1500\" data-height=\"844\" aria-label=\"\" role=\"img\" ><\/div>\n\t\t\t\t\t\t\t\t\t\t\t<div class=\"elementor-gallery-item__overlay\"><\/div>\n\t\t\t\t\t\t\t\t\t\t\t\t\t\t<\/a>\n\t\t\t\t\t\t\t<a class=\"e-gallery-item elementor-gallery-item elementor-animated-content\" href=\"https:\/\/amisns.edu.pl\/stara-wersja\/wp-content\/uploads\/IMG_20231007_134543.jpg\" data-elementor-open-lightbox=\"yes\" data-elementor-lightbox-slideshow=\"837054f\" data-elementor-lightbox-title=\"IMG_20231007_134543\" data-e-action-hash=\"#elementor-action%3Aaction%3Dlightbox%26settings%3DeyJpZCI6MTMxNzMsInVybCI6Imh0dHBzOlwvXC9hbWlzbnMuZWR1LnBsXC9zdGFyYS13ZXJzamFcL3dwLWNvbnRlbnRcL3VwbG9hZHNcL0lNR18yMDIzMTAwN18xMzQ1NDMuanBnIiwic2xpZGVzaG93IjoiODM3MDU0ZiJ9\">\n\t\t\t\t\t<div class=\"e-gallery-image elementor-gallery-item__image\" data-thumbnail=\"https:\/\/amisns.edu.pl\/stara-wersja\/wp-content\/uploads\/IMG_20231007_134543-1500x844.jpg\" data-width=\"1500\" data-height=\"844\" aria-label=\"\" role=\"img\" ><\/div>\n\t\t\t\t\t\t\t\t\t\t\t<div class=\"elementor-gallery-item__overlay\"><\/div>\n\t\t\t\t\t\t\t\t\t\t\t\t\t\t<\/a>\n\t\t\t\t\t\t\t<a class=\"e-gallery-item elementor-gallery-item elementor-animated-content\" href=\"https:\/\/amisns.edu.pl\/stara-wersja\/wp-content\/uploads\/IMG_20231008_101808.jpg\" data-elementor-open-lightbox=\"yes\" data-elementor-lightbox-slideshow=\"837054f\" data-elementor-lightbox-title=\"IMG_20231008_101808\" data-e-action-hash=\"#elementor-action%3Aaction%3Dlightbox%26settings%3DeyJpZCI6MTMxNzIsInVybCI6Imh0dHBzOlwvXC9hbWlzbnMuZWR1LnBsXC9zdGFyYS13ZXJzamFcL3dwLWNvbnRlbnRcL3VwbG9hZHNcL0lNR18yMDIzMTAwOF8xMDE4MDguanBnIiwic2xpZGVzaG93IjoiODM3MDU0ZiJ9\">\n\t\t\t\t\t<div class=\"e-gallery-image elementor-gallery-item__image\" data-thumbnail=\"https:\/\/amisns.edu.pl\/stara-wersja\/wp-content\/uploads\/IMG_20231008_101808-1500x844.jpg\" data-width=\"1500\" data-height=\"844\" aria-label=\"\" role=\"img\" ><\/div>\n\t\t\t\t\t\t\t\t\t\t\t<div class=\"elementor-gallery-item__overlay\"><\/div>\n\t\t\t\t\t\t\t\t\t\t\t\t\t\t<\/a>\n\t\t\t\t\t\t\t<a class=\"e-gallery-item elementor-gallery-item elementor-animated-content\" href=\"https:\/\/amisns.edu.pl\/stara-wersja\/wp-content\/uploads\/IMG_20231008_094821.jpg\" data-elementor-open-lightbox=\"yes\" data-elementor-lightbox-slideshow=\"837054f\" data-elementor-lightbox-title=\"IMG_20231008_094821\" data-e-action-hash=\"#elementor-action%3Aaction%3Dlightbox%26settings%3DeyJpZCI6MTMxNzEsInVybCI6Imh0dHBzOlwvXC9hbWlzbnMuZWR1LnBsXC9zdGFyYS13ZXJzamFcL3dwLWNvbnRlbnRcL3VwbG9hZHNcL0lNR18yMDIzMTAwOF8wOTQ4MjEuanBnIiwic2xpZGVzaG93IjoiODM3MDU0ZiJ9\">\n\t\t\t\t\t<div class=\"e-gallery-image elementor-gallery-item__image\" data-thumbnail=\"https:\/\/amisns.edu.pl\/stara-wersja\/wp-content\/uploads\/IMG_20231008_094821-1500x844.jpg\" data-width=\"1500\" data-height=\"844\" aria-label=\"\" role=\"img\" ><\/div>\n\t\t\t\t\t\t\t\t\t\t\t<div class=\"elementor-gallery-item__overlay\"><\/div>\n\t\t\t\t\t\t\t\t\t\t\t\t\t\t<\/a>\n\t\t\t\t\t\t\t<a class=\"e-gallery-item elementor-gallery-item elementor-animated-content\" href=\"https:\/\/amisns.edu.pl\/stara-wersja\/wp-content\/uploads\/IMG_20231008_093336.jpg\" data-elementor-open-lightbox=\"yes\" data-elementor-lightbox-slideshow=\"837054f\" data-elementor-lightbox-title=\"IMG_20231008_093336\" data-e-action-hash=\"#elementor-action%3Aaction%3Dlightbox%26settings%3DeyJpZCI6MTMxNzAsInVybCI6Imh0dHBzOlwvXC9hbWlzbnMuZWR1LnBsXC9zdGFyYS13ZXJzamFcL3dwLWNvbnRlbnRcL3VwbG9hZHNcL0lNR18yMDIzMTAwOF8wOTMzMzYuanBnIiwic2xpZGVzaG93IjoiODM3MDU0ZiJ9\">\n\t\t\t\t\t<div class=\"e-gallery-image elementor-gallery-item__image\" data-thumbnail=\"https:\/\/amisns.edu.pl\/stara-wersja\/wp-content\/uploads\/IMG_20231008_093336-1500x844.jpg\" data-width=\"1500\" data-height=\"844\" aria-label=\"\" role=\"img\" ><\/div>\n\t\t\t\t\t\t\t\t\t\t\t<div class=\"elementor-gallery-item__overlay\"><\/div>\n\t\t\t\t\t\t\t\t\t\t\t\t\t\t<\/a>\n\t\t\t\t\t\t\t<a class=\"e-gallery-item elementor-gallery-item elementor-animated-content\" href=\"https:\/\/amisns.edu.pl\/stara-wersja\/wp-content\/uploads\/IMG_20231008_091428.jpg\" data-elementor-open-lightbox=\"yes\" data-elementor-lightbox-slideshow=\"837054f\" data-elementor-lightbox-title=\"IMG_20231008_091428\" data-e-action-hash=\"#elementor-action%3Aaction%3Dlightbox%26settings%3DeyJpZCI6MTMxNjgsInVybCI6Imh0dHBzOlwvXC9hbWlzbnMuZWR1LnBsXC9zdGFyYS13ZXJzamFcL3dwLWNvbnRlbnRcL3VwbG9hZHNcL0lNR18yMDIzMTAwOF8wOTE0MjguanBnIiwic2xpZGVzaG93IjoiODM3MDU0ZiJ9\">\n\t\t\t\t\t<div class=\"e-gallery-image elementor-gallery-item__image\" data-thumbnail=\"https:\/\/amisns.edu.pl\/stara-wersja\/wp-content\/uploads\/IMG_20231008_091428-1500x844.jpg\" data-width=\"1500\" data-height=\"844\" aria-label=\"\" role=\"img\" ><\/div>\n\t\t\t\t\t\t\t\t\t\t\t<div class=\"elementor-gallery-item__overlay\"><\/div>\n\t\t\t\t\t\t\t\t\t\t\t\t\t\t<\/a>\n\t\t\t\t\t\t\t<a class=\"e-gallery-item elementor-gallery-item elementor-animated-content\" href=\"https:\/\/amisns.edu.pl\/stara-wersja\/wp-content\/uploads\/IMG_20231008_091404.jpg\" data-elementor-open-lightbox=\"yes\" data-elementor-lightbox-slideshow=\"837054f\" data-elementor-lightbox-title=\"IMG_20231008_091404\" data-e-action-hash=\"#elementor-action%3Aaction%3Dlightbox%26settings%3DeyJpZCI6MTMxNjcsInVybCI6Imh0dHBzOlwvXC9hbWlzbnMuZWR1LnBsXC9zdGFyYS13ZXJzamFcL3dwLWNvbnRlbnRcL3VwbG9hZHNcL0lNR18yMDIzMTAwOF8wOTE0MDQuanBnIiwic2xpZGVzaG93IjoiODM3MDU0ZiJ9\">\n\t\t\t\t\t<div class=\"e-gallery-image elementor-gallery-item__image\" data-thumbnail=\"https:\/\/amisns.edu.pl\/stara-wersja\/wp-content\/uploads\/IMG_20231008_091404-1500x844.jpg\" data-width=\"1500\" data-height=\"844\" aria-label=\"\" role=\"img\" ><\/div>\n\t\t\t\t\t\t\t\t\t\t\t<div class=\"elementor-gallery-item__overlay\"><\/div>\n\t\t\t\t\t\t\t\t\t\t\t\t\t\t<\/a>\n\t\t\t\t\t\t\t<a class=\"e-gallery-item elementor-gallery-item elementor-animated-content\" href=\"https:\/\/amisns.edu.pl\/stara-wersja\/wp-content\/uploads\/IMG_20231008_091402.jpg\" data-elementor-open-lightbox=\"yes\" data-elementor-lightbox-slideshow=\"837054f\" data-elementor-lightbox-title=\"IMG_20231008_091402\" data-e-action-hash=\"#elementor-action%3Aaction%3Dlightbox%26settings%3DeyJpZCI6MTMxNjYsInVybCI6Imh0dHBzOlwvXC9hbWlzbnMuZWR1LnBsXC9zdGFyYS13ZXJzamFcL3dwLWNvbnRlbnRcL3VwbG9hZHNcL0lNR18yMDIzMTAwOF8wOTE0MDIuanBnIiwic2xpZGVzaG93IjoiODM3MDU0ZiJ9\">\n\t\t\t\t\t<div class=\"e-gallery-image elementor-gallery-item__image\" data-thumbnail=\"https:\/\/amisns.edu.pl\/stara-wersja\/wp-content\/uploads\/IMG_20231008_091402-1500x844.jpg\" data-width=\"1500\" data-height=\"844\" aria-label=\"\" role=\"img\" ><\/div>\n\t\t\t\t\t\t\t\t\t\t\t<div class=\"elementor-gallery-item__overlay\"><\/div>\n\t\t\t\t\t\t\t\t\t\t\t\t\t\t<\/a>\n\t\t\t\t\t\t\t<a class=\"e-gallery-item elementor-gallery-item elementor-animated-content\" href=\"https:\/\/amisns.edu.pl\/stara-wersja\/wp-content\/uploads\/IMG_20231008_090842.jpg\" data-elementor-open-lightbox=\"yes\" data-elementor-lightbox-slideshow=\"837054f\" data-elementor-lightbox-title=\"IMG_20231008_090842\" data-e-action-hash=\"#elementor-action%3Aaction%3Dlightbox%26settings%3DeyJpZCI6MTMxNjUsInVybCI6Imh0dHBzOlwvXC9hbWlzbnMuZWR1LnBsXC9zdGFyYS13ZXJzamFcL3dwLWNvbnRlbnRcL3VwbG9hZHNcL0lNR18yMDIzMTAwOF8wOTA4NDIuanBnIiwic2xpZGVzaG93IjoiODM3MDU0ZiJ9\">\n\t\t\t\t\t<div class=\"e-gallery-image elementor-gallery-item__image\" data-thumbnail=\"https:\/\/amisns.edu.pl\/stara-wersja\/wp-content\/uploads\/IMG_20231008_090842-1500x844.jpg\" data-width=\"1500\" data-height=\"844\" aria-label=\"\" role=\"img\" ><\/div>\n\t\t\t\t\t\t\t\t\t\t\t<div class=\"elementor-gallery-item__overlay\"><\/div>\n\t\t\t\t\t\t\t\t\t\t\t\t\t\t<\/a>\n\t\t\t\t\t\t\t<a class=\"e-gallery-item elementor-gallery-item elementor-animated-content\" href=\"https:\/\/amisns.edu.pl\/stara-wersja\/wp-content\/uploads\/IMG_20231007_144205.jpg\" data-elementor-open-lightbox=\"yes\" data-elementor-lightbox-slideshow=\"837054f\" data-elementor-lightbox-title=\"IMG_20231007_144205\" data-e-action-hash=\"#elementor-action%3Aaction%3Dlightbox%26settings%3DeyJpZCI6MTMxNjQsInVybCI6Imh0dHBzOlwvXC9hbWlzbnMuZWR1LnBsXC9zdGFyYS13ZXJzamFcL3dwLWNvbnRlbnRcL3VwbG9hZHNcL0lNR18yMDIzMTAwN18xNDQyMDUuanBnIiwic2xpZGVzaG93IjoiODM3MDU0ZiJ9\">\n\t\t\t\t\t<div class=\"e-gallery-image elementor-gallery-item__image\" data-thumbnail=\"https:\/\/amisns.edu.pl\/stara-wersja\/wp-content\/uploads\/IMG_20231007_144205-1500x844.jpg\" data-width=\"1500\" data-height=\"844\" aria-label=\"\" role=\"img\" ><\/div>\n\t\t\t\t\t\t\t\t\t\t\t<div class=\"elementor-gallery-item__overlay\"><\/div>\n\t\t\t\t\t\t\t\t\t\t\t\t\t\t<\/a>\n\t\t\t\t\t\t\t<a class=\"e-gallery-item elementor-gallery-item elementor-animated-content\" href=\"https:\/\/amisns.edu.pl\/stara-wersja\/wp-content\/uploads\/IMG_20231007_144142.jpg\" data-elementor-open-lightbox=\"yes\" data-elementor-lightbox-slideshow=\"837054f\" data-elementor-lightbox-title=\"IMG_20231007_144142\" data-e-action-hash=\"#elementor-action%3Aaction%3Dlightbox%26settings%3DeyJpZCI6MTMxNjMsInVybCI6Imh0dHBzOlwvXC9hbWlzbnMuZWR1LnBsXC9zdGFyYS13ZXJzamFcL3dwLWNvbnRlbnRcL3VwbG9hZHNcL0lNR18yMDIzMTAwN18xNDQxNDIuanBnIiwic2xpZGVzaG93IjoiODM3MDU0ZiJ9\">\n\t\t\t\t\t<div class=\"e-gallery-image elementor-gallery-item__image\" data-thumbnail=\"https:\/\/amisns.edu.pl\/stara-wersja\/wp-content\/uploads\/IMG_20231007_144142.jpg\" data-width=\"607\" data-height=\"1080\" aria-label=\"\" role=\"img\" ><\/div>\n\t\t\t\t\t\t\t\t\t\t\t<div class=\"elementor-gallery-item__overlay\"><\/div>\n\t\t\t\t\t\t\t\t\t\t\t\t\t\t<\/a>\n\t\t\t\t\t\t\t<a class=\"e-gallery-item elementor-gallery-item elementor-animated-content\" href=\"https:\/\/amisns.edu.pl\/stara-wersja\/wp-content\/uploads\/IMG_20231007_140227.jpg\" data-elementor-open-lightbox=\"yes\" data-elementor-lightbox-slideshow=\"837054f\" data-elementor-lightbox-title=\"IMG_20231007_140227\" data-e-action-hash=\"#elementor-action%3Aaction%3Dlightbox%26settings%3DeyJpZCI6MTMxNjIsInVybCI6Imh0dHBzOlwvXC9hbWlzbnMuZWR1LnBsXC9zdGFyYS13ZXJzamFcL3dwLWNvbnRlbnRcL3VwbG9hZHNcL0lNR18yMDIzMTAwN18xNDAyMjcuanBnIiwic2xpZGVzaG93IjoiODM3MDU0ZiJ9\">\n\t\t\t\t\t<div class=\"e-gallery-image elementor-gallery-item__image\" data-thumbnail=\"https:\/\/amisns.edu.pl\/stara-wersja\/wp-content\/uploads\/IMG_20231007_140227-1500x844.jpg\" data-width=\"1500\" data-height=\"844\" aria-label=\"\" role=\"img\" ><\/div>\n\t\t\t\t\t\t\t\t\t\t\t<div class=\"elementor-gallery-item__overlay\"><\/div>\n\t\t\t\t\t\t\t\t\t\t\t\t\t\t<\/a>\n\t\t\t\t\t<\/div>\n\t\t\t<\/div>\n\t\t\t\t<\/div>\n\t\t\t\t\t<\/div>\n\t\t<\/div>\n\t\t\t\t\t<\/div>\n\t\t<\/section>\n\t\t\t\t<section class=\"elementor-section elementor-top-section elementor-element elementor-element-1c25442 elementor-section-boxed elementor-section-height-default elementor-section-height-default\" data-id=\"1c25442\" data-element_type=\"section\">\n\t\t\t\t\t\t<div class=\"elementor-container elementor-column-gap-default\">\n\t\t\t\t\t<div class=\"elementor-column elementor-col-100 elementor-top-column elementor-element elementor-element-1c3e465\" data-id=\"1c3e465\" data-element_type=\"column\">\n\t\t\t<div class=\"elementor-widget-wrap elementor-element-populated\">\n\t\t\t\t\t\t<div class=\"elementor-element elementor-element-4f2b17e elementor-widget-divider--view-line elementor-widget elementor-widget-divider\" data-id=\"4f2b17e\" data-element_type=\"widget\" data-widget_type=\"divider.default\">\n\t\t\t\t<div class=\"elementor-widget-container\">\n\t\t\t\t\t<div class=\"elementor-divider\">\n\t\t\t<span class=\"elementor-divider-separator\">\n\t\t\t\t\t\t<\/span>\n\t\t<\/div>\n\t\t\t\t<\/div>\n\t\t\t\t<\/div>\n\t\t\t\t\t<\/div>\n\t\t<\/div>\n\t\t\t\t\t<\/div>\n\t\t<\/section>\n\t\t\t\t<section class=\"elementor-section elementor-top-section elementor-element elementor-element-bed812f elementor-section-boxed elementor-section-height-default elementor-section-height-default\" data-id=\"bed812f\" data-element_type=\"section\">\n\t\t\t\t\t\t<div class=\"elementor-container elementor-column-gap-default\">\n\t\t\t\t\t<div class=\"elementor-column elementor-col-100 elementor-top-column elementor-element elementor-element-e3c5de9\" data-id=\"e3c5de9\" data-element_type=\"column\">\n\t\t\t<div class=\"elementor-widget-wrap elementor-element-populated\">\n\t\t\t\t\t\t<div class=\"elementor-element elementor-element-4dd277a elementor-widget elementor-widget-spacer\" data-id=\"4dd277a\" data-element_type=\"widget\" data-widget_type=\"spacer.default\">\n\t\t\t\t<div class=\"elementor-widget-container\">\n\t\t\t\t\t<div class=\"elementor-spacer\">\n\t\t\t<div class=\"elementor-spacer-inner\"><\/div>\n\t\t<\/div>\n\t\t\t\t<\/div>\n\t\t\t\t<\/div>\n\t\t\t\t\t<\/div>\n\t\t<\/div>\n\t\t\t\t\t<\/div>\n\t\t<\/section>\n\t\t\t\t<section class=\"elementor-section elementor-top-section elementor-element elementor-element-908cbd4 elementor-section-boxed elementor-section-height-default elementor-section-height-default\" data-id=\"908cbd4\" data-element_type=\"section\">\n\t\t\t\t\t\t<div class=\"elementor-container elementor-column-gap-default\">\n\t\t\t\t\t<div class=\"elementor-column elementor-col-100 elementor-top-column elementor-element elementor-element-462ac08\" data-id=\"462ac08\" data-element_type=\"column\">\n\t\t\t<div class=\"elementor-widget-wrap elementor-element-populated\">\n\t\t\t\t\t\t<div class=\"elementor-element elementor-element-fde3e3a elementor-grid-3 elementor-grid-tablet-2 elementor-grid-mobile-1 elementor-posts--thumbnail-top elementor-widget elementor-widget-posts\" data-id=\"fde3e3a\" data-element_type=\"widget\" data-settings=\"{&quot;classic_columns&quot;:&quot;3&quot;,&quot;classic_columns_tablet&quot;:&quot;2&quot;,&quot;classic_columns_mobile&quot;:&quot;1&quot;,&quot;classic_row_gap&quot;:{&quot;unit&quot;:&quot;px&quot;,&quot;size&quot;:35,&quot;sizes&quot;:[]},&quot;classic_row_gap_tablet&quot;:{&quot;unit&quot;:&quot;px&quot;,&quot;size&quot;:&quot;&quot;,&quot;sizes&quot;:[]},&quot;classic_row_gap_mobile&quot;:{&quot;unit&quot;:&quot;px&quot;,&quot;size&quot;:&quot;&quot;,&quot;sizes&quot;:[]}}\" data-widget_type=\"posts.classic\">\n\t\t\t\t<div class=\"elementor-widget-container\">\n\t\t\t\t\t<div class=\"elementor-posts-container elementor-posts elementor-posts--skin-classic elementor-grid\">\n\t\t\t\t<article class=\"elementor-post elementor-grid-item post-24993 post type-post status-publish format-standard has-post-thumbnail hentry category-glowne-aktualnosci category-uncategorized entry has-media\">\n\t\t\t\t<a class=\"elementor-post__thumbnail__link\" href=\"https:\/\/amisns.edu.pl\/stara-wersja\/wazna-informacja-dla-nowych-studentow\/\" tabindex=\"-1\" >\n\t\t\t<div class=\"elementor-post__thumbnail\"><img decoding=\"async\" width=\"1080\" height=\"1080\" src=\"https:\/\/amisns.edu.pl\/stara-wersja\/wp-content\/uploads\/Zolty-Ciemnoczerwony-Fioletowy-Nowoczesny-Karuzela-Post-na-Instagram-\u2013-edukacja-finansowa.png\" class=\"attachment-medium size-medium wp-image-24994\" alt=\"\" srcset=\"https:\/\/amisns.edu.pl\/stara-wersja\/wp-content\/uploads\/Zolty-Ciemnoczerwony-Fioletowy-Nowoczesny-Karuzela-Post-na-Instagram-\u2013-edukacja-finansowa.png 1080w, https:\/\/amisns.edu.pl\/stara-wersja\/wp-content\/uploads\/Zolty-Ciemnoczerwony-Fioletowy-Nowoczesny-Karuzela-Post-na-Instagram-\u2013-edukacja-finansowa-1000x1000.png 1000w, https:\/\/amisns.edu.pl\/stara-wersja\/wp-content\/uploads\/Zolty-Ciemnoczerwony-Fioletowy-Nowoczesny-Karuzela-Post-na-Instagram-\u2013-edukacja-finansowa-768x768.png 768w, https:\/\/amisns.edu.pl\/stara-wersja\/wp-content\/uploads\/Zolty-Ciemnoczerwony-Fioletowy-Nowoczesny-Karuzela-Post-na-Instagram-\u2013-edukacja-finansowa-600x600.png 600w\" sizes=\"(max-width: 1080px) 100vw, 1080px\" \/><\/div>\n\t\t<\/a>\n\t\t\t\t<div class=\"elementor-post__text\">\n\t\t\t\t<h3 class=\"elementor-post__title\">\n\t\t\t<a href=\"https:\/\/amisns.edu.pl\/stara-wersja\/wazna-informacja-dla-nowych-studentow\/\" >\n\t\t\t\tWa\u017cna informacja dla nowych student\u00f3w!\t\t\t<\/a>\n\t\t<\/h3>\n\t\t\t\t<div class=\"elementor-post__meta-data\">\n\t\t\t\t\t<span class=\"elementor-post-date\">\n\t\t\t04\/10\/2024\t\t<\/span>\n\t\t\t\t<span class=\"elementor-post-avatar\">\n\t\t\tBrak komentarzy\t\t<\/span>\n\t\t\t\t<\/div>\n\t\t\t\t<div class=\"elementor-post__excerpt\">\n\t\t\t<p>Drodzy Studenci! Je\u017celi w tym roku rozpoczynacie kszta\u0142cenie w AMiSNS, pragniemy przypomnie\u0107 o obowi\u0105zku zg\u0142oszenia si\u0119 do swojego Dziekanatu w celu podpisania \u015blubowania. Prosimy o<\/p>\n\t\t<\/div>\n\t\t\n\t\t<a class=\"elementor-post__read-more\" href=\"https:\/\/amisns.edu.pl\/stara-wersja\/wazna-informacja-dla-nowych-studentow\/\" aria-label=\"Read more about Wa\u017cna informacja dla nowych student\u00f3w!\" tabindex=\"-1\" >\n\t\t\tCzytaj wi\u0119cej \u00bb\t\t<\/a>\n\n\t\t\t\t<\/div>\n\t\t\t\t<\/article>\n\t\t\t\t<article class=\"elementor-post elementor-grid-item post-24987 post type-post status-publish format-standard has-post-thumbnail hentry category-glowne-aktualnosci category-uncategorized entry has-media\">\n\t\t\t\t<a class=\"elementor-post__thumbnail__link\" href=\"https:\/\/amisns.edu.pl\/stara-wersja\/godziny-pracy-dzialow-akademii-w-dniach-5-6-pazdziernika\/\" tabindex=\"-1\" >\n\t\t\t<div class=\"elementor-post__thumbnail\"><img decoding=\"async\" width=\"1080\" height=\"1080\" src=\"https:\/\/amisns.edu.pl\/stara-wersja\/wp-content\/uploads\/godziny-pracy-na-3-pazdizerniak.png\" class=\"attachment-medium size-medium wp-image-24982\" alt=\"\" srcset=\"https:\/\/amisns.edu.pl\/stara-wersja\/wp-content\/uploads\/godziny-pracy-na-3-pazdizerniak.png 1080w, https:\/\/amisns.edu.pl\/stara-wersja\/wp-content\/uploads\/godziny-pracy-na-3-pazdizerniak-1000x1000.png 1000w, https:\/\/amisns.edu.pl\/stara-wersja\/wp-content\/uploads\/godziny-pracy-na-3-pazdizerniak-768x768.png 768w, https:\/\/amisns.edu.pl\/stara-wersja\/wp-content\/uploads\/godziny-pracy-na-3-pazdizerniak-600x600.png 600w\" sizes=\"(max-width: 1080px) 100vw, 1080px\" \/><\/div>\n\t\t<\/a>\n\t\t\t\t<div class=\"elementor-post__text\">\n\t\t\t\t<h3 class=\"elementor-post__title\">\n\t\t\t<a href=\"https:\/\/amisns.edu.pl\/stara-wersja\/godziny-pracy-dzialow-akademii-w-dniach-5-6-pazdziernika\/\" >\n\t\t\t\tGodziny pracy dzia\u0142\u00f3w Akademii w dniach 5-6 pa\u017adziernika\t\t\t<\/a>\n\t\t<\/h3>\n\t\t\t\t<div class=\"elementor-post__meta-data\">\n\t\t\t\t\t<span class=\"elementor-post-date\">\n\t\t\t04\/10\/2024\t\t<\/span>\n\t\t\t\t<span class=\"elementor-post-avatar\">\n\t\t\tBrak komentarzy\t\t<\/span>\n\t\t\t\t<\/div>\n\t\t\t\t<div class=\"elementor-post__excerpt\">\n\t\t\t<p>Ju\u017c jutro, w sobot\u0119 o godzinie 10:00 odb\u0119dzie si\u0119 uroczysta Inauguracja Roku Akademickiego 2024\/2025. Serdecznie zapraszamy!\u00a05 i 6 pa\u017adziernika jednostki organizacyjne uczelni b\u0119d\u0105 czynne w<\/p>\n\t\t<\/div>\n\t\t\n\t\t<a class=\"elementor-post__read-more\" href=\"https:\/\/amisns.edu.pl\/stara-wersja\/godziny-pracy-dzialow-akademii-w-dniach-5-6-pazdziernika\/\" aria-label=\"Read more about Godziny pracy dzia\u0142\u00f3w Akademii w dniach 5-6 pa\u017adziernika\" tabindex=\"-1\" >\n\t\t\tCzytaj wi\u0119cej \u00bb\t\t<\/a>\n\n\t\t\t\t<\/div>\n\t\t\t\t<\/article>\n\t\t\t\t<article class=\"elementor-post elementor-grid-item post-24980 post type-post status-publish format-standard has-post-thumbnail hentry category-glowne-aktualnosci category-uncategorized entry has-media\">\n\t\t\t\t<a class=\"elementor-post__thumbnail__link\" href=\"https:\/\/amisns.edu.pl\/stara-wersja\/nieczynna-stolowka-amisns\/\" tabindex=\"-1\" >\n\t\t\t<div class=\"elementor-post__thumbnail\"><img loading=\"lazy\" decoding=\"async\" width=\"940\" height=\"788\" src=\"https:\/\/amisns.edu.pl\/stara-wersja\/wp-content\/uploads\/fgbvf.png\" class=\"attachment-medium size-medium wp-image-24981\" alt=\"\" srcset=\"https:\/\/amisns.edu.pl\/stara-wersja\/wp-content\/uploads\/fgbvf.png 940w, https:\/\/amisns.edu.pl\/stara-wersja\/wp-content\/uploads\/fgbvf-768x644.png 768w\" sizes=\"(max-width: 940px) 100vw, 940px\" \/><\/div>\n\t\t<\/a>\n\t\t\t\t<div class=\"elementor-post__text\">\n\t\t\t\t<h3 class=\"elementor-post__title\">\n\t\t\t<a href=\"https:\/\/amisns.edu.pl\/stara-wersja\/nieczynna-stolowka-amisns\/\" >\n\t\t\t\tNieczynna Sto\u0142\u00f3wka AMiSNS\t\t\t<\/a>\n\t\t<\/h3>\n\t\t\t\t<div class=\"elementor-post__meta-data\">\n\t\t\t\t\t<span class=\"elementor-post-date\">\n\t\t\t04\/10\/2024\t\t<\/span>\n\t\t\t\t<span class=\"elementor-post-avatar\">\n\t\t\tBrak komentarzy\t\t<\/span>\n\t\t\t\t<\/div>\n\t\t\t\t<div class=\"elementor-post__excerpt\">\n\t\t\t\t\t<\/div>\n\t\t\n\t\t<a class=\"elementor-post__read-more\" href=\"https:\/\/amisns.edu.pl\/stara-wersja\/nieczynna-stolowka-amisns\/\" aria-label=\"Read more about Nieczynna Sto\u0142\u00f3wka AMiSNS\" tabindex=\"-1\" >\n\t\t\tCzytaj wi\u0119cej \u00bb\t\t<\/a>\n\n\t\t\t\t<\/div>\n\t\t\t\t<\/article>\n\t\t\t\t<article class=\"elementor-post elementor-grid-item post-24966 post type-post status-publish format-standard has-post-thumbnail hentry category-glowne-aktualnosci entry has-media\">\n\t\t\t\t<a class=\"elementor-post__thumbnail__link\" href=\"https:\/\/amisns.edu.pl\/stara-wersja\/ogloszenie-listy-rankingowej-czwartej-rekrutacji-kierunek-lekarski-rok-akademicki-2024-2025\/\" tabindex=\"-1\" >\n\t\t\t<div class=\"elementor-post__thumbnail\"><img loading=\"lazy\" decoding=\"async\" width=\"940\" height=\"788\" src=\"https:\/\/amisns.edu.pl\/stara-wersja\/wp-content\/uploads\/Kierunek-lekarski-6.jpg\" class=\"attachment-medium size-medium wp-image-24965\" alt=\"\" srcset=\"https:\/\/amisns.edu.pl\/stara-wersja\/wp-content\/uploads\/Kierunek-lekarski-6.jpg 940w, https:\/\/amisns.edu.pl\/stara-wersja\/wp-content\/uploads\/Kierunek-lekarski-6-768x644.jpg 768w\" sizes=\"(max-width: 940px) 100vw, 940px\" \/><\/div>\n\t\t<\/a>\n\t\t\t\t<div class=\"elementor-post__text\">\n\t\t\t\t<h3 class=\"elementor-post__title\">\n\t\t\t<a href=\"https:\/\/amisns.edu.pl\/stara-wersja\/ogloszenie-listy-rankingowej-czwartej-rekrutacji-kierunek-lekarski-rok-akademicki-2024-2025\/\" >\n\t\t\t\tOg\u0142oszenie listy rankingowej czwartej rekrutacji \u2013 kierunek lekarski, rok akademicki 2024\/2025\t\t\t<\/a>\n\t\t<\/h3>\n\t\t\t\t<div class=\"elementor-post__meta-data\">\n\t\t\t\t\t<span class=\"elementor-post-date\">\n\t\t\t02\/10\/2024\t\t<\/span>\n\t\t\t\t<span class=\"elementor-post-avatar\">\n\t\t\tBrak komentarzy\t\t<\/span>\n\t\t\t\t<\/div>\n\t\t\t\t<div class=\"elementor-post__excerpt\">\n\t\t\t<p>Szanowni Kandydaci, poni\u017cej przedstawiamy list\u0119 os\u00f3b, kt\u00f3re zakwalifikowa\u0142y si\u0119 na kierunek lekarski w czwartej turze rekrutacji na rok akademicki 2024\/2025.\u00a0 Lista rankingowa zawiera identyfikatory, kt\u00f3re<\/p>\n\t\t<\/div>\n\t\t\n\t\t<a class=\"elementor-post__read-more\" href=\"https:\/\/amisns.edu.pl\/stara-wersja\/ogloszenie-listy-rankingowej-czwartej-rekrutacji-kierunek-lekarski-rok-akademicki-2024-2025\/\" aria-label=\"Read more about Og\u0142oszenie listy rankingowej czwartej rekrutacji \u2013 kierunek lekarski, rok akademicki 2024\/2025\" tabindex=\"-1\" >\n\t\t\tCzytaj wi\u0119cej \u00bb\t\t<\/a>\n\n\t\t\t\t<\/div>\n\t\t\t\t<\/article>\n\t\t\t\t<article class=\"elementor-post elementor-grid-item post-24954 post type-post status-publish format-standard has-post-thumbnail hentry category-glowne-aktualnosci entry has-media\">\n\t\t\t\t<a class=\"elementor-post__thumbnail__link\" href=\"https:\/\/amisns.edu.pl\/stara-wersja\/ruszyl-nabor-wnioskow-stypendialnych-na-rok-akademicki-2024-2025\/\" tabindex=\"-1\" >\n\t\t\t<div class=\"elementor-post__thumbnail\"><img loading=\"lazy\" decoding=\"async\" width=\"1080\" height=\"1080\" src=\"https:\/\/amisns.edu.pl\/stara-wersja\/wp-content\/uploads\/Stypendia-20242025-1.jpg\" class=\"attachment-medium size-medium wp-image-24959\" alt=\"\" srcset=\"https:\/\/amisns.edu.pl\/stara-wersja\/wp-content\/uploads\/Stypendia-20242025-1.jpg 1080w, https:\/\/amisns.edu.pl\/stara-wersja\/wp-content\/uploads\/Stypendia-20242025-1-1000x1000.jpg 1000w, https:\/\/amisns.edu.pl\/stara-wersja\/wp-content\/uploads\/Stypendia-20242025-1-768x768.jpg 768w, https:\/\/amisns.edu.pl\/stara-wersja\/wp-content\/uploads\/Stypendia-20242025-1-600x600.jpg 600w\" sizes=\"(max-width: 1080px) 100vw, 1080px\" \/><\/div>\n\t\t<\/a>\n\t\t\t\t<div class=\"elementor-post__text\">\n\t\t\t\t<h3 class=\"elementor-post__title\">\n\t\t\t<a href=\"https:\/\/amisns.edu.pl\/stara-wersja\/ruszyl-nabor-wnioskow-stypendialnych-na-rok-akademicki-2024-2025\/\" >\n\t\t\t\tRuszy\u0142 nab\u00f3r wniosk\u00f3w stypendialnych na rok akademicki 2024\/2025\t\t\t<\/a>\n\t\t<\/h3>\n\t\t\t\t<div class=\"elementor-post__meta-data\">\n\t\t\t\t\t<span class=\"elementor-post-date\">\n\t\t\t01\/10\/2024\t\t<\/span>\n\t\t\t\t<span class=\"elementor-post-avatar\">\n\t\t\tBrak komentarzy\t\t<\/span>\n\t\t\t\t<\/div>\n\t\t\t\t<div class=\"elementor-post__excerpt\">\n\t\t\t<p>Studenci Akademii Medycznych i Spo\u0142ecznych Nauk Stosowanych mog\u0105 ju\u017c sk\u0142ada\u0107 wnioski o stypendia. Oferujemy wsparcie finansowe w formie:\u00a0 stypendi\u00f3w socjalnych dla os\u00f3b niepe\u0142nosprawnych, rektora, ministra<\/p>\n\t\t<\/div>\n\t\t\n\t\t<a class=\"elementor-post__read-more\" href=\"https:\/\/amisns.edu.pl\/stara-wersja\/ruszyl-nabor-wnioskow-stypendialnych-na-rok-akademicki-2024-2025\/\" aria-label=\"Read more about Ruszy\u0142 nab\u00f3r wniosk\u00f3w stypendialnych na rok akademicki 2024\/2025\" tabindex=\"-1\" >\n\t\t\tCzytaj wi\u0119cej \u00bb\t\t<\/a>\n\n\t\t\t\t<\/div>\n\t\t\t\t<\/article>\n\t\t\t\t<article class=\"elementor-post elementor-grid-item post-24920 post type-post status-publish format-standard has-post-thumbnail hentry category-glowne-aktualnosci entry has-media\">\n\t\t\t\t<a class=\"elementor-post__thumbnail__link\" href=\"https:\/\/amisns.edu.pl\/stara-wersja\/przedluzona-rekrutacja-na-studia-w-akademii-medycznych-i-spolecznych-nauk-stosowanych-trwa-do-19-pazdziernika\/\" tabindex=\"-1\" >\n\t\t\t<div class=\"elementor-post__thumbnail\"><img loading=\"lazy\" decoding=\"async\" width=\"940\" height=\"788\" src=\"https:\/\/amisns.edu.pl\/stara-wersja\/wp-content\/uploads\/Bez-tytulu-Post-na-Facebooka-1.jpg\" class=\"attachment-medium size-medium wp-image-24921\" alt=\"\" srcset=\"https:\/\/amisns.edu.pl\/stara-wersja\/wp-content\/uploads\/Bez-tytulu-Post-na-Facebooka-1.jpg 940w, https:\/\/amisns.edu.pl\/stara-wersja\/wp-content\/uploads\/Bez-tytulu-Post-na-Facebooka-1-768x644.jpg 768w\" sizes=\"(max-width: 940px) 100vw, 940px\" \/><\/div>\n\t\t<\/a>\n\t\t\t\t<div class=\"elementor-post__text\">\n\t\t\t\t<h3 class=\"elementor-post__title\">\n\t\t\t<a href=\"https:\/\/amisns.edu.pl\/stara-wersja\/przedluzona-rekrutacja-na-studia-w-akademii-medycznych-i-spolecznych-nauk-stosowanych-trwa-do-19-pazdziernika\/\" >\n\t\t\t\tPrzed\u0142u\u017cona rekrutacja na studia w Akademii Medycznych i Spo\u0142ecznych Nauk Stosowanych \u2013 trwa do 19 pa\u017adziernika!\t\t\t<\/a>\n\t\t<\/h3>\n\t\t\t\t<div class=\"elementor-post__meta-data\">\n\t\t\t\t\t<span class=\"elementor-post-date\">\n\t\t\t30\/09\/2024\t\t<\/span>\n\t\t\t\t<span class=\"elementor-post-avatar\">\n\t\t\tBrak komentarzy\t\t<\/span>\n\t\t\t\t<\/div>\n\t\t\t\t<div class=\"elementor-post__excerpt\">\n\t\t\t<p>Drodzy Kandydaci!Z rado\u015bci\u0105 informujemy, \u017ce Akademia Medycznych i Spo\u0142ecznych Nauk Stosowanych przed\u0142u\u017cy\u0142a rekrutacj\u0119 na studia do 19 pa\u017adziernika. To doskona\u0142a okazja, aby do\u0142\u0105czy\u0107 do grona<\/p>\n\t\t<\/div>\n\t\t\n\t\t<a class=\"elementor-post__read-more\" href=\"https:\/\/amisns.edu.pl\/stara-wersja\/przedluzona-rekrutacja-na-studia-w-akademii-medycznych-i-spolecznych-nauk-stosowanych-trwa-do-19-pazdziernika\/\" aria-label=\"Read more about Przed\u0142u\u017cona rekrutacja na studia w Akademii Medycznych i Spo\u0142ecznych Nauk Stosowanych \u2013 trwa do 19 pa\u017adziernika!\" tabindex=\"-1\" >\n\t\t\tCzytaj wi\u0119cej \u00bb\t\t<\/a>\n\n\t\t\t\t<\/div>\n\t\t\t\t<\/article>\n\t\t\t\t<\/div>\n\t\t\n\t\t\t\t<\/div>\n\t\t\t\t<\/div>\n\t\t\t\t\t<\/div>\n\t\t<\/div>\n\t\t\t\t\t<\/div>\n\t\t<\/section>\n\t\t\t\t<\/div>\n\t\t","protected":false},"excerpt":{"rendered":"<p>W dniach 7-8 pa\u017adziernika 2023 r. studenci kierunku Administracja w ramach przedmiotu ?Ochrona \u015brodowiska w procesach inwestycyjnych i gospodarczych? odwiedzili Przedsi\u0119biorstwo Us\u0142ug Wodno-Kanalizacyjnych w Pas\u0142\u0119ku &#8211; jednostka operatorska, zajmuj\u0105ce si\u0119 przede wszystkim zaopatrzeniem w wod\u0119 i zbiorowym odprowadzaniem \u015bciek\u00f3w na terenie Miasta i Gminy Pas\u0142\u0119k. Pani mgr in\u017c. Ewa Grabowska ? kierowniczka laboratorium PUW-K &#8211; [&hellip;]<\/p>\n","protected":false},"author":2,"featured_media":13169,"comment_status":"closed","ping_status":"closed","sticky":false,"template":"elementor_header_footer","format":"standard","meta":{"ocean_post_layout":"","ocean_both_sidebars_style":"","ocean_both_sidebars_content_width":0,"ocean_both_sidebars_sidebars_width":0,"ocean_sidebar":"0","ocean_second_sidebar":"0","ocean_disable_margins":"enable","ocean_add_body_class":"","ocean_shortcode_before_top_bar":"","ocean_shortcode_after_top_bar":"","ocean_shortcode_before_header":"","ocean_shortcode_after_header":"","ocean_has_shortcode":"","ocean_shortcode_after_title":"","ocean_shortcode_before_footer_widgets":"","ocean_shortcode_after_footer_widgets":"","ocean_shortcode_before_footer_bottom":"","ocean_shortcode_after_footer_bottom":"","ocean_display_top_bar":"default","ocean_display_header":"default","ocean_header_style":"","ocean_center_header_left_menu":"0","ocean_custom_header_template":"0","ocean_custom_logo":0,"ocean_custom_retina_logo":0,"ocean_custom_logo_max_width":0,"ocean_custom_logo_tablet_max_width":0,"ocean_custom_logo_mobile_max_width":0,"ocean_custom_logo_max_height":0,"ocean_custom_logo_tablet_max_height":0,"ocean_custom_logo_mobile_max_height":0,"ocean_header_custom_menu":"0","ocean_menu_typo_font_family":"0","ocean_menu_typo_font_subset":"","ocean_menu_typo_font_size":0,"ocean_menu_typo_font_size_tablet":0,"ocean_menu_typo_font_size_mobile":0,"ocean_menu_typo_font_size_unit":"px","ocean_menu_typo_font_weight":"","ocean_menu_typo_font_weight_tablet":"","ocean_menu_typo_font_weight_mobile":"","ocean_menu_typo_transform":"","ocean_menu_typo_transform_tablet":"","ocean_menu_typo_transform_mobile":"","ocean_menu_typo_line_height":0,"ocean_menu_typo_line_height_tablet":0,"ocean_menu_typo_line_height_mobile":0,"ocean_menu_typo_line_height_unit":"","ocean_menu_typo_spacing":0,"ocean_menu_typo_spacing_tablet":0,"ocean_menu_typo_spacing_mobile":0,"ocean_menu_typo_spacing_unit":"","ocean_menu_link_color":"","ocean_menu_link_color_hover":"","ocean_menu_link_color_active":"","ocean_menu_link_background":"","ocean_menu_link_hover_background":"","ocean_menu_link_active_background":"","ocean_menu_social_links_bg":"","ocean_menu_social_hover_links_bg":"","ocean_menu_social_links_color":"","ocean_menu_social_hover_links_color":"","ocean_disable_title":"default","ocean_disable_heading":"default","ocean_post_title":"","ocean_post_subheading":"","ocean_post_title_style":"","ocean_post_title_background_color":"","ocean_post_title_background":0,"ocean_post_title_bg_image_position":"","ocean_post_title_bg_image_attachment":"","ocean_post_title_bg_image_repeat":"","ocean_post_title_bg_image_size":"","ocean_post_title_height":0,"ocean_post_title_bg_overlay":0.5,"ocean_post_title_bg_overlay_color":"","ocean_disable_breadcrumbs":"default","ocean_breadcrumbs_color":"","ocean_breadcrumbs_separator_color":"","ocean_breadcrumbs_links_color":"","ocean_breadcrumbs_links_hover_color":"","ocean_display_footer_widgets":"default","ocean_display_footer_bottom":"default","ocean_custom_footer_template":"0","ocean_post_oembed":"","ocean_post_self_hosted_media":"","ocean_post_video_embed":"","ocean_link_format":"","ocean_link_format_target":"self","ocean_quote_format":"","ocean_quote_format_link":"post","ocean_gallery_link_images":"off","ocean_gallery_id":[],"footnotes":""},"categories":[35,28,1],"tags":[],"class_list":["post-13161","post","type-post","status-publish","format-standard","has-post-thumbnail","hentry","category-aktualnosci-wains","category-glowne-aktualnosci","category-uncategorized","entry","has-media"],"yoast_head":"<!-- This site is optimized with the Yoast SEO plugin v23.7 - https:\/\/yoast.com\/wordpress\/plugins\/seo\/ -->\n<title>Wizyta studyjna student\u00f3w kierunku Administracja w PUW-K w Pas\u0142\u0119ku - AMISNS<\/title>\n<meta name=\"robots\" content=\"noindex, follow, max-snippet:-1, max-image-preview:large, max-video-preview:-1\" \/>\n<meta property=\"og:locale\" content=\"pl_PL\" \/>\n<meta property=\"og:type\" content=\"article\" \/>\n<meta property=\"og:title\" content=\"Wizyta studyjna student\u00f3w kierunku Administracja w PUW-K w Pas\u0142\u0119ku - AMISNS\" \/>\n<meta property=\"og:description\" content=\"W dniach 7-8 pa\u017adziernika 2023 r. studenci kierunku Administracja w ramach przedmiotu ?Ochrona \u015brodowiska w procesach inwestycyjnych i gospodarczych? odwiedzili Przedsi\u0119biorstwo Us\u0142ug Wodno-Kanalizacyjnych w Pas\u0142\u0119ku &#8211; jednostka operatorska, zajmuj\u0105ce si\u0119 przede wszystkim zaopatrzeniem w wod\u0119 i zbiorowym odprowadzaniem \u015bciek\u00f3w na terenie Miasta i Gminy Pas\u0142\u0119k. Pani mgr in\u017c. Ewa Grabowska ? kierowniczka laboratorium PUW-K &#8211; [&hellip;]\" \/>\n<meta property=\"og:url\" content=\"https:\/\/amisns.edu.pl\/stara-wersja\/wizyta-studyjna-studentow-kierunku-administracja-w-puw-k-w-pasleku\/\" \/>\n<meta property=\"og:site_name\" content=\"AMISNS\" \/>\n<meta property=\"article:publisher\" content=\"https:\/\/www.facebook.com\/AMiSNSElblag\" \/>\n<meta property=\"article:published_time\" content=\"2023-10-13T11:13:59+00:00\" \/>\n<meta property=\"article:modified_time\" content=\"2023-10-13T11:20:02+00:00\" \/>\n<meta property=\"og:image\" content=\"https:\/\/amisns.edu.pl\/stara-wersja\/wp-content\/uploads\/IMG_20231008_091953.jpg\" \/>\n\t<meta property=\"og:image:width\" content=\"1920\" \/>\n\t<meta property=\"og:image:height\" content=\"1080\" \/>\n\t<meta property=\"og:image:type\" content=\"image\/jpeg\" \/>\n<meta name=\"author\" content=\"Biuro promocji\" \/>\n<meta name=\"twitter:card\" content=\"summary_large_image\" \/>\n<meta name=\"twitter:label1\" content=\"Napisane przez\" \/>\n\t<meta name=\"twitter:data1\" content=\"Biuro promocji\" \/>\n\t<meta name=\"twitter:label2\" content=\"Szacowany czas czytania\" \/>\n\t<meta name=\"twitter:data2\" content=\"5 minut\" \/>\n<script type=\"application\/ld+json\" class=\"yoast-schema-graph\">{\"@context\":\"https:\/\/schema.org\",\"@graph\":[{\"@type\":\"Article\",\"@id\":\"https:\/\/amisns.edu.pl\/stara-wersja\/wizyta-studyjna-studentow-kierunku-administracja-w-puw-k-w-pasleku\/#article\",\"isPartOf\":{\"@id\":\"https:\/\/amisns.edu.pl\/stara-wersja\/wizyta-studyjna-studentow-kierunku-administracja-w-puw-k-w-pasleku\/\"},\"author\":{\"name\":\"Biuro promocji\",\"@id\":\"https:\/\/amisns.edu.pl\/stara-wersja\/stara-wersja\/#\/schema\/person\/4868ddcf0f0d3f8b0c675e45540fd350\"},\"headline\":\"Wizyta studyjna student\u00f3w kierunku Administracja w PUW-K w Pas\u0142\u0119ku\",\"datePublished\":\"2023-10-13T11:13:59+00:00\",\"dateModified\":\"2023-10-13T11:20:02+00:00\",\"mainEntityOfPage\":{\"@id\":\"https:\/\/amisns.edu.pl\/stara-wersja\/wizyta-studyjna-studentow-kierunku-administracja-w-puw-k-w-pasleku\/\"},\"wordCount\":307,\"publisher\":{\"@id\":\"https:\/\/amisns.edu.pl\/stara-wersja\/stara-wersja\/#organization\"},\"image\":{\"@id\":\"https:\/\/amisns.edu.pl\/stara-wersja\/wizyta-studyjna-studentow-kierunku-administracja-w-puw-k-w-pasleku\/#primaryimage\"},\"thumbnailUrl\":\"https:\/\/amisns.edu.pl\/stara-wersja\/wp-content\/uploads\/IMG_20231008_091953.jpg\",\"articleSection\":[\"Aktualno\u015bci WAINS\",\"G\u0142\u00f3wne aktualno\u015bci\",\"Uncategorized\"],\"inLanguage\":\"pl-PL\"},{\"@type\":\"WebPage\",\"@id\":\"https:\/\/amisns.edu.pl\/stara-wersja\/wizyta-studyjna-studentow-kierunku-administracja-w-puw-k-w-pasleku\/\",\"url\":\"https:\/\/amisns.edu.pl\/stara-wersja\/wizyta-studyjna-studentow-kierunku-administracja-w-puw-k-w-pasleku\/\",\"name\":\"Wizyta studyjna student\u00f3w kierunku Administracja w PUW-K w Pas\u0142\u0119ku - AMISNS\",\"isPartOf\":{\"@id\":\"https:\/\/amisns.edu.pl\/stara-wersja\/stara-wersja\/#website\"},\"primaryImageOfPage\":{\"@id\":\"https:\/\/amisns.edu.pl\/stara-wersja\/wizyta-studyjna-studentow-kierunku-administracja-w-puw-k-w-pasleku\/#primaryimage\"},\"image\":{\"@id\":\"https:\/\/amisns.edu.pl\/stara-wersja\/wizyta-studyjna-studentow-kierunku-administracja-w-puw-k-w-pasleku\/#primaryimage\"},\"thumbnailUrl\":\"https:\/\/amisns.edu.pl\/stara-wersja\/wp-content\/uploads\/IMG_20231008_091953.jpg\",\"datePublished\":\"2023-10-13T11:13:59+00:00\",\"dateModified\":\"2023-10-13T11:20:02+00:00\",\"breadcrumb\":{\"@id\":\"https:\/\/amisns.edu.pl\/stara-wersja\/wizyta-studyjna-studentow-kierunku-administracja-w-puw-k-w-pasleku\/#breadcrumb\"},\"inLanguage\":\"pl-PL\",\"potentialAction\":[{\"@type\":\"ReadAction\",\"target\":[\"https:\/\/amisns.edu.pl\/stara-wersja\/wizyta-studyjna-studentow-kierunku-administracja-w-puw-k-w-pasleku\/\"]}]},{\"@type\":\"ImageObject\",\"inLanguage\":\"pl-PL\",\"@id\":\"https:\/\/amisns.edu.pl\/stara-wersja\/wizyta-studyjna-studentow-kierunku-administracja-w-puw-k-w-pasleku\/#primaryimage\",\"url\":\"https:\/\/amisns.edu.pl\/stara-wersja\/wp-content\/uploads\/IMG_20231008_091953.jpg\",\"contentUrl\":\"https:\/\/amisns.edu.pl\/stara-wersja\/wp-content\/uploads\/IMG_20231008_091953.jpg\",\"width\":1920,\"height\":1080},{\"@type\":\"BreadcrumbList\",\"@id\":\"https:\/\/amisns.edu.pl\/stara-wersja\/wizyta-studyjna-studentow-kierunku-administracja-w-puw-k-w-pasleku\/#breadcrumb\",\"itemListElement\":[{\"@type\":\"ListItem\",\"position\":1,\"name\":\"Strona g\u0142\u00f3wna\",\"item\":\"https:\/\/amisns.edu.pl\/stara-wersja\/\"},{\"@type\":\"ListItem\",\"position\":2,\"name\":\"Wizyta studyjna student\u00f3w kierunku Administracja w PUW-K w Pas\u0142\u0119ku\"}]},{\"@type\":\"WebSite\",\"@id\":\"https:\/\/amisns.edu.pl\/stara-wersja\/stara-wersja\/#website\",\"url\":\"https:\/\/amisns.edu.pl\/stara-wersja\/stara-wersja\/\",\"name\":\"AMISNS\",\"description\":\"Akademia Medycznych i Spo\u0142ecznych nauk stosowanych\",\"publisher\":{\"@id\":\"https:\/\/amisns.edu.pl\/stara-wersja\/stara-wersja\/#organization\"},\"potentialAction\":[{\"@type\":\"SearchAction\",\"target\":{\"@type\":\"EntryPoint\",\"urlTemplate\":\"https:\/\/amisns.edu.pl\/stara-wersja\/stara-wersja\/?s={search_term_string}\"},\"query-input\":{\"@type\":\"PropertyValueSpecification\",\"valueRequired\":true,\"valueName\":\"search_term_string\"}}],\"inLanguage\":\"pl-PL\"},{\"@type\":\"Organization\",\"@id\":\"https:\/\/amisns.edu.pl\/stara-wersja\/stara-wersja\/#organization\",\"name\":\"AMISNS\",\"url\":\"https:\/\/amisns.edu.pl\/stara-wersja\/stara-wersja\/\",\"logo\":{\"@type\":\"ImageObject\",\"inLanguage\":\"pl-PL\",\"@id\":\"https:\/\/amisns.edu.pl\/stara-wersja\/stara-wersja\/#\/schema\/logo\/image\/\",\"url\":\"https:\/\/amisns.edu.pl\/stara-wersja\/wp-content\/uploads\/2022\/12\/Znak-AMiSNS-na-strone-www-4k.png\",\"contentUrl\":\"https:\/\/amisns.edu.pl\/stara-wersja\/wp-content\/uploads\/2022\/12\/Znak-AMiSNS-na-strone-www-4k.png\",\"width\":1920,\"height\":523,\"caption\":\"AMISNS\"},\"image\":{\"@id\":\"https:\/\/amisns.edu.pl\/stara-wersja\/stara-wersja\/#\/schema\/logo\/image\/\"},\"sameAs\":[\"https:\/\/www.facebook.com\/AMiSNSElblag\"]},{\"@type\":\"Person\",\"@id\":\"https:\/\/amisns.edu.pl\/stara-wersja\/stara-wersja\/#\/schema\/person\/4868ddcf0f0d3f8b0c675e45540fd350\",\"name\":\"Biuro promocji\",\"image\":{\"@type\":\"ImageObject\",\"inLanguage\":\"pl-PL\",\"@id\":\"https:\/\/amisns.edu.pl\/stara-wersja\/stara-wersja\/#\/schema\/person\/image\/\",\"url\":\"https:\/\/secure.gravatar.com\/avatar\/ba1c61f2c67d3536a6e469d64619f0d0?s=96&d=mm&r=g\",\"contentUrl\":\"https:\/\/secure.gravatar.com\/avatar\/ba1c61f2c67d3536a6e469d64619f0d0?s=96&d=mm&r=g\",\"caption\":\"Biuro promocji\"},\"url\":\"https:\/\/amisns.edu.pl\/stara-wersja\/author\/biuro-promocji\/\"}]}<\/script>\n<!-- \/ Yoast SEO plugin. -->","yoast_head_json":{"title":"Wizyta studyjna student\u00f3w kierunku Administracja w PUW-K w Pas\u0142\u0119ku - AMISNS","robots":{"index":"noindex","follow":"follow","max-snippet":"max-snippet:-1","max-image-preview":"max-image-preview:large","max-video-preview":"max-video-preview:-1"},"og_locale":"pl_PL","og_type":"article","og_title":"Wizyta studyjna student\u00f3w kierunku Administracja w PUW-K w Pas\u0142\u0119ku - AMISNS","og_description":"W dniach 7-8 pa\u017adziernika 2023 r. studenci kierunku Administracja w ramach przedmiotu ?Ochrona \u015brodowiska w procesach inwestycyjnych i gospodarczych? odwiedzili Przedsi\u0119biorstwo Us\u0142ug Wodno-Kanalizacyjnych w Pas\u0142\u0119ku &#8211; jednostka operatorska, zajmuj\u0105ce si\u0119 przede wszystkim zaopatrzeniem w wod\u0119 i zbiorowym odprowadzaniem \u015bciek\u00f3w na terenie Miasta i Gminy Pas\u0142\u0119k. Pani mgr in\u017c. Ewa Grabowska ? kierowniczka laboratorium PUW-K &#8211; [&hellip;]","og_url":"https:\/\/amisns.edu.pl\/stara-wersja\/wizyta-studyjna-studentow-kierunku-administracja-w-puw-k-w-pasleku\/","og_site_name":"AMISNS","article_publisher":"https:\/\/www.facebook.com\/AMiSNSElblag","article_published_time":"2023-10-13T11:13:59+00:00","article_modified_time":"2023-10-13T11:20:02+00:00","og_image":[{"width":1920,"height":1080,"url":"https:\/\/amisns.edu.pl\/stara-wersja\/wp-content\/uploads\/IMG_20231008_091953.jpg","type":"image\/jpeg"}],"author":"Biuro promocji","twitter_card":"summary_large_image","twitter_misc":{"Napisane przez":"Biuro promocji","Szacowany czas czytania":"5 minut"},"schema":{"@context":"https:\/\/schema.org","@graph":[{"@type":"Article","@id":"https:\/\/amisns.edu.pl\/stara-wersja\/wizyta-studyjna-studentow-kierunku-administracja-w-puw-k-w-pasleku\/#article","isPartOf":{"@id":"https:\/\/amisns.edu.pl\/stara-wersja\/wizyta-studyjna-studentow-kierunku-administracja-w-puw-k-w-pasleku\/"},"author":{"name":"Biuro promocji","@id":"https:\/\/amisns.edu.pl\/stara-wersja\/stara-wersja\/#\/schema\/person\/4868ddcf0f0d3f8b0c675e45540fd350"},"headline":"Wizyta studyjna student\u00f3w kierunku Administracja w PUW-K w Pas\u0142\u0119ku","datePublished":"2023-10-13T11:13:59+00:00","dateModified":"2023-10-13T11:20:02+00:00","mainEntityOfPage":{"@id":"https:\/\/amisns.edu.pl\/stara-wersja\/wizyta-studyjna-studentow-kierunku-administracja-w-puw-k-w-pasleku\/"},"wordCount":307,"publisher":{"@id":"https:\/\/amisns.edu.pl\/stara-wersja\/stara-wersja\/#organization"},"image":{"@id":"https:\/\/amisns.edu.pl\/stara-wersja\/wizyta-studyjna-studentow-kierunku-administracja-w-puw-k-w-pasleku\/#primaryimage"},"thumbnailUrl":"https:\/\/amisns.edu.pl\/stara-wersja\/wp-content\/uploads\/IMG_20231008_091953.jpg","articleSection":["Aktualno\u015bci WAINS","G\u0142\u00f3wne aktualno\u015bci","Uncategorized"],"inLanguage":"pl-PL"},{"@type":"WebPage","@id":"https:\/\/amisns.edu.pl\/stara-wersja\/wizyta-studyjna-studentow-kierunku-administracja-w-puw-k-w-pasleku\/","url":"https:\/\/amisns.edu.pl\/stara-wersja\/wizyta-studyjna-studentow-kierunku-administracja-w-puw-k-w-pasleku\/","name":"Wizyta studyjna student\u00f3w kierunku Administracja w PUW-K w Pas\u0142\u0119ku - AMISNS","isPartOf":{"@id":"https:\/\/amisns.edu.pl\/stara-wersja\/stara-wersja\/#website"},"primaryImageOfPage":{"@id":"https:\/\/amisns.edu.pl\/stara-wersja\/wizyta-studyjna-studentow-kierunku-administracja-w-puw-k-w-pasleku\/#primaryimage"},"image":{"@id":"https:\/\/amisns.edu.pl\/stara-wersja\/wizyta-studyjna-studentow-kierunku-administracja-w-puw-k-w-pasleku\/#primaryimage"},"thumbnailUrl":"https:\/\/amisns.edu.pl\/stara-wersja\/wp-content\/uploads\/IMG_20231008_091953.jpg","datePublished":"2023-10-13T11:13:59+00:00","dateModified":"2023-10-13T11:20:02+00:00","breadcrumb":{"@id":"https:\/\/amisns.edu.pl\/stara-wersja\/wizyta-studyjna-studentow-kierunku-administracja-w-puw-k-w-pasleku\/#breadcrumb"},"inLanguage":"pl-PL","potentialAction":[{"@type":"ReadAction","target":["https:\/\/amisns.edu.pl\/stara-wersja\/wizyta-studyjna-studentow-kierunku-administracja-w-puw-k-w-pasleku\/"]}]},{"@type":"ImageObject","inLanguage":"pl-PL","@id":"https:\/\/amisns.edu.pl\/stara-wersja\/wizyta-studyjna-studentow-kierunku-administracja-w-puw-k-w-pasleku\/#primaryimage","url":"https:\/\/amisns.edu.pl\/stara-wersja\/wp-content\/uploads\/IMG_20231008_091953.jpg","contentUrl":"https:\/\/amisns.edu.pl\/stara-wersja\/wp-content\/uploads\/IMG_20231008_091953.jpg","width":1920,"height":1080},{"@type":"BreadcrumbList","@id":"https:\/\/amisns.edu.pl\/stara-wersja\/wizyta-studyjna-studentow-kierunku-administracja-w-puw-k-w-pasleku\/#breadcrumb","itemListElement":[{"@type":"ListItem","position":1,"name":"Strona g\u0142\u00f3wna","item":"https:\/\/amisns.edu.pl\/stara-wersja\/"},{"@type":"ListItem","position":2,"name":"Wizyta studyjna student\u00f3w kierunku Administracja w PUW-K w Pas\u0142\u0119ku"}]},{"@type":"WebSite","@id":"https:\/\/amisns.edu.pl\/stara-wersja\/stara-wersja\/#website","url":"https:\/\/amisns.edu.pl\/stara-wersja\/stara-wersja\/","name":"AMISNS","description":"Akademia Medycznych i Spo\u0142ecznych nauk stosowanych","publisher":{"@id":"https:\/\/amisns.edu.pl\/stara-wersja\/stara-wersja\/#organization"},"potentialAction":[{"@type":"SearchAction","target":{"@type":"EntryPoint","urlTemplate":"https:\/\/amisns.edu.pl\/stara-wersja\/stara-wersja\/?s={search_term_string}"},"query-input":{"@type":"PropertyValueSpecification","valueRequired":true,"valueName":"search_term_string"}}],"inLanguage":"pl-PL"},{"@type":"Organization","@id":"https:\/\/amisns.edu.pl\/stara-wersja\/stara-wersja\/#organization","name":"AMISNS","url":"https:\/\/amisns.edu.pl\/stara-wersja\/stara-wersja\/","logo":{"@type":"ImageObject","inLanguage":"pl-PL","@id":"https:\/\/amisns.edu.pl\/stara-wersja\/stara-wersja\/#\/schema\/logo\/image\/","url":"https:\/\/amisns.edu.pl\/stara-wersja\/wp-content\/uploads\/2022\/12\/Znak-AMiSNS-na-strone-www-4k.png","contentUrl":"https:\/\/amisns.edu.pl\/stara-wersja\/wp-content\/uploads\/2022\/12\/Znak-AMiSNS-na-strone-www-4k.png","width":1920,"height":523,"caption":"AMISNS"},"image":{"@id":"https:\/\/amisns.edu.pl\/stara-wersja\/stara-wersja\/#\/schema\/logo\/image\/"},"sameAs":["https:\/\/www.facebook.com\/AMiSNSElblag"]},{"@type":"Person","@id":"https:\/\/amisns.edu.pl\/stara-wersja\/stara-wersja\/#\/schema\/person\/4868ddcf0f0d3f8b0c675e45540fd350","name":"Biuro promocji","image":{"@type":"ImageObject","inLanguage":"pl-PL","@id":"https:\/\/amisns.edu.pl\/stara-wersja\/stara-wersja\/#\/schema\/person\/image\/","url":"https:\/\/secure.gravatar.com\/avatar\/ba1c61f2c67d3536a6e469d64619f0d0?s=96&d=mm&r=g","contentUrl":"https:\/\/secure.gravatar.com\/avatar\/ba1c61f2c67d3536a6e469d64619f0d0?s=96&d=mm&r=g","caption":"Biuro promocji"},"url":"https:\/\/amisns.edu.pl\/stara-wersja\/author\/biuro-promocji\/"}]}},"_links":{"self":[{"href":"https:\/\/amisns.edu.pl\/stara-wersja\/wp-json\/wp\/v2\/posts\/13161"}],"collection":[{"href":"https:\/\/amisns.edu.pl\/stara-wersja\/wp-json\/wp\/v2\/posts"}],"about":[{"href":"https:\/\/amisns.edu.pl\/stara-wersja\/wp-json\/wp\/v2\/types\/post"}],"author":[{"embeddable":true,"href":"https:\/\/amisns.edu.pl\/stara-wersja\/wp-json\/wp\/v2\/users\/2"}],"replies":[{"embeddable":true,"href":"https:\/\/amisns.edu.pl\/stara-wersja\/wp-json\/wp\/v2\/comments?post=13161"}],"version-history":[{"count":4,"href":"https:\/\/amisns.edu.pl\/stara-wersja\/wp-json\/wp\/v2\/posts\/13161\/revisions"}],"predecessor-version":[{"id":13182,"href":"https:\/\/amisns.edu.pl\/stara-wersja\/wp-json\/wp\/v2\/posts\/13161\/revisions\/13182"}],"wp:featuredmedia":[{"embeddable":true,"href":"https:\/\/amisns.edu.pl\/stara-wersja\/wp-json\/wp\/v2\/media\/13169"}],"wp:attachment":[{"href":"https:\/\/amisns.edu.pl\/stara-wersja\/wp-json\/wp\/v2\/media?parent=13161"}],"wp:term":[{"taxonomy":"category","embeddable":true,"href":"https:\/\/amisns.edu.pl\/stara-wersja\/wp-json\/wp\/v2\/categories?post=13161"},{"taxonomy":"post_tag","embeddable":true,"href":"https:\/\/amisns.edu.pl\/stara-wersja\/wp-json\/wp\/v2\/tags?post=13161"}],"curies":[{"name":"wp","href":"https:\/\/api.w.org\/{rel}","templated":true}]}}