{"id":13600,"date":"2023-10-23T11:44:08","date_gmt":"2023-10-23T10:44:08","guid":{"rendered":"https:\/\/amisns.edu.pl\/?p=13600"},"modified":"2024-06-14T13:24:56","modified_gmt":"2024-06-14T12:24:56","slug":"profesor-luigi-marano-swiatowej-slawy-wykladowca-w-szeregach-kadry-amisns","status":"publish","type":"post","link":"https:\/\/amisns.edu.pl\/stara-wersja\/profesor-luigi-marano-swiatowej-slawy-wykladowca-w-szeregach-kadry-amisns\/","title":{"rendered":"Profesor Luigi Marano &#8211; \u015bwiatowej s\u0142awy specjalista w szeregach kadry AMiSNS"},"content":{"rendered":"\t\t<div data-elementor-type=\"wp-post\" data-elementor-id=\"13600\" class=\"elementor elementor-13600\" data-elementor-post-type=\"post\">\n\t\t\t\t\t\t<section class=\"elementor-section elementor-top-section elementor-element elementor-element-125f2ab elementor-section-boxed elementor-section-height-default elementor-section-height-default\" data-id=\"125f2ab\" data-element_type=\"section\">\n\t\t\t\t\t\t<div class=\"elementor-container elementor-column-gap-default\">\n\t\t\t\t\t<div class=\"elementor-column elementor-col-100 elementor-top-column elementor-element elementor-element-64d42c8\" data-id=\"64d42c8\" data-element_type=\"column\">\n\t\t\t<div class=\"elementor-widget-wrap elementor-element-populated\">\n\t\t\t\t\t\t<div class=\"elementor-element elementor-element-85ace60 elementor-widget elementor-widget-theme-post-featured-image elementor-widget-image\" data-id=\"85ace60\" data-element_type=\"widget\" data-widget_type=\"theme-post-featured-image.default\">\n\t\t\t\t<div class=\"elementor-widget-container\">\n\t\t\t\t\t\t\t\t\t\t\t\t\t<img decoding=\"async\" width=\"1\" height=\"1\" src=\"https:\/\/amisns.edu.pl\/stara-wersja\/wp-content\/uploads\/Prof.-Luigi-Marano-with-daVinci-Xi-robot-?-kopia.jpeg\" class=\"attachment-large size-large wp-image-13612\" alt=\"\" \/>\t\t\t\t\t\t\t\t\t\t\t\t\t<\/div>\n\t\t\t\t<\/div>\n\t\t\t\t\t<\/div>\n\t\t<\/div>\n\t\t\t\t\t<\/div>\n\t\t<\/section>\n\t\t\t\t<section class=\"elementor-section elementor-top-section elementor-element elementor-element-5dbce49 elementor-section-boxed elementor-section-height-default elementor-section-height-default\" data-id=\"5dbce49\" data-element_type=\"section\">\n\t\t\t\t\t\t<div class=\"elementor-container elementor-column-gap-default\">\n\t\t\t\t\t<div class=\"elementor-column elementor-col-100 elementor-top-column elementor-element elementor-element-043165c\" data-id=\"043165c\" data-element_type=\"column\">\n\t\t\t<div class=\"elementor-widget-wrap elementor-element-populated\">\n\t\t\t\t\t\t<div class=\"elementor-element elementor-element-9d1e341 elementor-widget elementor-widget-theme-post-title elementor-page-title elementor-widget-heading\" data-id=\"9d1e341\" data-element_type=\"widget\" data-widget_type=\"theme-post-title.default\">\n\t\t\t\t<div class=\"elementor-widget-container\">\n\t\t\t<h1 class=\"elementor-heading-title elementor-size-default\">Profesor Luigi Marano &#8211; \u015bwiatowej s\u0142awy specjalista w szeregach kadry AMiSNS<\/h1>\t\t<\/div>\n\t\t\t\t<\/div>\n\t\t\t\t\t<\/div>\n\t\t<\/div>\n\t\t\t\t\t<\/div>\n\t\t<\/section>\n\t\t\t\t<section class=\"elementor-section elementor-top-section elementor-element elementor-element-a0341a9 elementor-section-boxed elementor-section-height-default elementor-section-height-default\" data-id=\"a0341a9\" data-element_type=\"section\">\n\t\t\t\t\t\t<div class=\"elementor-container elementor-column-gap-default\">\n\t\t\t\t\t<div class=\"elementor-column elementor-col-100 elementor-top-column elementor-element elementor-element-ce9f336\" data-id=\"ce9f336\" data-element_type=\"column\">\n\t\t\t<div class=\"elementor-widget-wrap elementor-element-populated\">\n\t\t\t\t\t\t<div class=\"elementor-element elementor-element-f886a31 elementor-widget elementor-widget-post-info\" data-id=\"f886a31\" data-element_type=\"widget\" data-widget_type=\"post-info.default\">\n\t\t\t\t<div class=\"elementor-widget-container\">\n\t\t\t\t\t<ul class=\"elementor-inline-items elementor-icon-list-items elementor-post-info\">\n\t\t\t\t\t\t\t\t<li class=\"elementor-icon-list-item elementor-repeater-item-e96c65c elementor-inline-item\" itemprop=\"datePublished\">\n\t\t\t\t\t\t<a href=\"https:\/\/amisns.edu.pl\/stara-wersja\/2023\/10\/23\/\">\n\t\t\t\t\t\t\t\t\t\t\t<span class=\"elementor-icon-list-icon\">\n\t\t\t\t\t\t\t\t<i aria-hidden=\"true\" class=\"fas fa-calendar\"><\/i>\t\t\t\t\t\t\t<\/span>\n\t\t\t\t\t\t\t\t\t<span class=\"elementor-icon-list-text elementor-post-info__item elementor-post-info__item--type-date\">\n\t\t\t\t\t\t\t\t\t\t<time>23 pa\u017adziernika, 2023<\/time>\t\t\t\t\t<\/span>\n\t\t\t\t\t\t\t\t\t<\/a>\n\t\t\t\t<\/li>\n\t\t\t\t<\/ul>\n\t\t\t\t<\/div>\n\t\t\t\t<\/div>\n\t\t\t\t\t<\/div>\n\t\t<\/div>\n\t\t\t\t\t<\/div>\n\t\t<\/section>\n\t\t\t\t<section class=\"elementor-section elementor-top-section elementor-element elementor-element-1fefd60 elementor-section-boxed elementor-section-height-default elementor-section-height-default\" data-id=\"1fefd60\" data-element_type=\"section\">\n\t\t\t\t\t\t<div class=\"elementor-container elementor-column-gap-default\">\n\t\t\t\t\t<div class=\"elementor-column elementor-col-100 elementor-top-column elementor-element elementor-element-3efd9e7\" data-id=\"3efd9e7\" data-element_type=\"column\">\n\t\t\t<div class=\"elementor-widget-wrap elementor-element-populated\">\n\t\t\t\t\t\t<div class=\"elementor-element elementor-element-2391677 elementor-widget__width-initial elementor-widget elementor-widget-text-editor\" data-id=\"2391677\" data-element_type=\"widget\" data-widget_type=\"text-editor.default\">\n\t\t\t\t<div class=\"elementor-widget-container\">\n\t\t\t\t\t\t\t<p>Latem bie\u017c\u0105cego roku kadr\u0119 akademick\u0105 i naukow\u0105 naszej uczelni zasili\u0142 doktor Luigi Marano, chirurg onkolog ze Szpitala Uniwersyteckiego w Sienie &#8211; wysoce wykszta\u0142cony i do\u015bwiadczony specjalista. Pan Luigi Marano stosunkowo wcze\u015bnie odkry\u0142 w sobie zami\u0142owanie do anatomii i jeszcze przed rozpocz\u0119ciem drugiego roku studi\u00f3w medycznych, b\u0119d\u0105c pod opiek\u0105 i nadzorem profesora Cosimo Passiatore, zdoby\u0142 tytu\u0142 asystenta. Profesor Passiatore podsyca\u0142 pasj\u0119 ucznia do anatomii, pom\u00f3g\u0142 mu w pe\u0142ni wyrazi\u0107 drzemi\u0105cy w nim naukowy potencja\u0142 i zapocz\u0105tkowa\u0142 jego pe\u0142n\u0105 przyg\u00f3d podr\u00f3\u017c do \u015bwiata bada\u0144. Profesor Passiatore by\u0142 akademickim wzorem do na\u015bladowania dla pana Marano, kt\u00f3ry z up\u0142ywem lat sta\u0142 si\u0119 nagradzanym, wszechstronnym i podziwianym specjalist\u0105 oraz mentorem dla student\u00f3w, kt\u00f3rych od lat wprowadza w \u015bwiat chirurgii i robotyki.<\/p>\t\t\t\t\t\t<\/div>\n\t\t\t\t<\/div>\n\t\t\t\t<div class=\"elementor-element elementor-element-7105747 elementor-invisible elementor-widget elementor-widget-text-editor\" data-id=\"7105747\" data-element_type=\"widget\" data-settings=\"{&quot;_animation&quot;:&quot;fadeIn&quot;}\" data-widget_type=\"text-editor.default\">\n\t\t\t\t<div class=\"elementor-widget-container\">\n\t\t\t\t\t\t\t<p><em>Bez w\u0105tpienia najbardziej fascynuj\u0105c\u0105 i satysfakcjonuj\u0105c\u0105 dzia\u0142alno\u015bci\u0105, kt\u00f3rej podj\u0105\u0142em si\u0119 w swojej karierze, by\u0142o nauczanie student\u00f3w chirurgii og\u00f3lnej <\/em>&#8211; m\u00f3wi doktor Marano.<em> Przede wszystkim mia\u0142em przywilej (&#8230;.) szkoli\u0107 i rozwija\u0107 potencja\u0142 zawodowy chirurg\u00f3w og\u00f3lnych. Stopniowo umo\u017cliwi\u0142em im wykonywanie samodzielnych procedur chirurgicznych og\u00f3lnych i onkologicznych, zar\u00f3wno planowanych, jak i nag\u0142ych, przy u\u017cyciu podej\u015bcia otwartego, laparoskopowego lub robotycznego. Uwa\u017cam, \u017ce zdoby\u0142em solidne i zweryfikowane do\u015bwiadczenie w zakresie nauczania w instytucjach uniwersyteckich. Pasjonuje mnie mo\u017cliwo\u015b\u0107 kierowania i inspirowania student\u00f3w, towarzyszenia im jako mentor w ich akademickiej podr\u00f3\u017cy.<\/em><\/p><p><em>Jestem przekonany, \u017ce nadszed\u0142 czas rozwijania nowych modeli nauczania, kt\u00f3re by\u0142yby interesuj\u0105ce dla przysz\u0142ych pokole\u0144 student\u00f3w i rezydent\u00f3w, oraz wyposa\u017cy\u0142yby ich w umiej\u0119tno\u015bci i wiedz\u0119 niezb\u0119dne do osi\u0105gni\u0119cia sukces\u00f3w akademickich i zawodowych. Jestem przekonany, \u017ce wprowadzenie &#8222;innowacyjnego&#8221; nauczania w dziedzinie medycyny to droga do sukcesu w zwi\u0119kszeniu atrakcyjno\u015bci program\u00f3w studi\u00f3w. Metodologia nauczania powinna opiera\u0107 si\u0119 na rozwi\u0105zywaniu problem\u00f3w, zach\u0119ca\u0107 do analizy rzeczywistych przypadk\u00f3w klinicznych, promowa\u0107 wsp\u00f3\u0142prac\u0119 i przygotowywa\u0107 przysz\u0142ych lekarzy do reali\u00f3w zawodu. Student powinien znajdowa\u0107 si\u0119 w centrum swojej drogi edukacyjnej.<\/em><\/p><p><em>Korzystaj\u0105c z okazji pragn\u0119 podzi\u0119kowa\u0107 Rektorowi, Kanclerzowi, Prorektorom, Dziekanowi, kadrze akademickiej oraz ca\u0142emu personelowi techniczno-administracyjnemu AMiSNS &#8211; dzi\u0119kuj\u0119 za mo\u017cliwo\u015b\u0107 bycia cz\u0119\u015bci\u0105 tej wyj\u0105tkowej instytucji. Pa\u0144stwa pasja do wiedzy, oddanie doskona\u0142o\u015bci i zaanga\u017cowanie w rozw\u00f3j s\u0105 dla mnie nieustannym \u017ar\u00f3d\u0142em inspiracji. Wiem, \u017ce przed nami stoj\u0105 ambitne wyzwania i wa\u017cne cele, ale jestem pewien, \u017ce wsp\u00f3ln\u0105 prac\u0105 mo\u017cemy pokona\u0107 wszelkie przeszkody i osi\u0105gn\u0105\u0107 niezwyk\u0142e rezultaty.<\/em><\/p><p><em>Odk\u0105d przekroczy\u0142em progi Akademii mia\u0142em przywilej do\u015bwiadczy\u0107 ciep\u0142ego przyj\u0119cia i niesamowitego wsparcia ze strony ka\u017cdego z Pa\u0144stwa. Pa\u0144stwa \u017cyczliwo\u015b\u0107 i poczucie wsp\u00f3lnoty g\u0142\u0119boko mnie wzruszaj\u0105 i nap\u0119dzaj\u0105 do dzia\u0142ania Ciesz\u0119 si\u0119, \u017ce b\u0119d\u0119 m\u00f3g\u0142 przyczyni\u0107 si\u0119 do rozwoju Akademii i podzieli\u0107 si\u0119 z Pa\u0144stwem moj\u0105 mi\u0142o\u015bci\u0105 do bada\u0144, nauki i innowacji. Patrz\u0105c w przysz\u0142o\u015b\u0107, jestem pewien, \u017ce osi\u0105gniemy razem wielkie rzeczy. Dzi\u0119kuj\u0119 za przyj\u0119cie mnie do spo\u0142eczno\u015bci akademickiej z otwartymi ramionami.<\/em><\/p>\t\t\t\t\t\t<\/div>\n\t\t\t\t<\/div>\n\t\t\t\t<div class=\"elementor-element elementor-element-7021c26 elementor-invisible elementor-widget elementor-widget-text-editor\" data-id=\"7021c26\" data-element_type=\"widget\" data-settings=\"{&quot;_animation&quot;:&quot;fadeInLeft&quot;}\" data-widget_type=\"text-editor.default\">\n\t\t\t\t<div class=\"elementor-widget-container\">\n\t\t\t\t\t\t\t<p><u>Kr\u00f3tki \u017cyciorys doktora Marano:<\/u><\/p><p>Doktor Marano obroni\u0142 tytu\u0142 doktora medycyny i chirurgii z najwy\u017cszymi wyr\u00f3\u017cnieniami i laurami 26 lipca 2007 roku. Wyb\u00f3r chirurgii og\u00f3lnej jako specjalizacji by\u0142 naturalnym zwie\u0144czeniem jego edukacyjnej podr\u00f3\u017cy i pozwoli\u0142 po\u0142\u0105czy\u0107 zdolno\u015bci do nauk anatomicznych, sk\u0142onno\u015bci do dyscyplin chirurgicznych i, przede wszystkim, pragnienie aktywnego pomagania chorym.<\/p><p>W trakcie sze\u015bciu lat specjalizacji na Uniwersytecie Drugim w Neapolu pan Marano mia\u0142 wyj\u0105tkow\u0105 okazj\u0119 pozna\u0107 i nauczy\u0107 si\u0119 najnowszych technik chirurgicznych, zw\u0142aszcza tych dotycz\u0105cych leczenia i terapii schorze\u0144 prze\u0142yku i \u017co\u0142\u0105dka, zar\u00f3wno funkcjonalnych, jak i z\u0142o\u015bliwych. By\u0142y to owocne lata, w kt\u00f3rych chirurg \u0142\u0105czy\u0142 prac\u0119 na sali operacyjnej i oddzia\u0142ach szpitalnych z badaniami naukowymi, szukaj\u0105c po\u015br\u00f3d hipotez i danych wyja\u015bnie\u0144 i odpowiedzi na zdarzenia kliniczne.<\/p><p>W tym samym okresie pan Marano interpretowa\u0142 wyniki licznych bada\u0144 naukowych i publikowa\u0142 je w presti\u017cowych mi\u0119dzynarodowych czasopismach. Bra\u0142 r\u00f3wnie\u017c udzia\u0142 w licznych kongresach mi\u0119dzynarodowych i krajowych, zdobywaj\u0105c kilka presti\u017cowych nagr\u00f3d mi\u0119dzynarodowych. Zbli\u017caj\u0105c si\u0119 do ko\u0144ca specjalizacji podj\u0105\u0142 decyzj\u0119 o rozpocz\u0119ciu studi\u00f3w doktoranckich w dziedzinie biotechnologii stosowanych w naukach medycznych i chirurgicznych. Wyb\u00f3r ten by\u0142 podyktowany szczeg\u00f3lnym zami\u0142owaniem do bada\u0144 naukowych. Dodatkowo pan Marano uko\u0144czy\u0142 jeszcze studia w dziedzinie chirurgii onkologicznej uk\u0142adu pokarmowego na Uniwersytecie Katolickim Serca Jezusowego w Rzymie oraz w zakresie zaawansowanej robotyki hepatopankreatycznej i przeszczep\u00f3w na Uniwersytecie w Pizie. Uczestniczy\u0142 tak\u017ce w krajowych szkoleniach organizowanych przez W\u0142oskie Towarzystwo Chirurgii i Stowarzyszenie W\u0142oskich Chirurg\u00f3w Szpitalnych dotycz\u0105cych chirurgii ma\u0142oinwazyjnej, chirurgii robotycznej, innowacjach technologicznych w chirurgii i chirurgii prze\u0142yku.<\/p><p>W 2015 roku doktor Marano rozpocz\u0105\u0142 prac\u0119 jako lekarz medycyny ratunkowej i chirurgii. Jak sam podkre\u015bla, to w\u0142a\u015bnie lata pracy na oddziale ratunkowym i w karetce w znacznym stopniu ukszta\u0142towa\u0142y go jako lekarza i by\u0142y najbardziej intensywne, zar\u00f3wno z zawodowego jak i osobistego punktu widzenia. Te lata przynios\u0142y zar\u00f3wno satysfakcj\u0119 zawodow\u0105, jak i wiele uratowanych istnie\u0144, czego potwierdzeniem jest szacunek koleg\u00f3w i uznanie \u015brodowiska lekarskiego. Wszystko to uda\u0142o si\u0119 osi\u0105gn\u0105\u0107 dzi\u0119ki ci\u0119\u017ckiej pracy, ci\u0105g\u0142ej nauce i nieustannemu zg\u0142\u0119bianiu przypadk\u00f3w klinicznych.<\/p><p>Pan Marano podkre\u015bla, \u017ce nie zosta\u0142by cenionym chirurgiem, gdyby nie wsparcie jego nie\u017cyj\u0105cego ju\u017c ojca, Gaetana \u2013 cz\u0142owieka o wielkiej ludzkiej g\u0142\u0119bi, przewodnika i kluczowej postaci w jego \u017cyciu. Lekarz wiele zawdzi\u0119cza r\u00f3wnie\u017c swojej matce, Marii Camilli \u2013 odwa\u017cnej kobiecie i lekarzu o silnym poczuciu zasad moralnych i etycznych. Liczne wyr\u00f3\u017cnienia i sukcesy, okupione wieloma przed\u0142u\u017caj\u0105cymi si\u0119 godzinami pracy, przypisuje niezachwianemu wsparciu swoich dzieci oraz \u017cony Virginii, kt\u00f3rej mi\u0142o\u015b\u0107, jak sam twierdzi, dodawa\u0142a i wci\u0105\u017c dodaje mu si\u0142 i odwagi do dzia\u0142ania. Rodzina jest dla pana Marano \u017ar\u00f3d\u0142em nies\u0142abn\u0105cej motywacji i inspiracji.<\/p><p>Od 2017 roku, po przyznaniu mu przez Ministerstwo Uniwersytet\u00f3w i Bada\u0144 W\u0142och krajowej kwalifikacji naukowej na stanowisko profesora nadzwyczajnego, pan Marano pracowa\u0142 jako chirurg w dziale Chirurgii Og\u00f3lnej, Ma\u0142oinwazyjnej i Robotycznej w jednym ze szpitali w Umbrii. Tutaj doskonali\u0142 umiej\u0119tno\u015bci chirurgiczne zdobyte podczas specjalizacji i zdobywa\u0142 nowe do\u015bwiadczenia. W szczeg\u00f3lno\u015bci rozwija\u0142 wykorzystanie chirurgii robotycznej w chirurgii og\u00f3lnej i onkologicznej, zdobywaj\u0105c coraz to bardziej zaawansowane umiej\u0119tno\u015bci w chirurgii robotycznej. Wykona\u0142 r\u00f3wnie\u017c liczne operacje laparoskopowe o niewielkim charakterze inwazyjnym. W tym czasie wprowadzi\u0142 innowacj\u0119 polegaj\u0105c\u0105 na wykorzystaniu technologii wydruku 3D w chirurgii robotycznej.<\/p><p>Od 2019 do 2023 roku pan Marano pe\u0142ni\u0142 kolejno stanowiska adiunkta chirurgii oraz profesora nadzwyczajnego na Uniwersytecie w Sienie. W ci\u0105gu tych lat, poza prowadzeniem szeroko rozumianych zaj\u0119\u0107 dydaktycznych ze studentami \u00a0(zar\u00f3wno w j\u0119zyku w\u0142oskim, jak i angielskim) aktywnie uczestniczy\u0142 w dzia\u0142alno\u015bci klinicznej i chirurgicznej, oddaj\u0105c si\u0119 chirurgii og\u00f3lnej i onkologicznej. W tym czasie zdoby\u0142 r\u00f3wnie\u017c rozleg\u0142e kompetencje i cenne kwalifikacje w dziedzinach takich jak: zaawansowana chirurgia onkologiczna uk\u0142adu pokarmowego przy u\u017cyciu robot\u00f3w da Vinci Si i da Vinci Xi, chirurgia og\u00f3lna i onkologiczna o niewielkim charakterze inwazyjnym, chirurgia ratunkowa oraz chirurgia &#8222;precyzyjna&#8221; dedykowana opiece klinicznej przed, w trakcie i po zabiegu nad &#8222;kruchym&#8221; pacjentem, niezale\u017cnie od wieku, ze zintegrowanym wielospecjalistycznym (internista-geriatra-dietetyk itp.) i wielowymiarowym podej\u015bciem.<\/p>\t\t\t\t\t\t<\/div>\n\t\t\t\t<\/div>\n\t\t\t\t<div class=\"elementor-element elementor-element-b17b8e7 elementor-invisible elementor-widget elementor-widget-text-editor\" data-id=\"b17b8e7\" data-element_type=\"widget\" data-settings=\"{&quot;_animation&quot;:&quot;fadeInRight&quot;}\" data-widget_type=\"text-editor.default\">\n\t\t\t\t<div class=\"elementor-widget-container\">\n\t\t\t\t\t\t\t<p><u>Ciekawe fakty z \u017cycia doktora Marano:<\/u><\/p><p>Ju\u017c w wieku 19 lat, b\u0119d\u0105c na drugim roku studi\u00f3w medycznych, doktor Marano opublikowa\u0142 w mi\u0119dzynarodowym czasopi\u015bmie <em>European Journal Of Morphology<\/em> swoje pierwsze badania naukowe zatytu\u0142owane &#8222;Nowa metoda tworzenia odlew\u00f3w naczy\u0144 krwiono\u015bnych i oskrzeli z narz\u0105d\u00f3w o du\u017cym wolumenie&#8221;.<\/p><p>W pa\u017adzierniku 2014 roku W\u0142oskie Towarzystwo Chirurgii przyzna\u0142o doktorowi Marano nagrod\u0119 &#8222;Ettore Ruggieri 2014&#8221;. Pan Marano zosta\u0142 uznany za najlepszego chirurga poni\u017cej 40 roku \u017cycia, kt\u00f3ry wyr\u00f3\u017cnia si\u0119 aktywno\u015bci\u0105 chirurgiczn\u0105 i naukow\u0105 w przypadkach dotycz\u0105cych chor\u00f3b uk\u0142adu pokarmowego i uk\u0142adu pokarmowo-prze\u0142ykowego.<\/p><p>W pa\u017adzierniku 2016 roku, b\u0119d\u0105c na dy\u017curze w karetce, pan Marano znalaz\u0142 si\u0119 w samym centrum wydarze\u0144 podczas katastrofalnego trz\u0119sienia ziemi. Przej\u0105\u0142 wtedy rol\u0119 koordynatora operacji medycznych na terenie kilku kilometr\u00f3w kwadratowych obszaru dotkni\u0119tego kataklizmem. Pracuj\u0105c nieustannie przez oko\u0142o 24 godziny ewakuowa\u0142 rannych i udziela\u0142 poszkodowanym pomocy medycznej. Za swoj\u0105 postaw\u0119 otrzyma\u0142 wyr\u00f3\u017cnienie od Okr\u0119gowej Izby Lekarskiej i Dentystycznej w Casercie, kt\u00f3ra dostrzeg\u0142a jego &#8222;<em>ludzko\u015b\u0107, wra\u017cliwo\u015b\u0107 i profesjonalizm<\/em>&#8222;.<\/p><p>Doktor Marano wykona\u0142 innowacyjny zabieg chirurgiczny zwi\u0105zany z obszarem prze\u0142ykowo-\u017co\u0142\u0105dkowym (chodzi\u0142o o przypadek dysfagii spowodowanej uciskiem prze\u0142yku przez aort\u0119 klatki piersiowej), korzystaj\u0105c zar\u00f3wno z pomocy robotycznej, jak i druku 3D. Za powy\u017csze osi\u0105gni\u0119cie otrzyma\u0142 wyr\u00f3\u017cnienie, gdy\u017c dokona\u0142 go jako pierwszy chirurg we W\u0142oszech i jako jeden z mniej ni\u017c dziesi\u0119ciu specjalist\u00f3w na \u015bwiecie.<\/p><p>W latach 2019-2021 doktor Marano pe\u0142ni\u0142 presti\u017cow\u0105 funkcj\u0119 Koordynatora Krajowego W\u0142oskiego Towarzystwa Onkologii Chirurgicznej &#8211; Young-SICO, organizuj\u0105c liczne praktyczne kursy (zaj\u0119cia laboratoryjne na zw\u0142okach) i kongresy krajowe dla Towarzystwa.<\/p><p>Doktor Marano bra\u0142 tak\u017ce udzia\u0142 w licznych mi\u0119dzynarodowych grupach badawczych, cz\u0119sto jako G\u0142\u00f3wny Badacz, co zaowocowa\u0142o publikacj\u0105 naukowo warto\u015bciowych i wp\u0142ywowych prac. Jego dotychczasowy dorobek to oko\u0142o 120 publikacji, kt\u00f3re ukaza\u0142y si\u0119 w wysoko ocenianych mi\u0119dzynarodowych czasopismach. Pan Marano pe\u0142ni rol\u0119 Edytora Sekcji i Zast\u0119pcy Redaktora Naczelnego kilku mi\u0119dzynarodowo uznawanych czasopism naukowych.<\/p><p>Pan Marano anga\u017cuje si\u0119 w badania naukowe w dziedzinie chirurgii (zw\u0142aszcza chirurgii ma\u0142oinwazyjnej), co zaowocowa\u0142o przyznaniem mu przez W\u0142oskie Towarzystwo Chirurgii Onkologicznej (SICO) nagrody za dzia\u0142alno\u015b\u0107 chirurgiczn\u0105 i badawcz\u0105 zwi\u0105zan\u0105 z patologiami onkologicznymi prze\u0142yku i \u017co\u0142\u0105dka.<\/p>\t\t\t\t\t\t<\/div>\n\t\t\t\t<\/div>\n\t\t\t\t\t<\/div>\n\t\t<\/div>\n\t\t\t\t\t<\/div>\n\t\t<\/section>\n\t\t\t\t<section class=\"elementor-section elementor-top-section elementor-element elementor-element-3f8c422 elementor-section-boxed elementor-section-height-default elementor-section-height-default\" data-id=\"3f8c422\" data-element_type=\"section\">\n\t\t\t\t\t\t<div class=\"elementor-container elementor-column-gap-default\">\n\t\t\t\t\t<div class=\"elementor-column elementor-col-100 elementor-top-column elementor-element elementor-element-c2c452c\" data-id=\"c2c452c\" data-element_type=\"column\">\n\t\t\t<div class=\"elementor-widget-wrap elementor-element-populated\">\n\t\t\t\t\t\t<div class=\"elementor-element elementor-element-eedacdd elementor-invisible elementor-widget elementor-widget-text-editor\" data-id=\"eedacdd\" data-element_type=\"widget\" data-settings=\"{&quot;_animation&quot;:&quot;fadeInUp&quot;}\" data-widget_type=\"text-editor.default\">\n\t\t\t\t<div class=\"elementor-widget-container\">\n\t\t\t\t\t\t\t<p>Niniejszy artyku\u0142 ma na celu przybli\u017cenie sylwetki nagradzanego i niezwykle cenionego w \u015brodowisku lekarskim onkologa, kt\u00f3ry pomimo wielu mi\u0119dzynarodowych sukces\u00f3w, wybitnej wiedzy i nieprzeci\u0119tnych osi\u0105gni\u0119\u0107 naukowych da\u0142 si\u0119 pozna\u0107 jako niezwykle skromny, przyst\u0119pny i charyzmatyczny cz\u0142owiek. Jeste\u015bmy niezwykle zaszczyceni, \u017ce do grona naukowego naszej Akademii do\u0142\u0105czy\u0142 znany z licznych i wybitnych osi\u0105gni\u0119\u0107 profesjonalista, pasjonat i do\u015bwiadczony wyk\u0142adowca akademicki. Wierzymy, \u017ce nawi\u0105zana niedawno wsp\u00f3\u0142praca b\u0119dzie owocna i pozwoli studentom kierunku lekarskiego poszerzy\u0107 perspektywy poprzez zdobywanie wiedzy wprost od wyj\u0105tkowego specjalisty i praktyka z zakresu chirurgii, robotyki, bada\u0144 i nauki.<\/p>\t\t\t\t\t\t<\/div>\n\t\t\t\t<\/div>\n\t\t\t\t<div class=\"elementor-element elementor-element-19dee22 elementor-widget elementor-widget-gallery\" data-id=\"19dee22\" data-element_type=\"widget\" data-settings=\"{&quot;aspect_ratio&quot;:&quot;1:1&quot;,&quot;lazyload&quot;:&quot;yes&quot;,&quot;gallery_layout&quot;:&quot;grid&quot;,&quot;columns&quot;:4,&quot;columns_tablet&quot;:2,&quot;columns_mobile&quot;:1,&quot;gap&quot;:{&quot;unit&quot;:&quot;px&quot;,&quot;size&quot;:10,&quot;sizes&quot;:[]},&quot;gap_tablet&quot;:{&quot;unit&quot;:&quot;px&quot;,&quot;size&quot;:10,&quot;sizes&quot;:[]},&quot;gap_mobile&quot;:{&quot;unit&quot;:&quot;px&quot;,&quot;size&quot;:10,&quot;sizes&quot;:[]},&quot;link_to&quot;:&quot;file&quot;,&quot;overlay_background&quot;:&quot;yes&quot;,&quot;content_hover_animation&quot;:&quot;fade-in&quot;}\" data-widget_type=\"gallery.default\">\n\t\t\t\t<div class=\"elementor-widget-container\">\n\t\t\t\t\t<div class=\"elementor-gallery__container\">\n\t\t\t\t\t\t\t<a class=\"e-gallery-item elementor-gallery-item elementor-animated-content\" href=\"https:\/\/amisns.edu.pl\/stara-wersja\/wp-content\/uploads\/Prof.-Marano_-002.jpeg\" data-elementor-open-lightbox=\"yes\" data-elementor-lightbox-slideshow=\"19dee22\" data-elementor-lightbox-title=\"Prof. Marano_ (002)\" data-e-action-hash=\"#elementor-action%3Aaction%3Dlightbox%26settings%3DeyJpZCI6MTM2MDYsInVybCI6Imh0dHBzOlwvXC9hbWlzbnMuZWR1LnBsXC9zdGFyYS13ZXJzamFcL3dwLWNvbnRlbnRcL3VwbG9hZHNcL1Byb2YuLU1hcmFub18tMDAyLmpwZWciLCJzbGlkZXNob3ciOiIxOWRlZTIyIn0%3D\">\n\t\t\t\t\t<div class=\"e-gallery-image elementor-gallery-item__image\" data-thumbnail=\"https:\/\/amisns.edu.pl\/stara-wersja\/wp-content\/uploads\/Prof.-Marano_-002.jpeg\" data-width=\"790\" data-height=\"995\" aria-label=\"\" role=\"img\" ><\/div>\n\t\t\t\t\t\t\t\t\t\t\t<div class=\"elementor-gallery-item__overlay\"><\/div>\n\t\t\t\t\t\t\t\t\t\t\t\t\t\t<\/a>\n\t\t\t\t\t\t\t<a class=\"e-gallery-item elementor-gallery-item elementor-animated-content\" href=\"https:\/\/amisns.edu.pl\/stara-wersja\/wp-content\/uploads\/1-20.jpg\" data-elementor-open-lightbox=\"yes\" data-elementor-lightbox-slideshow=\"19dee22\" data-elementor-lightbox-title=\"1\" data-e-action-hash=\"#elementor-action%3Aaction%3Dlightbox%26settings%3DeyJpZCI6MTM2MDIsInVybCI6Imh0dHBzOlwvXC9hbWlzbnMuZWR1LnBsXC9zdGFyYS13ZXJzamFcL3dwLWNvbnRlbnRcL3VwbG9hZHNcLzEtMjAuanBnIiwic2xpZGVzaG93IjoiMTlkZWUyMiJ9\">\n\t\t\t\t\t<div class=\"e-gallery-image elementor-gallery-item__image\" data-thumbnail=\"https:\/\/amisns.edu.pl\/stara-wersja\/wp-content\/uploads\/1-20.jpg\" data-width=\"762\" data-height=\"1080\" aria-label=\"\" role=\"img\" ><\/div>\n\t\t\t\t\t\t\t\t\t\t\t<div class=\"elementor-gallery-item__overlay\"><\/div>\n\t\t\t\t\t\t\t\t\t\t\t\t\t\t<\/a>\n\t\t\t\t\t\t\t<a class=\"e-gallery-item elementor-gallery-item elementor-animated-content\" href=\"https:\/\/amisns.edu.pl\/stara-wersja\/wp-content\/uploads\/3-16.jpg\" data-elementor-open-lightbox=\"yes\" data-elementor-lightbox-slideshow=\"19dee22\" data-elementor-lightbox-title=\"3\" data-e-action-hash=\"#elementor-action%3Aaction%3Dlightbox%26settings%3DeyJpZCI6MTM2MDQsInVybCI6Imh0dHBzOlwvXC9hbWlzbnMuZWR1LnBsXC9zdGFyYS13ZXJzamFcL3dwLWNvbnRlbnRcL3VwbG9hZHNcLzMtMTYuanBnIiwic2xpZGVzaG93IjoiMTlkZWUyMiJ9\">\n\t\t\t\t\t<div class=\"e-gallery-image elementor-gallery-item__image\" data-thumbnail=\"https:\/\/amisns.edu.pl\/stara-wersja\/wp-content\/uploads\/3-16.jpg\" data-width=\"1480\" data-height=\"1080\" aria-label=\"\" role=\"img\" ><\/div>\n\t\t\t\t\t\t\t\t\t\t\t<div class=\"elementor-gallery-item__overlay\"><\/div>\n\t\t\t\t\t\t\t\t\t\t\t\t\t\t<\/a>\n\t\t\t\t\t\t\t<a class=\"e-gallery-item elementor-gallery-item elementor-animated-content\" href=\"https:\/\/amisns.edu.pl\/stara-wersja\/wp-content\/uploads\/2-24.jpg\" data-elementor-open-lightbox=\"yes\" data-elementor-lightbox-slideshow=\"19dee22\" data-elementor-lightbox-title=\"2\" data-e-action-hash=\"#elementor-action%3Aaction%3Dlightbox%26settings%3DeyJpZCI6MTM2MTQsInVybCI6Imh0dHBzOlwvXC9hbWlzbnMuZWR1LnBsXC9zdGFyYS13ZXJzamFcL3dwLWNvbnRlbnRcL3VwbG9hZHNcLzItMjQuanBnIiwic2xpZGVzaG93IjoiMTlkZWUyMiJ9\">\n\t\t\t\t\t<div class=\"e-gallery-image elementor-gallery-item__image\" data-thumbnail=\"https:\/\/amisns.edu.pl\/stara-wersja\/wp-content\/uploads\/2-24.jpg\" data-width=\"810\" data-height=\"1080\" aria-label=\"\" role=\"img\" ><\/div>\n\t\t\t\t\t\t\t\t\t\t\t<div class=\"elementor-gallery-item__overlay\"><\/div>\n\t\t\t\t\t\t\t\t\t\t\t\t\t\t<\/a>\n\t\t\t\t\t<\/div>\n\t\t\t<\/div>\n\t\t\t\t<\/div>\n\t\t\t\t<div class=\"elementor-element elementor-element-790b6ac elementor-widget-divider--view-line elementor-widget elementor-widget-divider\" data-id=\"790b6ac\" data-element_type=\"widget\" data-widget_type=\"divider.default\">\n\t\t\t\t<div class=\"elementor-widget-container\">\n\t\t\t\t\t<div class=\"elementor-divider\">\n\t\t\t<span class=\"elementor-divider-separator\">\n\t\t\t\t\t\t<\/span>\n\t\t<\/div>\n\t\t\t\t<\/div>\n\t\t\t\t<\/div>\n\t\t\t\t\t<\/div>\n\t\t<\/div>\n\t\t\t\t\t<\/div>\n\t\t<\/section>\n\t\t\t\t<\/div>\n\t\t","protected":false},"excerpt":{"rendered":"<p>Latem bie\u017c\u0105cego roku kadr\u0119 akademick\u0105 i naukow\u0105 naszej uczelni zasili\u0142 doktor Luigi Marano, chirurg onkolog ze Szpitala Uniwersyteckiego w Sienie &#8211; wysoce wykszta\u0142cony i do\u015bwiadczony specjalista. Pan Luigi Marano stosunkowo wcze\u015bnie odkry\u0142 w sobie zami\u0142owanie do anatomii i jeszcze przed rozpocz\u0119ciem drugiego roku studi\u00f3w medycznych, b\u0119d\u0105c pod opiek\u0105 i nadzorem profesora Cosimo Passiatore, zdoby\u0142 tytu\u0142 [&hellip;]<\/p>\n","protected":false},"author":2,"featured_media":13612,"comment_status":"closed","ping_status":"closed","sticky":false,"template":"elementor_header_footer","format":"standard","meta":{"ocean_post_layout":"","ocean_both_sidebars_style":"","ocean_both_sidebars_content_width":0,"ocean_both_sidebars_sidebars_width":0,"ocean_sidebar":"0","ocean_second_sidebar":"0","ocean_disable_margins":"enable","ocean_add_body_class":"","ocean_shortcode_before_top_bar":"","ocean_shortcode_after_top_bar":"","ocean_shortcode_before_header":"","ocean_shortcode_after_header":"","ocean_has_shortcode":"","ocean_shortcode_after_title":"","ocean_shortcode_before_footer_widgets":"","ocean_shortcode_after_footer_widgets":"","ocean_shortcode_before_footer_bottom":"","ocean_shortcode_after_footer_bottom":"","ocean_display_top_bar":"default","ocean_display_header":"default","ocean_header_style":"","ocean_center_header_left_menu":"0","ocean_custom_header_template":"0","ocean_custom_logo":0,"ocean_custom_retina_logo":0,"ocean_custom_logo_max_width":0,"ocean_custom_logo_tablet_max_width":0,"ocean_custom_logo_mobile_max_width":0,"ocean_custom_logo_max_height":0,"ocean_custom_logo_tablet_max_height":0,"ocean_custom_logo_mobile_max_height":0,"ocean_header_custom_menu":"0","ocean_menu_typo_font_family":"0","ocean_menu_typo_font_subset":"","ocean_menu_typo_font_size":0,"ocean_menu_typo_font_size_tablet":0,"ocean_menu_typo_font_size_mobile":0,"ocean_menu_typo_font_size_unit":"px","ocean_menu_typo_font_weight":"","ocean_menu_typo_font_weight_tablet":"","ocean_menu_typo_font_weight_mobile":"","ocean_menu_typo_transform":"","ocean_menu_typo_transform_tablet":"","ocean_menu_typo_transform_mobile":"","ocean_menu_typo_line_height":0,"ocean_menu_typo_line_height_tablet":0,"ocean_menu_typo_line_height_mobile":0,"ocean_menu_typo_line_height_unit":"","ocean_menu_typo_spacing":0,"ocean_menu_typo_spacing_tablet":0,"ocean_menu_typo_spacing_mobile":0,"ocean_menu_typo_spacing_unit":"","ocean_menu_link_color":"","ocean_menu_link_color_hover":"","ocean_menu_link_color_active":"","ocean_menu_link_background":"","ocean_menu_link_hover_background":"","ocean_menu_link_active_background":"","ocean_menu_social_links_bg":"","ocean_menu_social_hover_links_bg":"","ocean_menu_social_links_color":"","ocean_menu_social_hover_links_color":"","ocean_disable_title":"default","ocean_disable_heading":"default","ocean_post_title":"","ocean_post_subheading":"","ocean_post_title_style":"","ocean_post_title_background_color":"","ocean_post_title_background":0,"ocean_post_title_bg_image_position":"","ocean_post_title_bg_image_attachment":"","ocean_post_title_bg_image_repeat":"","ocean_post_title_bg_image_size":"","ocean_post_title_height":0,"ocean_post_title_bg_overlay":0.5,"ocean_post_title_bg_overlay_color":"","ocean_disable_breadcrumbs":"default","ocean_breadcrumbs_color":"","ocean_breadcrumbs_separator_color":"","ocean_breadcrumbs_links_color":"","ocean_breadcrumbs_links_hover_color":"","ocean_display_footer_widgets":"default","ocean_display_footer_bottom":"default","ocean_custom_footer_template":"0","ocean_post_oembed":"","ocean_post_self_hosted_media":"","ocean_post_video_embed":"","ocean_link_format":"","ocean_link_format_target":"self","ocean_quote_format":"","ocean_quote_format_link":"post","ocean_gallery_link_images":"off","ocean_gallery_id":[],"footnotes":""},"categories":[29,34,28,1],"tags":[],"class_list":["post-13600","post","type-post","status-publish","format-standard","has-post-thumbnail","hentry","category-aktualnosci-biuro-karier","category-aktulnosci-wlek","category-glowne-aktualnosci","category-uncategorized","entry","has-media"],"yoast_head":"<!-- This site is optimized with the Yoast SEO plugin v23.7 - https:\/\/yoast.com\/wordpress\/plugins\/seo\/ -->\n<title>Profesor Luigi Marano - \u015bwiatowej s\u0142awy specjalista w szeregach kadry AMiSNS - AMISNS<\/title>\n<meta name=\"robots\" content=\"noindex, follow, max-snippet:-1, max-image-preview:large, max-video-preview:-1\" \/>\n<meta property=\"og:locale\" content=\"pl_PL\" \/>\n<meta property=\"og:type\" content=\"article\" \/>\n<meta property=\"og:title\" content=\"Profesor Luigi Marano - \u015bwiatowej s\u0142awy specjalista w szeregach kadry AMiSNS - AMISNS\" \/>\n<meta property=\"og:description\" content=\"Latem bie\u017c\u0105cego roku kadr\u0119 akademick\u0105 i naukow\u0105 naszej uczelni zasili\u0142 doktor Luigi Marano, chirurg onkolog ze Szpitala Uniwersyteckiego w Sienie &#8211; wysoce wykszta\u0142cony i do\u015bwiadczony specjalista. Pan Luigi Marano stosunkowo wcze\u015bnie odkry\u0142 w sobie zami\u0142owanie do anatomii i jeszcze przed rozpocz\u0119ciem drugiego roku studi\u00f3w medycznych, b\u0119d\u0105c pod opiek\u0105 i nadzorem profesora Cosimo Passiatore, zdoby\u0142 tytu\u0142 [&hellip;]\" \/>\n<meta property=\"og:url\" content=\"https:\/\/amisns.edu.pl\/stara-wersja\/profesor-luigi-marano-swiatowej-slawy-wykladowca-w-szeregach-kadry-amisns\/\" \/>\n<meta property=\"og:site_name\" content=\"AMISNS\" \/>\n<meta property=\"article:publisher\" content=\"https:\/\/www.facebook.com\/AMiSNSElblag\" \/>\n<meta property=\"article:published_time\" content=\"2023-10-23T10:44:08+00:00\" \/>\n<meta property=\"article:modified_time\" content=\"2024-06-14T12:24:56+00:00\" \/>\n<meta property=\"og:image\" content=\"https:\/\/amisns.edu.pl\/stara-wersja\/wp-content\/uploads\/Prof.-Luigi-Marano-with-daVinci-Xi-robot-?-kopia.jpeg\" \/>\n\t<meta property=\"og:image:width\" content=\"1152\" \/>\n\t<meta property=\"og:image:height\" content=\"1053\" \/>\n\t<meta property=\"og:image:type\" content=\"image\/jpeg\" \/>\n<meta name=\"author\" content=\"Biuro promocji\" \/>\n<meta name=\"twitter:card\" content=\"summary_large_image\" \/>\n<meta name=\"twitter:label1\" content=\"Napisane przez\" \/>\n\t<meta name=\"twitter:data1\" content=\"Biuro promocji\" \/>\n\t<meta name=\"twitter:label2\" content=\"Szacowany czas czytania\" \/>\n\t<meta name=\"twitter:data2\" content=\"9 minut\" \/>\n<script type=\"application\/ld+json\" class=\"yoast-schema-graph\">{\"@context\":\"https:\/\/schema.org\",\"@graph\":[{\"@type\":\"Article\",\"@id\":\"https:\/\/amisns.edu.pl\/stara-wersja\/profesor-luigi-marano-swiatowej-slawy-wykladowca-w-szeregach-kadry-amisns\/#article\",\"isPartOf\":{\"@id\":\"https:\/\/amisns.edu.pl\/stara-wersja\/profesor-luigi-marano-swiatowej-slawy-wykladowca-w-szeregach-kadry-amisns\/\"},\"author\":{\"name\":\"Biuro promocji\",\"@id\":\"https:\/\/amisns.edu.pl\/stara-wersja\/stara-wersja\/#\/schema\/person\/4868ddcf0f0d3f8b0c675e45540fd350\"},\"headline\":\"Profesor Luigi Marano &#8211; \u015bwiatowej s\u0142awy specjalista w szeregach kadry AMiSNS\",\"datePublished\":\"2023-10-23T10:44:08+00:00\",\"dateModified\":\"2024-06-14T12:24:56+00:00\",\"mainEntityOfPage\":{\"@id\":\"https:\/\/amisns.edu.pl\/stara-wersja\/profesor-luigi-marano-swiatowej-slawy-wykladowca-w-szeregach-kadry-amisns\/\"},\"wordCount\":1778,\"publisher\":{\"@id\":\"https:\/\/amisns.edu.pl\/stara-wersja\/stara-wersja\/#organization\"},\"image\":{\"@id\":\"https:\/\/amisns.edu.pl\/stara-wersja\/profesor-luigi-marano-swiatowej-slawy-wykladowca-w-szeregach-kadry-amisns\/#primaryimage\"},\"thumbnailUrl\":\"https:\/\/amisns.edu.pl\/stara-wersja\/wp-content\/uploads\/Prof.-Luigi-Marano-with-daVinci-Xi-robot-?-kopia.jpeg\",\"articleSection\":[\"Aktualno\u015bci Biuro karier\",\"Aktulno\u015bci WLEK\",\"G\u0142\u00f3wne aktualno\u015bci\",\"Uncategorized\"],\"inLanguage\":\"pl-PL\"},{\"@type\":\"WebPage\",\"@id\":\"https:\/\/amisns.edu.pl\/stara-wersja\/profesor-luigi-marano-swiatowej-slawy-wykladowca-w-szeregach-kadry-amisns\/\",\"url\":\"https:\/\/amisns.edu.pl\/stara-wersja\/profesor-luigi-marano-swiatowej-slawy-wykladowca-w-szeregach-kadry-amisns\/\",\"name\":\"Profesor Luigi Marano - \u015bwiatowej s\u0142awy specjalista w szeregach kadry AMiSNS - AMISNS\",\"isPartOf\":{\"@id\":\"https:\/\/amisns.edu.pl\/stara-wersja\/stara-wersja\/#website\"},\"primaryImageOfPage\":{\"@id\":\"https:\/\/amisns.edu.pl\/stara-wersja\/profesor-luigi-marano-swiatowej-slawy-wykladowca-w-szeregach-kadry-amisns\/#primaryimage\"},\"image\":{\"@id\":\"https:\/\/amisns.edu.pl\/stara-wersja\/profesor-luigi-marano-swiatowej-slawy-wykladowca-w-szeregach-kadry-amisns\/#primaryimage\"},\"thumbnailUrl\":\"https:\/\/amisns.edu.pl\/stara-wersja\/wp-content\/uploads\/Prof.-Luigi-Marano-with-daVinci-Xi-robot-?-kopia.jpeg\",\"datePublished\":\"2023-10-23T10:44:08+00:00\",\"dateModified\":\"2024-06-14T12:24:56+00:00\",\"breadcrumb\":{\"@id\":\"https:\/\/amisns.edu.pl\/stara-wersja\/profesor-luigi-marano-swiatowej-slawy-wykladowca-w-szeregach-kadry-amisns\/#breadcrumb\"},\"inLanguage\":\"pl-PL\",\"potentialAction\":[{\"@type\":\"ReadAction\",\"target\":[\"https:\/\/amisns.edu.pl\/stara-wersja\/profesor-luigi-marano-swiatowej-slawy-wykladowca-w-szeregach-kadry-amisns\/\"]}]},{\"@type\":\"ImageObject\",\"inLanguage\":\"pl-PL\",\"@id\":\"https:\/\/amisns.edu.pl\/stara-wersja\/profesor-luigi-marano-swiatowej-slawy-wykladowca-w-szeregach-kadry-amisns\/#primaryimage\",\"url\":\"https:\/\/amisns.edu.pl\/stara-wersja\/wp-content\/uploads\/Prof.-Luigi-Marano-with-daVinci-Xi-robot-?-kopia.jpeg\",\"contentUrl\":\"https:\/\/amisns.edu.pl\/stara-wersja\/wp-content\/uploads\/Prof.-Luigi-Marano-with-daVinci-Xi-robot-?-kopia.jpeg\"},{\"@type\":\"BreadcrumbList\",\"@id\":\"https:\/\/amisns.edu.pl\/stara-wersja\/profesor-luigi-marano-swiatowej-slawy-wykladowca-w-szeregach-kadry-amisns\/#breadcrumb\",\"itemListElement\":[{\"@type\":\"ListItem\",\"position\":1,\"name\":\"Strona g\u0142\u00f3wna\",\"item\":\"https:\/\/amisns.edu.pl\/stara-wersja\/\"},{\"@type\":\"ListItem\",\"position\":2,\"name\":\"Profesor Luigi Marano &#8211; \u015bwiatowej s\u0142awy specjalista w szeregach kadry AMiSNS\"}]},{\"@type\":\"WebSite\",\"@id\":\"https:\/\/amisns.edu.pl\/stara-wersja\/stara-wersja\/#website\",\"url\":\"https:\/\/amisns.edu.pl\/stara-wersja\/stara-wersja\/\",\"name\":\"AMISNS\",\"description\":\"Akademia Medycznych i Spo\u0142ecznych nauk stosowanych\",\"publisher\":{\"@id\":\"https:\/\/amisns.edu.pl\/stara-wersja\/stara-wersja\/#organization\"},\"potentialAction\":[{\"@type\":\"SearchAction\",\"target\":{\"@type\":\"EntryPoint\",\"urlTemplate\":\"https:\/\/amisns.edu.pl\/stara-wersja\/stara-wersja\/?s={search_term_string}\"},\"query-input\":{\"@type\":\"PropertyValueSpecification\",\"valueRequired\":true,\"valueName\":\"search_term_string\"}}],\"inLanguage\":\"pl-PL\"},{\"@type\":\"Organization\",\"@id\":\"https:\/\/amisns.edu.pl\/stara-wersja\/stara-wersja\/#organization\",\"name\":\"AMISNS\",\"url\":\"https:\/\/amisns.edu.pl\/stara-wersja\/stara-wersja\/\",\"logo\":{\"@type\":\"ImageObject\",\"inLanguage\":\"pl-PL\",\"@id\":\"https:\/\/amisns.edu.pl\/stara-wersja\/stara-wersja\/#\/schema\/logo\/image\/\",\"url\":\"https:\/\/amisns.edu.pl\/stara-wersja\/wp-content\/uploads\/2022\/12\/Znak-AMiSNS-na-strone-www-4k.png\",\"contentUrl\":\"https:\/\/amisns.edu.pl\/stara-wersja\/wp-content\/uploads\/2022\/12\/Znak-AMiSNS-na-strone-www-4k.png\",\"width\":1920,\"height\":523,\"caption\":\"AMISNS\"},\"image\":{\"@id\":\"https:\/\/amisns.edu.pl\/stara-wersja\/stara-wersja\/#\/schema\/logo\/image\/\"},\"sameAs\":[\"https:\/\/www.facebook.com\/AMiSNSElblag\"]},{\"@type\":\"Person\",\"@id\":\"https:\/\/amisns.edu.pl\/stara-wersja\/stara-wersja\/#\/schema\/person\/4868ddcf0f0d3f8b0c675e45540fd350\",\"name\":\"Biuro promocji\",\"image\":{\"@type\":\"ImageObject\",\"inLanguage\":\"pl-PL\",\"@id\":\"https:\/\/amisns.edu.pl\/stara-wersja\/stara-wersja\/#\/schema\/person\/image\/\",\"url\":\"https:\/\/secure.gravatar.com\/avatar\/ba1c61f2c67d3536a6e469d64619f0d0?s=96&d=mm&r=g\",\"contentUrl\":\"https:\/\/secure.gravatar.com\/avatar\/ba1c61f2c67d3536a6e469d64619f0d0?s=96&d=mm&r=g\",\"caption\":\"Biuro promocji\"},\"url\":\"https:\/\/amisns.edu.pl\/stara-wersja\/author\/biuro-promocji\/\"}]}<\/script>\n<!-- \/ Yoast SEO plugin. -->","yoast_head_json":{"title":"Profesor Luigi Marano - \u015bwiatowej s\u0142awy specjalista w szeregach kadry AMiSNS - AMISNS","robots":{"index":"noindex","follow":"follow","max-snippet":"max-snippet:-1","max-image-preview":"max-image-preview:large","max-video-preview":"max-video-preview:-1"},"og_locale":"pl_PL","og_type":"article","og_title":"Profesor Luigi Marano - \u015bwiatowej s\u0142awy specjalista w szeregach kadry AMiSNS - AMISNS","og_description":"Latem bie\u017c\u0105cego roku kadr\u0119 akademick\u0105 i naukow\u0105 naszej uczelni zasili\u0142 doktor Luigi Marano, chirurg onkolog ze Szpitala Uniwersyteckiego w Sienie &#8211; wysoce wykszta\u0142cony i do\u015bwiadczony specjalista. Pan Luigi Marano stosunkowo wcze\u015bnie odkry\u0142 w sobie zami\u0142owanie do anatomii i jeszcze przed rozpocz\u0119ciem drugiego roku studi\u00f3w medycznych, b\u0119d\u0105c pod opiek\u0105 i nadzorem profesora Cosimo Passiatore, zdoby\u0142 tytu\u0142 [&hellip;]","og_url":"https:\/\/amisns.edu.pl\/stara-wersja\/profesor-luigi-marano-swiatowej-slawy-wykladowca-w-szeregach-kadry-amisns\/","og_site_name":"AMISNS","article_publisher":"https:\/\/www.facebook.com\/AMiSNSElblag","article_published_time":"2023-10-23T10:44:08+00:00","article_modified_time":"2024-06-14T12:24:56+00:00","og_image":[{"width":1152,"height":1053,"url":"https:\/\/amisns.edu.pl\/stara-wersja\/wp-content\/uploads\/Prof.-Luigi-Marano-with-daVinci-Xi-robot-?-kopia.jpeg","type":"image\/jpeg"}],"author":"Biuro promocji","twitter_card":"summary_large_image","twitter_misc":{"Napisane przez":"Biuro promocji","Szacowany czas czytania":"9 minut"},"schema":{"@context":"https:\/\/schema.org","@graph":[{"@type":"Article","@id":"https:\/\/amisns.edu.pl\/stara-wersja\/profesor-luigi-marano-swiatowej-slawy-wykladowca-w-szeregach-kadry-amisns\/#article","isPartOf":{"@id":"https:\/\/amisns.edu.pl\/stara-wersja\/profesor-luigi-marano-swiatowej-slawy-wykladowca-w-szeregach-kadry-amisns\/"},"author":{"name":"Biuro promocji","@id":"https:\/\/amisns.edu.pl\/stara-wersja\/stara-wersja\/#\/schema\/person\/4868ddcf0f0d3f8b0c675e45540fd350"},"headline":"Profesor Luigi Marano &#8211; \u015bwiatowej s\u0142awy specjalista w szeregach kadry AMiSNS","datePublished":"2023-10-23T10:44:08+00:00","dateModified":"2024-06-14T12:24:56+00:00","mainEntityOfPage":{"@id":"https:\/\/amisns.edu.pl\/stara-wersja\/profesor-luigi-marano-swiatowej-slawy-wykladowca-w-szeregach-kadry-amisns\/"},"wordCount":1778,"publisher":{"@id":"https:\/\/amisns.edu.pl\/stara-wersja\/stara-wersja\/#organization"},"image":{"@id":"https:\/\/amisns.edu.pl\/stara-wersja\/profesor-luigi-marano-swiatowej-slawy-wykladowca-w-szeregach-kadry-amisns\/#primaryimage"},"thumbnailUrl":"https:\/\/amisns.edu.pl\/stara-wersja\/wp-content\/uploads\/Prof.-Luigi-Marano-with-daVinci-Xi-robot-?-kopia.jpeg","articleSection":["Aktualno\u015bci Biuro karier","Aktulno\u015bci WLEK","G\u0142\u00f3wne aktualno\u015bci","Uncategorized"],"inLanguage":"pl-PL"},{"@type":"WebPage","@id":"https:\/\/amisns.edu.pl\/stara-wersja\/profesor-luigi-marano-swiatowej-slawy-wykladowca-w-szeregach-kadry-amisns\/","url":"https:\/\/amisns.edu.pl\/stara-wersja\/profesor-luigi-marano-swiatowej-slawy-wykladowca-w-szeregach-kadry-amisns\/","name":"Profesor Luigi Marano - \u015bwiatowej s\u0142awy specjalista w szeregach kadry AMiSNS - AMISNS","isPartOf":{"@id":"https:\/\/amisns.edu.pl\/stara-wersja\/stara-wersja\/#website"},"primaryImageOfPage":{"@id":"https:\/\/amisns.edu.pl\/stara-wersja\/profesor-luigi-marano-swiatowej-slawy-wykladowca-w-szeregach-kadry-amisns\/#primaryimage"},"image":{"@id":"https:\/\/amisns.edu.pl\/stara-wersja\/profesor-luigi-marano-swiatowej-slawy-wykladowca-w-szeregach-kadry-amisns\/#primaryimage"},"thumbnailUrl":"https:\/\/amisns.edu.pl\/stara-wersja\/wp-content\/uploads\/Prof.-Luigi-Marano-with-daVinci-Xi-robot-?-kopia.jpeg","datePublished":"2023-10-23T10:44:08+00:00","dateModified":"2024-06-14T12:24:56+00:00","breadcrumb":{"@id":"https:\/\/amisns.edu.pl\/stara-wersja\/profesor-luigi-marano-swiatowej-slawy-wykladowca-w-szeregach-kadry-amisns\/#breadcrumb"},"inLanguage":"pl-PL","potentialAction":[{"@type":"ReadAction","target":["https:\/\/amisns.edu.pl\/stara-wersja\/profesor-luigi-marano-swiatowej-slawy-wykladowca-w-szeregach-kadry-amisns\/"]}]},{"@type":"ImageObject","inLanguage":"pl-PL","@id":"https:\/\/amisns.edu.pl\/stara-wersja\/profesor-luigi-marano-swiatowej-slawy-wykladowca-w-szeregach-kadry-amisns\/#primaryimage","url":"https:\/\/amisns.edu.pl\/stara-wersja\/wp-content\/uploads\/Prof.-Luigi-Marano-with-daVinci-Xi-robot-?-kopia.jpeg","contentUrl":"https:\/\/amisns.edu.pl\/stara-wersja\/wp-content\/uploads\/Prof.-Luigi-Marano-with-daVinci-Xi-robot-?-kopia.jpeg"},{"@type":"BreadcrumbList","@id":"https:\/\/amisns.edu.pl\/stara-wersja\/profesor-luigi-marano-swiatowej-slawy-wykladowca-w-szeregach-kadry-amisns\/#breadcrumb","itemListElement":[{"@type":"ListItem","position":1,"name":"Strona g\u0142\u00f3wna","item":"https:\/\/amisns.edu.pl\/stara-wersja\/"},{"@type":"ListItem","position":2,"name":"Profesor Luigi Marano &#8211; \u015bwiatowej s\u0142awy specjalista w szeregach kadry AMiSNS"}]},{"@type":"WebSite","@id":"https:\/\/amisns.edu.pl\/stara-wersja\/stara-wersja\/#website","url":"https:\/\/amisns.edu.pl\/stara-wersja\/stara-wersja\/","name":"AMISNS","description":"Akademia Medycznych i Spo\u0142ecznych nauk stosowanych","publisher":{"@id":"https:\/\/amisns.edu.pl\/stara-wersja\/stara-wersja\/#organization"},"potentialAction":[{"@type":"SearchAction","target":{"@type":"EntryPoint","urlTemplate":"https:\/\/amisns.edu.pl\/stara-wersja\/stara-wersja\/?s={search_term_string}"},"query-input":{"@type":"PropertyValueSpecification","valueRequired":true,"valueName":"search_term_string"}}],"inLanguage":"pl-PL"},{"@type":"Organization","@id":"https:\/\/amisns.edu.pl\/stara-wersja\/stara-wersja\/#organization","name":"AMISNS","url":"https:\/\/amisns.edu.pl\/stara-wersja\/stara-wersja\/","logo":{"@type":"ImageObject","inLanguage":"pl-PL","@id":"https:\/\/amisns.edu.pl\/stara-wersja\/stara-wersja\/#\/schema\/logo\/image\/","url":"https:\/\/amisns.edu.pl\/stara-wersja\/wp-content\/uploads\/2022\/12\/Znak-AMiSNS-na-strone-www-4k.png","contentUrl":"https:\/\/amisns.edu.pl\/stara-wersja\/wp-content\/uploads\/2022\/12\/Znak-AMiSNS-na-strone-www-4k.png","width":1920,"height":523,"caption":"AMISNS"},"image":{"@id":"https:\/\/amisns.edu.pl\/stara-wersja\/stara-wersja\/#\/schema\/logo\/image\/"},"sameAs":["https:\/\/www.facebook.com\/AMiSNSElblag"]},{"@type":"Person","@id":"https:\/\/amisns.edu.pl\/stara-wersja\/stara-wersja\/#\/schema\/person\/4868ddcf0f0d3f8b0c675e45540fd350","name":"Biuro promocji","image":{"@type":"ImageObject","inLanguage":"pl-PL","@id":"https:\/\/amisns.edu.pl\/stara-wersja\/stara-wersja\/#\/schema\/person\/image\/","url":"https:\/\/secure.gravatar.com\/avatar\/ba1c61f2c67d3536a6e469d64619f0d0?s=96&d=mm&r=g","contentUrl":"https:\/\/secure.gravatar.com\/avatar\/ba1c61f2c67d3536a6e469d64619f0d0?s=96&d=mm&r=g","caption":"Biuro promocji"},"url":"https:\/\/amisns.edu.pl\/stara-wersja\/author\/biuro-promocji\/"}]}},"_links":{"self":[{"href":"https:\/\/amisns.edu.pl\/stara-wersja\/wp-json\/wp\/v2\/posts\/13600"}],"collection":[{"href":"https:\/\/amisns.edu.pl\/stara-wersja\/wp-json\/wp\/v2\/posts"}],"about":[{"href":"https:\/\/amisns.edu.pl\/stara-wersja\/wp-json\/wp\/v2\/types\/post"}],"author":[{"embeddable":true,"href":"https:\/\/amisns.edu.pl\/stara-wersja\/wp-json\/wp\/v2\/users\/2"}],"replies":[{"embeddable":true,"href":"https:\/\/amisns.edu.pl\/stara-wersja\/wp-json\/wp\/v2\/comments?post=13600"}],"version-history":[{"count":22,"href":"https:\/\/amisns.edu.pl\/stara-wersja\/wp-json\/wp\/v2\/posts\/13600\/revisions"}],"predecessor-version":[{"id":22517,"href":"https:\/\/amisns.edu.pl\/stara-wersja\/wp-json\/wp\/v2\/posts\/13600\/revisions\/22517"}],"wp:featuredmedia":[{"embeddable":true,"href":"https:\/\/amisns.edu.pl\/stara-wersja\/wp-json\/wp\/v2\/media\/13612"}],"wp:attachment":[{"href":"https:\/\/amisns.edu.pl\/stara-wersja\/wp-json\/wp\/v2\/media?parent=13600"}],"wp:term":[{"taxonomy":"category","embeddable":true,"href":"https:\/\/amisns.edu.pl\/stara-wersja\/wp-json\/wp\/v2\/categories?post=13600"},{"taxonomy":"post_tag","embeddable":true,"href":"https:\/\/amisns.edu.pl\/stara-wersja\/wp-json\/wp\/v2\/tags?post=13600"}],"curies":[{"name":"wp","href":"https:\/\/api.w.org\/{rel}","templated":true}]}}