{"id":13759,"date":"2023-10-30T11:25:18","date_gmt":"2023-10-30T10:25:18","guid":{"rendered":"https:\/\/amisns.edu.pl\/?p=13759"},"modified":"2024-06-14T13:24:27","modified_gmt":"2024-06-14T12:24:27","slug":"elblaskie-stowarzyszenie-organizatorow-pomocy-spolecznej-poszukuje-psychologa","status":"publish","type":"post","link":"https:\/\/amisns.edu.pl\/stara-wersja\/elblaskie-stowarzyszenie-organizatorow-pomocy-spolecznej-poszukuje-psychologa\/","title":{"rendered":"Elbl\u0105skie stowarzyszenie organizator\u00f3w pomocy spo\u0142ecznej poszukuje PSYCHOLOGA"},"content":{"rendered":"\t\t<div data-elementor-type=\"wp-post\" data-elementor-id=\"13759\" class=\"elementor elementor-13759\" data-elementor-post-type=\"post\">\n\t\t\t\t\t\t<section class=\"elementor-section elementor-top-section elementor-element elementor-element-e318bb6 elementor-section-boxed elementor-section-height-default elementor-section-height-default\" data-id=\"e318bb6\" data-element_type=\"section\">\n\t\t\t\t\t\t<div class=\"elementor-container elementor-column-gap-default\">\n\t\t\t\t\t<div class=\"elementor-column elementor-col-100 elementor-top-column elementor-element elementor-element-8728edc\" data-id=\"8728edc\" data-element_type=\"column\">\n\t\t\t<div class=\"elementor-widget-wrap elementor-element-populated\">\n\t\t\t\t\t\t<div class=\"elementor-element elementor-element-a0a70a6 elementor-widget elementor-widget-theme-post-featured-image elementor-widget-image\" data-id=\"a0a70a6\" data-element_type=\"widget\" data-widget_type=\"theme-post-featured-image.default\">\n\t\t\t\t<div class=\"elementor-widget-container\">\n\t\t\t\t\t\t\t\t\t\t\t\t\t<img fetchpriority=\"high\" decoding=\"async\" width=\"300\" height=\"250\" src=\"https:\/\/amisns.edu.pl\/stara-wersja\/wp-content\/uploads\/Bez-tytulu-740\u00d7350-px-300\u00d7250-px-1.jpg\" class=\"attachment-full size-full wp-image-13760\" alt=\"\" \/>\t\t\t\t\t\t\t\t\t\t\t\t\t<\/div>\n\t\t\t\t<\/div>\n\t\t\t\t\t<\/div>\n\t\t<\/div>\n\t\t\t\t\t<\/div>\n\t\t<\/section>\n\t\t\t\t<section class=\"elementor-section elementor-top-section elementor-element elementor-element-ad00f9c elementor-section-boxed elementor-section-height-default elementor-section-height-default\" data-id=\"ad00f9c\" data-element_type=\"section\">\n\t\t\t\t\t\t<div class=\"elementor-container elementor-column-gap-default\">\n\t\t\t\t\t<div class=\"elementor-column elementor-col-100 elementor-top-column elementor-element elementor-element-3b18ee4\" data-id=\"3b18ee4\" data-element_type=\"column\">\n\t\t\t<div class=\"elementor-widget-wrap elementor-element-populated\">\n\t\t\t\t\t\t<div class=\"elementor-element elementor-element-a907473 elementor-widget elementor-widget-theme-post-title elementor-page-title elementor-widget-heading\" data-id=\"a907473\" data-element_type=\"widget\" data-widget_type=\"theme-post-title.default\">\n\t\t\t\t<div class=\"elementor-widget-container\">\n\t\t\t<h1 class=\"elementor-heading-title elementor-size-large\">Elbl\u0105skie stowarzyszenie organizator\u00f3w pomocy spo\u0142ecznej poszukuje PSYCHOLOGA<\/h1>\t\t<\/div>\n\t\t\t\t<\/div>\n\t\t\t\t\t<\/div>\n\t\t<\/div>\n\t\t\t\t\t<\/div>\n\t\t<\/section>\n\t\t\t\t<section class=\"elementor-section elementor-top-section elementor-element elementor-element-feaf35e elementor-section-boxed elementor-section-height-default elementor-section-height-default\" data-id=\"feaf35e\" data-element_type=\"section\">\n\t\t\t\t\t\t<div class=\"elementor-container elementor-column-gap-default\">\n\t\t\t\t\t<div class=\"elementor-column elementor-col-100 elementor-top-column elementor-element elementor-element-1d0477f\" data-id=\"1d0477f\" data-element_type=\"column\">\n\t\t\t<div class=\"elementor-widget-wrap elementor-element-populated\">\n\t\t\t\t\t\t<div class=\"elementor-element elementor-element-f825101 elementor-widget elementor-widget-post-info\" data-id=\"f825101\" data-element_type=\"widget\" data-widget_type=\"post-info.default\">\n\t\t\t\t<div class=\"elementor-widget-container\">\n\t\t\t\t\t<ul class=\"elementor-inline-items elementor-icon-list-items elementor-post-info\">\n\t\t\t\t\t\t\t\t<li class=\"elementor-icon-list-item elementor-repeater-item-e96c65c elementor-inline-item\" itemprop=\"datePublished\">\n\t\t\t\t\t\t<a href=\"https:\/\/amisns.edu.pl\/stara-wersja\/2023\/10\/30\/\">\n\t\t\t\t\t\t\t\t\t\t\t<span class=\"elementor-icon-list-icon\">\n\t\t\t\t\t\t\t\t<i aria-hidden=\"true\" class=\"fas fa-calendar\"><\/i>\t\t\t\t\t\t\t<\/span>\n\t\t\t\t\t\t\t\t\t<span class=\"elementor-icon-list-text elementor-post-info__item elementor-post-info__item--type-date\">\n\t\t\t\t\t\t\t\t\t\t<time>30 pa\u017adziernika, 2023<\/time>\t\t\t\t\t<\/span>\n\t\t\t\t\t\t\t\t\t<\/a>\n\t\t\t\t<\/li>\n\t\t\t\t<\/ul>\n\t\t\t\t<\/div>\n\t\t\t\t<\/div>\n\t\t\t\t\t<\/div>\n\t\t<\/div>\n\t\t\t\t\t<\/div>\n\t\t<\/section>\n\t\t\t\t<section class=\"elementor-section elementor-top-section elementor-element elementor-element-084507c elementor-section-boxed elementor-section-height-default elementor-section-height-default\" data-id=\"084507c\" data-element_type=\"section\">\n\t\t\t\t\t\t<div class=\"elementor-container elementor-column-gap-default\">\n\t\t\t\t\t<div class=\"elementor-column elementor-col-100 elementor-top-column elementor-element elementor-element-23e4c93\" data-id=\"23e4c93\" data-element_type=\"column\">\n\t\t\t<div class=\"elementor-widget-wrap elementor-element-populated\">\n\t\t\t\t\t\t<div class=\"elementor-element elementor-element-073fa96 elementor-widget elementor-widget-text-editor\" data-id=\"073fa96\" data-element_type=\"widget\" data-widget_type=\"text-editor.default\">\n\t\t\t\t<div class=\"elementor-widget-container\">\n\t\t\t\t\t\t\t<p>Elbl\u0105skie Stowarzyszenie Organizator\u00f3w Pomocy Spo\u0142ecznej, oddzia\u0142 w Kwietniewie, poszukuje psychologa na ca\u0142y etat.\u00a0<\/p><p>Wszystkie szczeg\u00f3\u0142y oferty znajduj\u0105 si\u0119 na stronie Powiatowego Urz\u0119du Pracy &#8211;&gt; <a href=\"https:\/\/oferty.praca.gov.pl\/portal\/index.cbop#\/szczegolyOferty?f0a7af37ec5338d801611a4f0079be88\">tutaj<\/a>.\u00a0<\/p><p>Zapraszamy do zapoznania si\u0119 z ofert\u0105.\u00a0<\/p>\t\t\t\t\t\t<\/div>\n\t\t\t\t<\/div>\n\t\t\t\t\t<\/div>\n\t\t<\/div>\n\t\t\t\t\t<\/div>\n\t\t<\/section>\n\t\t\t\t<\/div>\n\t\t","protected":false},"excerpt":{"rendered":"<p>Elbl\u0105skie Stowarzyszenie Organizator\u00f3w Pomocy Spo\u0142ecznej, oddzia\u0142 w Kwietniewie, poszukuje psychologa na ca\u0142y etat.\u00a0 Wszystkie szczeg\u00f3\u0142y oferty znajduj\u0105 si\u0119 na stronie Powiatowego Urz\u0119du Pracy &#8211;&gt; tutaj.\u00a0 Zapraszamy do zapoznania si\u0119 z ofert\u0105.\u00a0<\/p>\n","protected":false},"author":2,"featured_media":13760,"comment_status":"closed","ping_status":"closed","sticky":false,"template":"elementor_header_footer","format":"standard","meta":{"ocean_post_layout":"","ocean_both_sidebars_style":"","ocean_both_sidebars_content_width":0,"ocean_both_sidebars_sidebars_width":0,"ocean_sidebar":"0","ocean_second_sidebar":"0","ocean_disable_margins":"enable","ocean_add_body_class":"","ocean_shortcode_before_top_bar":"","ocean_shortcode_after_top_bar":"","ocean_shortcode_before_header":"","ocean_shortcode_after_header":"","ocean_has_shortcode":"","ocean_shortcode_after_title":"","ocean_shortcode_before_footer_widgets":"","ocean_shortcode_after_footer_widgets":"","ocean_shortcode_before_footer_bottom":"","ocean_shortcode_after_footer_bottom":"","ocean_display_top_bar":"default","ocean_display_header":"default","ocean_header_style":"","ocean_center_header_left_menu":"0","ocean_custom_header_template":"0","ocean_custom_logo":0,"ocean_custom_retina_logo":0,"ocean_custom_logo_max_width":0,"ocean_custom_logo_tablet_max_width":0,"ocean_custom_logo_mobile_max_width":0,"ocean_custom_logo_max_height":0,"ocean_custom_logo_tablet_max_height":0,"ocean_custom_logo_mobile_max_height":0,"ocean_header_custom_menu":"0","ocean_menu_typo_font_family":"0","ocean_menu_typo_font_subset":"","ocean_menu_typo_font_size":0,"ocean_menu_typo_font_size_tablet":0,"ocean_menu_typo_font_size_mobile":0,"ocean_menu_typo_font_size_unit":"px","ocean_menu_typo_font_weight":"","ocean_menu_typo_font_weight_tablet":"","ocean_menu_typo_font_weight_mobile":"","ocean_menu_typo_transform":"","ocean_menu_typo_transform_tablet":"","ocean_menu_typo_transform_mobile":"","ocean_menu_typo_line_height":0,"ocean_menu_typo_line_height_tablet":0,"ocean_menu_typo_line_height_mobile":0,"ocean_menu_typo_line_height_unit":"","ocean_menu_typo_spacing":0,"ocean_menu_typo_spacing_tablet":0,"ocean_menu_typo_spacing_mobile":0,"ocean_menu_typo_spacing_unit":"","ocean_menu_link_color":"","ocean_menu_link_color_hover":"","ocean_menu_link_color_active":"","ocean_menu_link_background":"","ocean_menu_link_hover_background":"","ocean_menu_link_active_background":"","ocean_menu_social_links_bg":"","ocean_menu_social_hover_links_bg":"","ocean_menu_social_links_color":"","ocean_menu_social_hover_links_color":"","ocean_disable_title":"default","ocean_disable_heading":"default","ocean_post_title":"","ocean_post_subheading":"","ocean_post_title_style":"","ocean_post_title_background_color":"","ocean_post_title_background":0,"ocean_post_title_bg_image_position":"","ocean_post_title_bg_image_attachment":"","ocean_post_title_bg_image_repeat":"","ocean_post_title_bg_image_size":"","ocean_post_title_height":0,"ocean_post_title_bg_overlay":0.5,"ocean_post_title_bg_overlay_color":"","ocean_disable_breadcrumbs":"default","ocean_breadcrumbs_color":"","ocean_breadcrumbs_separator_color":"","ocean_breadcrumbs_links_color":"","ocean_breadcrumbs_links_hover_color":"","ocean_display_footer_widgets":"default","ocean_display_footer_bottom":"default","ocean_custom_footer_template":"0","ocean_post_oembed":"","ocean_post_self_hosted_media":"","ocean_post_video_embed":"","ocean_link_format":"","ocean_link_format_target":"self","ocean_quote_format":"","ocean_quote_format_link":"post","ocean_gallery_link_images":"off","ocean_gallery_id":[],"footnotes":""},"categories":[29,1],"tags":[],"class_list":["post-13759","post","type-post","status-publish","format-standard","has-post-thumbnail","hentry","category-aktualnosci-biuro-karier","category-uncategorized","entry","has-media"],"yoast_head":"<!-- This site is optimized with the Yoast SEO plugin v23.7 - https:\/\/yoast.com\/wordpress\/plugins\/seo\/ -->\n<title>Elbl\u0105skie stowarzyszenie organizator\u00f3w pomocy spo\u0142ecznej poszukuje PSYCHOLOGA - AMISNS<\/title>\n<meta name=\"robots\" content=\"noindex, follow, max-snippet:-1, max-image-preview:large, max-video-preview:-1\" \/>\n<meta property=\"og:locale\" content=\"pl_PL\" \/>\n<meta property=\"og:type\" content=\"article\" \/>\n<meta property=\"og:title\" content=\"Elbl\u0105skie stowarzyszenie organizator\u00f3w pomocy spo\u0142ecznej poszukuje PSYCHOLOGA - AMISNS\" \/>\n<meta property=\"og:description\" content=\"Elbl\u0105skie Stowarzyszenie Organizator\u00f3w Pomocy Spo\u0142ecznej, oddzia\u0142 w Kwietniewie, poszukuje psychologa na ca\u0142y etat.\u00a0 Wszystkie szczeg\u00f3\u0142y oferty znajduj\u0105 si\u0119 na stronie Powiatowego Urz\u0119du Pracy &#8211;&gt; tutaj.\u00a0 Zapraszamy do zapoznania si\u0119 z ofert\u0105.\u00a0\" \/>\n<meta property=\"og:url\" content=\"https:\/\/amisns.edu.pl\/stara-wersja\/elblaskie-stowarzyszenie-organizatorow-pomocy-spolecznej-poszukuje-psychologa\/\" \/>\n<meta property=\"og:site_name\" content=\"AMISNS\" \/>\n<meta property=\"article:publisher\" content=\"https:\/\/www.facebook.com\/AMiSNSElblag\" \/>\n<meta property=\"article:published_time\" content=\"2023-10-30T10:25:18+00:00\" \/>\n<meta property=\"article:modified_time\" content=\"2024-06-14T12:24:27+00:00\" \/>\n<meta property=\"og:image\" content=\"https:\/\/amisns.edu.pl\/stara-wersja\/wp-content\/uploads\/Bez-tytulu-740\u00d7350-px-300\u00d7250-px-1.jpg\" \/>\n\t<meta property=\"og:image:width\" content=\"300\" \/>\n\t<meta property=\"og:image:height\" content=\"250\" \/>\n\t<meta property=\"og:image:type\" content=\"image\/jpeg\" \/>\n<meta name=\"author\" content=\"Biuro promocji\" \/>\n<meta name=\"twitter:card\" content=\"summary_large_image\" \/>\n<meta name=\"twitter:label1\" content=\"Napisane przez\" \/>\n\t<meta name=\"twitter:data1\" content=\"Biuro promocji\" \/>\n\t<meta name=\"twitter:label2\" content=\"Szacowany czas czytania\" \/>\n\t<meta name=\"twitter:data2\" content=\"1 minuta\" \/>\n<script type=\"application\/ld+json\" class=\"yoast-schema-graph\">{\"@context\":\"https:\/\/schema.org\",\"@graph\":[{\"@type\":\"Article\",\"@id\":\"https:\/\/amisns.edu.pl\/stara-wersja\/elblaskie-stowarzyszenie-organizatorow-pomocy-spolecznej-poszukuje-psychologa\/#article\",\"isPartOf\":{\"@id\":\"https:\/\/amisns.edu.pl\/stara-wersja\/elblaskie-stowarzyszenie-organizatorow-pomocy-spolecznej-poszukuje-psychologa\/\"},\"author\":{\"name\":\"Biuro promocji\",\"@id\":\"https:\/\/amisns.edu.pl\/stara-wersja\/stara-wersja\/#\/schema\/person\/4868ddcf0f0d3f8b0c675e45540fd350\"},\"headline\":\"Elbl\u0105skie stowarzyszenie organizator\u00f3w pomocy spo\u0142ecznej poszukuje PSYCHOLOGA\",\"datePublished\":\"2023-10-30T10:25:18+00:00\",\"dateModified\":\"2024-06-14T12:24:27+00:00\",\"mainEntityOfPage\":{\"@id\":\"https:\/\/amisns.edu.pl\/stara-wersja\/elblaskie-stowarzyszenie-organizatorow-pomocy-spolecznej-poszukuje-psychologa\/\"},\"wordCount\":48,\"publisher\":{\"@id\":\"https:\/\/amisns.edu.pl\/stara-wersja\/stara-wersja\/#organization\"},\"image\":{\"@id\":\"https:\/\/amisns.edu.pl\/stara-wersja\/elblaskie-stowarzyszenie-organizatorow-pomocy-spolecznej-poszukuje-psychologa\/#primaryimage\"},\"thumbnailUrl\":\"https:\/\/amisns.edu.pl\/stara-wersja\/wp-content\/uploads\/Bez-tytulu-740\u00d7350-px-300\u00d7250-px-1.jpg\",\"articleSection\":[\"Aktualno\u015bci Biuro karier\",\"Uncategorized\"],\"inLanguage\":\"pl-PL\"},{\"@type\":\"WebPage\",\"@id\":\"https:\/\/amisns.edu.pl\/stara-wersja\/elblaskie-stowarzyszenie-organizatorow-pomocy-spolecznej-poszukuje-psychologa\/\",\"url\":\"https:\/\/amisns.edu.pl\/stara-wersja\/elblaskie-stowarzyszenie-organizatorow-pomocy-spolecznej-poszukuje-psychologa\/\",\"name\":\"Elbl\u0105skie stowarzyszenie organizator\u00f3w pomocy spo\u0142ecznej poszukuje PSYCHOLOGA - AMISNS\",\"isPartOf\":{\"@id\":\"https:\/\/amisns.edu.pl\/stara-wersja\/stara-wersja\/#website\"},\"primaryImageOfPage\":{\"@id\":\"https:\/\/amisns.edu.pl\/stara-wersja\/elblaskie-stowarzyszenie-organizatorow-pomocy-spolecznej-poszukuje-psychologa\/#primaryimage\"},\"image\":{\"@id\":\"https:\/\/amisns.edu.pl\/stara-wersja\/elblaskie-stowarzyszenie-organizatorow-pomocy-spolecznej-poszukuje-psychologa\/#primaryimage\"},\"thumbnailUrl\":\"https:\/\/amisns.edu.pl\/stara-wersja\/wp-content\/uploads\/Bez-tytulu-740\u00d7350-px-300\u00d7250-px-1.jpg\",\"datePublished\":\"2023-10-30T10:25:18+00:00\",\"dateModified\":\"2024-06-14T12:24:27+00:00\",\"breadcrumb\":{\"@id\":\"https:\/\/amisns.edu.pl\/stara-wersja\/elblaskie-stowarzyszenie-organizatorow-pomocy-spolecznej-poszukuje-psychologa\/#breadcrumb\"},\"inLanguage\":\"pl-PL\",\"potentialAction\":[{\"@type\":\"ReadAction\",\"target\":[\"https:\/\/amisns.edu.pl\/stara-wersja\/elblaskie-stowarzyszenie-organizatorow-pomocy-spolecznej-poszukuje-psychologa\/\"]}]},{\"@type\":\"ImageObject\",\"inLanguage\":\"pl-PL\",\"@id\":\"https:\/\/amisns.edu.pl\/stara-wersja\/elblaskie-stowarzyszenie-organizatorow-pomocy-spolecznej-poszukuje-psychologa\/#primaryimage\",\"url\":\"https:\/\/amisns.edu.pl\/stara-wersja\/wp-content\/uploads\/Bez-tytulu-740\u00d7350-px-300\u00d7250-px-1.jpg\",\"contentUrl\":\"https:\/\/amisns.edu.pl\/stara-wersja\/wp-content\/uploads\/Bez-tytulu-740\u00d7350-px-300\u00d7250-px-1.jpg\",\"width\":300,\"height\":250},{\"@type\":\"BreadcrumbList\",\"@id\":\"https:\/\/amisns.edu.pl\/stara-wersja\/elblaskie-stowarzyszenie-organizatorow-pomocy-spolecznej-poszukuje-psychologa\/#breadcrumb\",\"itemListElement\":[{\"@type\":\"ListItem\",\"position\":1,\"name\":\"Strona g\u0142\u00f3wna\",\"item\":\"https:\/\/amisns.edu.pl\/stara-wersja\/\"},{\"@type\":\"ListItem\",\"position\":2,\"name\":\"Elbl\u0105skie stowarzyszenie organizator\u00f3w pomocy spo\u0142ecznej poszukuje PSYCHOLOGA\"}]},{\"@type\":\"WebSite\",\"@id\":\"https:\/\/amisns.edu.pl\/stara-wersja\/stara-wersja\/#website\",\"url\":\"https:\/\/amisns.edu.pl\/stara-wersja\/stara-wersja\/\",\"name\":\"AMISNS\",\"description\":\"Akademia Medycznych i Spo\u0142ecznych nauk stosowanych\",\"publisher\":{\"@id\":\"https:\/\/amisns.edu.pl\/stara-wersja\/stara-wersja\/#organization\"},\"potentialAction\":[{\"@type\":\"SearchAction\",\"target\":{\"@type\":\"EntryPoint\",\"urlTemplate\":\"https:\/\/amisns.edu.pl\/stara-wersja\/stara-wersja\/?s={search_term_string}\"},\"query-input\":{\"@type\":\"PropertyValueSpecification\",\"valueRequired\":true,\"valueName\":\"search_term_string\"}}],\"inLanguage\":\"pl-PL\"},{\"@type\":\"Organization\",\"@id\":\"https:\/\/amisns.edu.pl\/stara-wersja\/stara-wersja\/#organization\",\"name\":\"AMISNS\",\"url\":\"https:\/\/amisns.edu.pl\/stara-wersja\/stara-wersja\/\",\"logo\":{\"@type\":\"ImageObject\",\"inLanguage\":\"pl-PL\",\"@id\":\"https:\/\/amisns.edu.pl\/stara-wersja\/stara-wersja\/#\/schema\/logo\/image\/\",\"url\":\"https:\/\/amisns.edu.pl\/stara-wersja\/wp-content\/uploads\/2022\/12\/Znak-AMiSNS-na-strone-www-4k.png\",\"contentUrl\":\"https:\/\/amisns.edu.pl\/stara-wersja\/wp-content\/uploads\/2022\/12\/Znak-AMiSNS-na-strone-www-4k.png\",\"width\":1920,\"height\":523,\"caption\":\"AMISNS\"},\"image\":{\"@id\":\"https:\/\/amisns.edu.pl\/stara-wersja\/stara-wersja\/#\/schema\/logo\/image\/\"},\"sameAs\":[\"https:\/\/www.facebook.com\/AMiSNSElblag\"]},{\"@type\":\"Person\",\"@id\":\"https:\/\/amisns.edu.pl\/stara-wersja\/stara-wersja\/#\/schema\/person\/4868ddcf0f0d3f8b0c675e45540fd350\",\"name\":\"Biuro promocji\",\"image\":{\"@type\":\"ImageObject\",\"inLanguage\":\"pl-PL\",\"@id\":\"https:\/\/amisns.edu.pl\/stara-wersja\/stara-wersja\/#\/schema\/person\/image\/\",\"url\":\"https:\/\/secure.gravatar.com\/avatar\/ba1c61f2c67d3536a6e469d64619f0d0?s=96&d=mm&r=g\",\"contentUrl\":\"https:\/\/secure.gravatar.com\/avatar\/ba1c61f2c67d3536a6e469d64619f0d0?s=96&d=mm&r=g\",\"caption\":\"Biuro promocji\"},\"url\":\"https:\/\/amisns.edu.pl\/stara-wersja\/author\/biuro-promocji\/\"}]}<\/script>\n<!-- \/ Yoast SEO plugin. -->","yoast_head_json":{"title":"Elbl\u0105skie stowarzyszenie organizator\u00f3w pomocy spo\u0142ecznej poszukuje PSYCHOLOGA - AMISNS","robots":{"index":"noindex","follow":"follow","max-snippet":"max-snippet:-1","max-image-preview":"max-image-preview:large","max-video-preview":"max-video-preview:-1"},"og_locale":"pl_PL","og_type":"article","og_title":"Elbl\u0105skie stowarzyszenie organizator\u00f3w pomocy spo\u0142ecznej poszukuje PSYCHOLOGA - AMISNS","og_description":"Elbl\u0105skie Stowarzyszenie Organizator\u00f3w Pomocy Spo\u0142ecznej, oddzia\u0142 w Kwietniewie, poszukuje psychologa na ca\u0142y etat.\u00a0 Wszystkie szczeg\u00f3\u0142y oferty znajduj\u0105 si\u0119 na stronie Powiatowego Urz\u0119du Pracy &#8211;&gt; tutaj.\u00a0 Zapraszamy do zapoznania si\u0119 z ofert\u0105.\u00a0","og_url":"https:\/\/amisns.edu.pl\/stara-wersja\/elblaskie-stowarzyszenie-organizatorow-pomocy-spolecznej-poszukuje-psychologa\/","og_site_name":"AMISNS","article_publisher":"https:\/\/www.facebook.com\/AMiSNSElblag","article_published_time":"2023-10-30T10:25:18+00:00","article_modified_time":"2024-06-14T12:24:27+00:00","og_image":[{"width":300,"height":250,"url":"https:\/\/amisns.edu.pl\/stara-wersja\/wp-content\/uploads\/Bez-tytulu-740\u00d7350-px-300\u00d7250-px-1.jpg","type":"image\/jpeg"}],"author":"Biuro promocji","twitter_card":"summary_large_image","twitter_misc":{"Napisane przez":"Biuro promocji","Szacowany czas czytania":"1 minuta"},"schema":{"@context":"https:\/\/schema.org","@graph":[{"@type":"Article","@id":"https:\/\/amisns.edu.pl\/stara-wersja\/elblaskie-stowarzyszenie-organizatorow-pomocy-spolecznej-poszukuje-psychologa\/#article","isPartOf":{"@id":"https:\/\/amisns.edu.pl\/stara-wersja\/elblaskie-stowarzyszenie-organizatorow-pomocy-spolecznej-poszukuje-psychologa\/"},"author":{"name":"Biuro promocji","@id":"https:\/\/amisns.edu.pl\/stara-wersja\/stara-wersja\/#\/schema\/person\/4868ddcf0f0d3f8b0c675e45540fd350"},"headline":"Elbl\u0105skie stowarzyszenie organizator\u00f3w pomocy spo\u0142ecznej poszukuje PSYCHOLOGA","datePublished":"2023-10-30T10:25:18+00:00","dateModified":"2024-06-14T12:24:27+00:00","mainEntityOfPage":{"@id":"https:\/\/amisns.edu.pl\/stara-wersja\/elblaskie-stowarzyszenie-organizatorow-pomocy-spolecznej-poszukuje-psychologa\/"},"wordCount":48,"publisher":{"@id":"https:\/\/amisns.edu.pl\/stara-wersja\/stara-wersja\/#organization"},"image":{"@id":"https:\/\/amisns.edu.pl\/stara-wersja\/elblaskie-stowarzyszenie-organizatorow-pomocy-spolecznej-poszukuje-psychologa\/#primaryimage"},"thumbnailUrl":"https:\/\/amisns.edu.pl\/stara-wersja\/wp-content\/uploads\/Bez-tytulu-740\u00d7350-px-300\u00d7250-px-1.jpg","articleSection":["Aktualno\u015bci Biuro karier","Uncategorized"],"inLanguage":"pl-PL"},{"@type":"WebPage","@id":"https:\/\/amisns.edu.pl\/stara-wersja\/elblaskie-stowarzyszenie-organizatorow-pomocy-spolecznej-poszukuje-psychologa\/","url":"https:\/\/amisns.edu.pl\/stara-wersja\/elblaskie-stowarzyszenie-organizatorow-pomocy-spolecznej-poszukuje-psychologa\/","name":"Elbl\u0105skie stowarzyszenie organizator\u00f3w pomocy spo\u0142ecznej poszukuje PSYCHOLOGA - AMISNS","isPartOf":{"@id":"https:\/\/amisns.edu.pl\/stara-wersja\/stara-wersja\/#website"},"primaryImageOfPage":{"@id":"https:\/\/amisns.edu.pl\/stara-wersja\/elblaskie-stowarzyszenie-organizatorow-pomocy-spolecznej-poszukuje-psychologa\/#primaryimage"},"image":{"@id":"https:\/\/amisns.edu.pl\/stara-wersja\/elblaskie-stowarzyszenie-organizatorow-pomocy-spolecznej-poszukuje-psychologa\/#primaryimage"},"thumbnailUrl":"https:\/\/amisns.edu.pl\/stara-wersja\/wp-content\/uploads\/Bez-tytulu-740\u00d7350-px-300\u00d7250-px-1.jpg","datePublished":"2023-10-30T10:25:18+00:00","dateModified":"2024-06-14T12:24:27+00:00","breadcrumb":{"@id":"https:\/\/amisns.edu.pl\/stara-wersja\/elblaskie-stowarzyszenie-organizatorow-pomocy-spolecznej-poszukuje-psychologa\/#breadcrumb"},"inLanguage":"pl-PL","potentialAction":[{"@type":"ReadAction","target":["https:\/\/amisns.edu.pl\/stara-wersja\/elblaskie-stowarzyszenie-organizatorow-pomocy-spolecznej-poszukuje-psychologa\/"]}]},{"@type":"ImageObject","inLanguage":"pl-PL","@id":"https:\/\/amisns.edu.pl\/stara-wersja\/elblaskie-stowarzyszenie-organizatorow-pomocy-spolecznej-poszukuje-psychologa\/#primaryimage","url":"https:\/\/amisns.edu.pl\/stara-wersja\/wp-content\/uploads\/Bez-tytulu-740\u00d7350-px-300\u00d7250-px-1.jpg","contentUrl":"https:\/\/amisns.edu.pl\/stara-wersja\/wp-content\/uploads\/Bez-tytulu-740\u00d7350-px-300\u00d7250-px-1.jpg","width":300,"height":250},{"@type":"BreadcrumbList","@id":"https:\/\/amisns.edu.pl\/stara-wersja\/elblaskie-stowarzyszenie-organizatorow-pomocy-spolecznej-poszukuje-psychologa\/#breadcrumb","itemListElement":[{"@type":"ListItem","position":1,"name":"Strona g\u0142\u00f3wna","item":"https:\/\/amisns.edu.pl\/stara-wersja\/"},{"@type":"ListItem","position":2,"name":"Elbl\u0105skie stowarzyszenie organizator\u00f3w pomocy spo\u0142ecznej poszukuje PSYCHOLOGA"}]},{"@type":"WebSite","@id":"https:\/\/amisns.edu.pl\/stara-wersja\/stara-wersja\/#website","url":"https:\/\/amisns.edu.pl\/stara-wersja\/stara-wersja\/","name":"AMISNS","description":"Akademia Medycznych i Spo\u0142ecznych nauk stosowanych","publisher":{"@id":"https:\/\/amisns.edu.pl\/stara-wersja\/stara-wersja\/#organization"},"potentialAction":[{"@type":"SearchAction","target":{"@type":"EntryPoint","urlTemplate":"https:\/\/amisns.edu.pl\/stara-wersja\/stara-wersja\/?s={search_term_string}"},"query-input":{"@type":"PropertyValueSpecification","valueRequired":true,"valueName":"search_term_string"}}],"inLanguage":"pl-PL"},{"@type":"Organization","@id":"https:\/\/amisns.edu.pl\/stara-wersja\/stara-wersja\/#organization","name":"AMISNS","url":"https:\/\/amisns.edu.pl\/stara-wersja\/stara-wersja\/","logo":{"@type":"ImageObject","inLanguage":"pl-PL","@id":"https:\/\/amisns.edu.pl\/stara-wersja\/stara-wersja\/#\/schema\/logo\/image\/","url":"https:\/\/amisns.edu.pl\/stara-wersja\/wp-content\/uploads\/2022\/12\/Znak-AMiSNS-na-strone-www-4k.png","contentUrl":"https:\/\/amisns.edu.pl\/stara-wersja\/wp-content\/uploads\/2022\/12\/Znak-AMiSNS-na-strone-www-4k.png","width":1920,"height":523,"caption":"AMISNS"},"image":{"@id":"https:\/\/amisns.edu.pl\/stara-wersja\/stara-wersja\/#\/schema\/logo\/image\/"},"sameAs":["https:\/\/www.facebook.com\/AMiSNSElblag"]},{"@type":"Person","@id":"https:\/\/amisns.edu.pl\/stara-wersja\/stara-wersja\/#\/schema\/person\/4868ddcf0f0d3f8b0c675e45540fd350","name":"Biuro promocji","image":{"@type":"ImageObject","inLanguage":"pl-PL","@id":"https:\/\/amisns.edu.pl\/stara-wersja\/stara-wersja\/#\/schema\/person\/image\/","url":"https:\/\/secure.gravatar.com\/avatar\/ba1c61f2c67d3536a6e469d64619f0d0?s=96&d=mm&r=g","contentUrl":"https:\/\/secure.gravatar.com\/avatar\/ba1c61f2c67d3536a6e469d64619f0d0?s=96&d=mm&r=g","caption":"Biuro promocji"},"url":"https:\/\/amisns.edu.pl\/stara-wersja\/author\/biuro-promocji\/"}]}},"_links":{"self":[{"href":"https:\/\/amisns.edu.pl\/stara-wersja\/wp-json\/wp\/v2\/posts\/13759"}],"collection":[{"href":"https:\/\/amisns.edu.pl\/stara-wersja\/wp-json\/wp\/v2\/posts"}],"about":[{"href":"https:\/\/amisns.edu.pl\/stara-wersja\/wp-json\/wp\/v2\/types\/post"}],"author":[{"embeddable":true,"href":"https:\/\/amisns.edu.pl\/stara-wersja\/wp-json\/wp\/v2\/users\/2"}],"replies":[{"embeddable":true,"href":"https:\/\/amisns.edu.pl\/stara-wersja\/wp-json\/wp\/v2\/comments?post=13759"}],"version-history":[{"count":13,"href":"https:\/\/amisns.edu.pl\/stara-wersja\/wp-json\/wp\/v2\/posts\/13759\/revisions"}],"predecessor-version":[{"id":22514,"href":"https:\/\/amisns.edu.pl\/stara-wersja\/wp-json\/wp\/v2\/posts\/13759\/revisions\/22514"}],"wp:featuredmedia":[{"embeddable":true,"href":"https:\/\/amisns.edu.pl\/stara-wersja\/wp-json\/wp\/v2\/media\/13760"}],"wp:attachment":[{"href":"https:\/\/amisns.edu.pl\/stara-wersja\/wp-json\/wp\/v2\/media?parent=13759"}],"wp:term":[{"taxonomy":"category","embeddable":true,"href":"https:\/\/amisns.edu.pl\/stara-wersja\/wp-json\/wp\/v2\/categories?post=13759"},{"taxonomy":"post_tag","embeddable":true,"href":"https:\/\/amisns.edu.pl\/stara-wersja\/wp-json\/wp\/v2\/tags?post=13759"}],"curies":[{"name":"wp","href":"https:\/\/api.w.org\/{rel}","templated":true}]}}