{"id":18497,"date":"2024-02-27T08:13:53","date_gmt":"2024-02-27T07:13:53","guid":{"rendered":"https:\/\/amisns.edu.pl\/?p=18497"},"modified":"2024-06-14T13:10:20","modified_gmt":"2024-06-14T12:10:20","slug":"program-aktywny-samorzad","status":"publish","type":"post","link":"https:\/\/amisns.edu.pl\/stara-wersja\/program-aktywny-samorzad\/","title":{"rendered":"Program &#8222;Aktywny Samorz\u0105d&#8221;"},"content":{"rendered":"\t\t<div data-elementor-type=\"wp-post\" data-elementor-id=\"18497\" class=\"elementor elementor-18497\" data-elementor-post-type=\"post\">\n\t\t\t\t\t\t<section class=\"elementor-section elementor-top-section elementor-element elementor-element-d3c496a elementor-section-boxed elementor-section-height-default elementor-section-height-default\" data-id=\"d3c496a\" data-element_type=\"section\">\n\t\t\t\t\t\t<div class=\"elementor-container elementor-column-gap-default\">\n\t\t\t\t\t<div class=\"elementor-column elementor-col-100 elementor-top-column elementor-element elementor-element-21d7e87\" data-id=\"21d7e87\" data-element_type=\"column\">\n\t\t\t<div class=\"elementor-widget-wrap elementor-element-populated\">\n\t\t\t\t\t\t<div class=\"elementor-element elementor-element-34579a9 elementor-widget elementor-widget-theme-post-featured-image elementor-widget-image\" data-id=\"34579a9\" data-element_type=\"widget\" data-widget_type=\"theme-post-featured-image.default\">\n\t\t\t\t<div class=\"elementor-widget-container\">\n\t\t\t\t\t\t\t\t\t\t\t\t\t<img fetchpriority=\"high\" decoding=\"async\" width=\"343\" height=\"181\" src=\"https:\/\/amisns.edu.pl\/stara-wersja\/wp-content\/uploads\/th-1-1.jpg\" class=\"attachment-large size-large wp-image-18496\" alt=\"\" \/>\t\t\t\t\t\t\t\t\t\t\t\t\t<\/div>\n\t\t\t\t<\/div>\n\t\t\t\t\t<\/div>\n\t\t<\/div>\n\t\t\t\t\t<\/div>\n\t\t<\/section>\n\t\t\t\t<section class=\"elementor-section elementor-top-section elementor-element elementor-element-d0036c1 elementor-section-boxed elementor-section-height-default elementor-section-height-default\" data-id=\"d0036c1\" data-element_type=\"section\">\n\t\t\t\t\t\t<div class=\"elementor-container elementor-column-gap-default\">\n\t\t\t\t\t<div class=\"elementor-column elementor-col-100 elementor-top-column elementor-element elementor-element-4ee1760\" data-id=\"4ee1760\" data-element_type=\"column\">\n\t\t\t<div class=\"elementor-widget-wrap elementor-element-populated\">\n\t\t\t\t\t\t<div class=\"elementor-element elementor-element-e302d4d elementor-widget elementor-widget-theme-post-title elementor-page-title elementor-widget-heading\" data-id=\"e302d4d\" data-element_type=\"widget\" data-widget_type=\"theme-post-title.default\">\n\t\t\t\t<div class=\"elementor-widget-container\">\n\t\t\t<h1 class=\"elementor-heading-title elementor-size-default\">Program &#8222;Aktywny Samorz\u0105d&#8221;<\/h1>\t\t<\/div>\n\t\t\t\t<\/div>\n\t\t\t\t\t<\/div>\n\t\t<\/div>\n\t\t\t\t\t<\/div>\n\t\t<\/section>\n\t\t\t\t<section class=\"elementor-section elementor-top-section elementor-element elementor-element-8502266 elementor-section-boxed elementor-section-height-default elementor-section-height-default\" data-id=\"8502266\" data-element_type=\"section\">\n\t\t\t\t\t\t<div class=\"elementor-container elementor-column-gap-default\">\n\t\t\t\t\t<div class=\"elementor-column elementor-col-100 elementor-top-column elementor-element elementor-element-91c9f78\" data-id=\"91c9f78\" data-element_type=\"column\">\n\t\t\t<div class=\"elementor-widget-wrap elementor-element-populated\">\n\t\t\t\t\t\t<div class=\"elementor-element elementor-element-8db5870 elementor-widget elementor-widget-post-info\" data-id=\"8db5870\" data-element_type=\"widget\" data-widget_type=\"post-info.default\">\n\t\t\t\t<div class=\"elementor-widget-container\">\n\t\t\t\t\t<ul class=\"elementor-inline-items elementor-icon-list-items elementor-post-info\">\n\t\t\t\t\t\t\t\t<li class=\"elementor-icon-list-item elementor-repeater-item-e96c65c elementor-inline-item\" itemprop=\"datePublished\">\n\t\t\t\t\t\t<a href=\"https:\/\/amisns.edu.pl\/stara-wersja\/2024\/02\/27\/\">\n\t\t\t\t\t\t\t\t\t\t\t<span class=\"elementor-icon-list-icon\">\n\t\t\t\t\t\t\t\t<i aria-hidden=\"true\" class=\"fas fa-calendar\"><\/i>\t\t\t\t\t\t\t<\/span>\n\t\t\t\t\t\t\t\t\t<span class=\"elementor-icon-list-text elementor-post-info__item elementor-post-info__item--type-date\">\n\t\t\t\t\t\t\t\t\t\t<time>27 lutego, 2024<\/time>\t\t\t\t\t<\/span>\n\t\t\t\t\t\t\t\t\t<\/a>\n\t\t\t\t<\/li>\n\t\t\t\t<\/ul>\n\t\t\t\t<\/div>\n\t\t\t\t<\/div>\n\t\t\t\t\t<\/div>\n\t\t<\/div>\n\t\t\t\t\t<\/div>\n\t\t<\/section>\n\t\t\t\t<section class=\"elementor-section elementor-top-section elementor-element elementor-element-cc4aaf2 elementor-section-boxed elementor-section-height-default elementor-section-height-default\" data-id=\"cc4aaf2\" data-element_type=\"section\">\n\t\t\t\t\t\t<div class=\"elementor-container elementor-column-gap-default\">\n\t\t\t\t\t<div class=\"elementor-column elementor-col-100 elementor-top-column elementor-element elementor-element-821378f\" data-id=\"821378f\" data-element_type=\"column\">\n\t\t\t<div class=\"elementor-widget-wrap elementor-element-populated\">\n\t\t\t\t\t\t<div class=\"elementor-element elementor-element-b13d388 elementor-widget elementor-widget-text-editor\" data-id=\"b13d388\" data-element_type=\"widget\" data-widget_type=\"text-editor.default\">\n\t\t\t\t<div class=\"elementor-widget-container\">\n\t\t\t\t\t\t\t<p>Pe\u0142nomocnik Rektora ds. os\u00f3b z niepe\u0142nosprawno\u015bciami informuj\u0119 o programie realizowanym przez Powiat Elbl\u0105ski \u201eAktywny samorz\u0105d\u201d, kt\u00f3rego jeden z modu\u0142\u00f3w skierowany jest do uczni\u00f3w szk\u00f3\u0142 wy\u017cszych i szk\u00f3\u0142 policealnych.<\/p><p>Celem g\u0142\u00f3wnym programu jest wyeliminowanie lub zmniejszenie barier ograniczaj\u0105cych uczestnictwo beneficjent\u00f3w programu w \u017cyciu spo\u0142ecznym, zawodowym i w dost\u0119pie do edukacji.<\/p><p>O dofinansowanie w ramach programu mog\u0105 ubiega\u0107 si\u0119 osoby:<\/p><ul><li>\u00a0 posiadaj\u0105ce znaczny, umiarkowany lub lekki stopie\u0144 niepe\u0142nosprawno\u015bci,<\/li><li>\u00a0 ucz\u0105ce si\u0119 w szkole wy\u017cszej lub szkole policealnej lub w kolegium lub maj\u0105ce otwarty przew\u00f3d doktorski poza studiami doktoranckimi.<\/li><\/ul><p>Dofinansowanie obejmuje:<\/p><ul><li>\u00a0 op\u0142at\u0119 za nauk\u0119 (czesne),<\/li><li>\u00a0 dodatek na pokrycie koszt\u00f3w kszta\u0142cenia (nie podlegaj\u0105cy rozliczeniu),<\/li><li>\u00a0 dodatek na uiszczenie op\u0142aty za przeprowadzenie przewodu doktorskiego \u2013 w przypadku os\u00f3b, kt\u00f3re maj\u0105 wszcz\u0119ty przew\u00f3d doktorski, a nie s\u0105 uczestnikami studi\u00f3w doktoranckich.<\/li><\/ul><p>Modu\u0142 II &#8211; termin sk\u0142adania wniosk\u00f3w<\/p><ul><li>\u00a0 od 01.03.2024 r. do 31.03.2024 r. &#8211; dla wniosk\u00f3w dotycz\u0105cych roku akademickiego 2023\/2024 (semestr letni),<\/li><li>\u00a0 od 01.09.2024 r. do 10.10.2024 r. &#8211; dla wniosk\u00f3w dotycz\u0105cych roku akademickiego 2024\/2025 (semestr zimowy).<\/li><\/ul><p>Wnioski b\u0119dzie mo\u017cna sk\u0142ada\u0107 w formie elektronicznej w darmowym Systemie Obs\u0142ugi Wsparcia SOW finansowanym ze \u015brodk\u00f3w PFRON (www.sow.pfron.org.pl).<br \/>Osoby zainteresowane z\u0142o\u017ceniem wniosku przez Internet musz\u0105 posiada\u0107 Profil Zaufany.<\/p><p>Wi\u0119cej informacji o tym, jak zak\u0142ada si\u0119 Profil Zaufany znajduje si\u0119\u00a0 na portalu SOW<\/p><p>Wi\u0119cej informacji mo\u017cna uzyska\u0107 pod adresem:<\/p><p>Powiatowe Centrum Pomocy Rodzinie w\u00a0Elbl\u0105gu <br \/>(dla mieszka\u0144c\u00f3w powiatu elbl\u0105skiego)<\/p><p>ul. Kome\u0144skiego 40, pok\u00f3j nr 4<\/p><p>82-300 Elbl\u0105g<\/p><p>tel. (55) 233 62 82 wew.21<\/p>\t\t\t\t\t\t<\/div>\n\t\t\t\t<\/div>\n\t\t\t\t\t<\/div>\n\t\t<\/div>\n\t\t\t\t\t<\/div>\n\t\t<\/section>\n\t\t\t\t<\/div>\n\t\t","protected":false},"excerpt":{"rendered":"<p>Pe\u0142nomocnik Rektora ds. os\u00f3b z niepe\u0142nosprawno\u015bciami informuj\u0119 o programie realizowanym przez Powiat Elbl\u0105ski ?Aktywny samorz\u0105d?, kt\u00f3rego jeden z modu\u0142\u00f3w skierowany jest do uczni\u00f3w szk\u00f3\u0142 wy\u017cszych i szk\u00f3\u0142 policealnych. Celem g\u0142\u00f3wnym programu jest wyeliminowanie lub zmniejszenie barier ograniczaj\u0105cych uczestnictwo beneficjent\u00f3w programu w \u017cyciu spo\u0142ecznym, zawodowym i w dost\u0119pie do edukacji. O dofinansowanie w ramach programu mog\u0105 [&hellip;]<\/p>\n","protected":false},"author":2,"featured_media":18496,"comment_status":"closed","ping_status":"closed","sticky":false,"template":"elementor_header_footer","format":"standard","meta":{"ocean_post_layout":"","ocean_both_sidebars_style":"","ocean_both_sidebars_content_width":0,"ocean_both_sidebars_sidebars_width":0,"ocean_sidebar":"","ocean_second_sidebar":"","ocean_disable_margins":"enable","ocean_add_body_class":"","ocean_shortcode_before_top_bar":"","ocean_shortcode_after_top_bar":"","ocean_shortcode_before_header":"","ocean_shortcode_after_header":"","ocean_has_shortcode":"","ocean_shortcode_after_title":"","ocean_shortcode_before_footer_widgets":"","ocean_shortcode_after_footer_widgets":"","ocean_shortcode_before_footer_bottom":"","ocean_shortcode_after_footer_bottom":"","ocean_display_top_bar":"default","ocean_display_header":"default","ocean_header_style":"","ocean_center_header_left_menu":"","ocean_custom_header_template":"","ocean_custom_logo":0,"ocean_custom_retina_logo":0,"ocean_custom_logo_max_width":0,"ocean_custom_logo_tablet_max_width":0,"ocean_custom_logo_mobile_max_width":0,"ocean_custom_logo_max_height":0,"ocean_custom_logo_tablet_max_height":0,"ocean_custom_logo_mobile_max_height":0,"ocean_header_custom_menu":"","ocean_menu_typo_font_family":"","ocean_menu_typo_font_subset":"","ocean_menu_typo_font_size":0,"ocean_menu_typo_font_size_tablet":0,"ocean_menu_typo_font_size_mobile":0,"ocean_menu_typo_font_size_unit":"px","ocean_menu_typo_font_weight":"","ocean_menu_typo_font_weight_tablet":"","ocean_menu_typo_font_weight_mobile":"","ocean_menu_typo_transform":"","ocean_menu_typo_transform_tablet":"","ocean_menu_typo_transform_mobile":"","ocean_menu_typo_line_height":0,"ocean_menu_typo_line_height_tablet":0,"ocean_menu_typo_line_height_mobile":0,"ocean_menu_typo_line_height_unit":"","ocean_menu_typo_spacing":0,"ocean_menu_typo_spacing_tablet":0,"ocean_menu_typo_spacing_mobile":0,"ocean_menu_typo_spacing_unit":"","ocean_menu_link_color":"","ocean_menu_link_color_hover":"","ocean_menu_link_color_active":"","ocean_menu_link_background":"","ocean_menu_link_hover_background":"","ocean_menu_link_active_background":"","ocean_menu_social_links_bg":"","ocean_menu_social_hover_links_bg":"","ocean_menu_social_links_color":"","ocean_menu_social_hover_links_color":"","ocean_disable_title":"default","ocean_disable_heading":"default","ocean_post_title":"","ocean_post_subheading":"","ocean_post_title_style":"","ocean_post_title_background_color":"","ocean_post_title_background":0,"ocean_post_title_bg_image_position":"","ocean_post_title_bg_image_attachment":"","ocean_post_title_bg_image_repeat":"","ocean_post_title_bg_image_size":"","ocean_post_title_height":0,"ocean_post_title_bg_overlay":0.5,"ocean_post_title_bg_overlay_color":"","ocean_disable_breadcrumbs":"default","ocean_breadcrumbs_color":"","ocean_breadcrumbs_separator_color":"","ocean_breadcrumbs_links_color":"","ocean_breadcrumbs_links_hover_color":"","ocean_display_footer_widgets":"default","ocean_display_footer_bottom":"default","ocean_custom_footer_template":"","ocean_post_oembed":"","ocean_post_self_hosted_media":"","ocean_post_video_embed":"","ocean_link_format":"","ocean_link_format_target":"self","ocean_quote_format":"","ocean_quote_format_link":"post","ocean_gallery_link_images":"on","ocean_gallery_id":[],"footnotes":""},"categories":[33,29,35,34,28,1],"tags":[],"class_list":["post-18497","post","type-post","status-publish","format-standard","has-post-thumbnail","hentry","category-aktualnosc-wnoz","category-aktualnosci-biuro-karier","category-aktualnosci-wains","category-aktulnosci-wlek","category-glowne-aktualnosci","category-uncategorized","entry","has-media"],"yoast_head":"<!-- This site is optimized with the Yoast SEO plugin v23.7 - https:\/\/yoast.com\/wordpress\/plugins\/seo\/ -->\n<title>Program &quot;Aktywny Samorz\u0105d&quot; - AMISNS<\/title>\n<meta name=\"robots\" content=\"noindex, follow, max-snippet:-1, max-image-preview:large, max-video-preview:-1\" \/>\n<meta property=\"og:locale\" content=\"pl_PL\" \/>\n<meta property=\"og:type\" content=\"article\" \/>\n<meta property=\"og:title\" content=\"Program &quot;Aktywny Samorz\u0105d&quot; - AMISNS\" \/>\n<meta property=\"og:description\" content=\"Pe\u0142nomocnik Rektora ds. os\u00f3b z niepe\u0142nosprawno\u015bciami informuj\u0119 o programie realizowanym przez Powiat Elbl\u0105ski ?Aktywny samorz\u0105d?, kt\u00f3rego jeden z modu\u0142\u00f3w skierowany jest do uczni\u00f3w szk\u00f3\u0142 wy\u017cszych i szk\u00f3\u0142 policealnych. Celem g\u0142\u00f3wnym programu jest wyeliminowanie lub zmniejszenie barier ograniczaj\u0105cych uczestnictwo beneficjent\u00f3w programu w \u017cyciu spo\u0142ecznym, zawodowym i w dost\u0119pie do edukacji. O dofinansowanie w ramach programu mog\u0105 [&hellip;]\" \/>\n<meta property=\"og:url\" content=\"https:\/\/amisns.edu.pl\/stara-wersja\/program-aktywny-samorzad\/\" \/>\n<meta property=\"og:site_name\" content=\"AMISNS\" \/>\n<meta property=\"article:publisher\" content=\"https:\/\/www.facebook.com\/AMiSNSElblag\" \/>\n<meta property=\"article:published_time\" content=\"2024-02-27T07:13:53+00:00\" \/>\n<meta property=\"article:modified_time\" content=\"2024-06-14T12:10:20+00:00\" \/>\n<meta property=\"og:image\" content=\"https:\/\/amisns.edu.pl\/stara-wersja\/wp-content\/uploads\/th-1-1.jpg\" \/>\n\t<meta property=\"og:image:width\" content=\"343\" \/>\n\t<meta property=\"og:image:height\" content=\"181\" \/>\n\t<meta property=\"og:image:type\" content=\"image\/jpeg\" \/>\n<meta name=\"author\" content=\"Biuro promocji\" \/>\n<meta name=\"twitter:card\" content=\"summary_large_image\" \/>\n<meta name=\"twitter:label1\" content=\"Napisane przez\" \/>\n\t<meta name=\"twitter:data1\" content=\"Biuro promocji\" \/>\n\t<meta name=\"twitter:label2\" content=\"Szacowany czas czytania\" \/>\n\t<meta name=\"twitter:data2\" content=\"2 minuty\" \/>\n<script type=\"application\/ld+json\" class=\"yoast-schema-graph\">{\"@context\":\"https:\/\/schema.org\",\"@graph\":[{\"@type\":\"Article\",\"@id\":\"https:\/\/amisns.edu.pl\/stara-wersja\/program-aktywny-samorzad\/#article\",\"isPartOf\":{\"@id\":\"https:\/\/amisns.edu.pl\/stara-wersja\/program-aktywny-samorzad\/\"},\"author\":{\"name\":\"Biuro promocji\",\"@id\":\"https:\/\/amisns.edu.pl\/stara-wersja\/stara-wersja\/#\/schema\/person\/4868ddcf0f0d3f8b0c675e45540fd350\"},\"headline\":\"Program &#8222;Aktywny Samorz\u0105d&#8221;\",\"datePublished\":\"2024-02-27T07:13:53+00:00\",\"dateModified\":\"2024-06-14T12:10:20+00:00\",\"mainEntityOfPage\":{\"@id\":\"https:\/\/amisns.edu.pl\/stara-wersja\/program-aktywny-samorzad\/\"},\"wordCount\":280,\"publisher\":{\"@id\":\"https:\/\/amisns.edu.pl\/stara-wersja\/stara-wersja\/#organization\"},\"image\":{\"@id\":\"https:\/\/amisns.edu.pl\/stara-wersja\/program-aktywny-samorzad\/#primaryimage\"},\"thumbnailUrl\":\"https:\/\/amisns.edu.pl\/stara-wersja\/wp-content\/uploads\/th-1-1.jpg\",\"articleSection\":[\"Aktualno\u015b\u0107 WNOZ\",\"Aktualno\u015bci Biuro karier\",\"Aktualno\u015bci WAINS\",\"Aktulno\u015bci WLEK\",\"G\u0142\u00f3wne aktualno\u015bci\",\"Uncategorized\"],\"inLanguage\":\"pl-PL\"},{\"@type\":\"WebPage\",\"@id\":\"https:\/\/amisns.edu.pl\/stara-wersja\/program-aktywny-samorzad\/\",\"url\":\"https:\/\/amisns.edu.pl\/stara-wersja\/program-aktywny-samorzad\/\",\"name\":\"Program \\\"Aktywny Samorz\u0105d\\\" - AMISNS\",\"isPartOf\":{\"@id\":\"https:\/\/amisns.edu.pl\/stara-wersja\/stara-wersja\/#website\"},\"primaryImageOfPage\":{\"@id\":\"https:\/\/amisns.edu.pl\/stara-wersja\/program-aktywny-samorzad\/#primaryimage\"},\"image\":{\"@id\":\"https:\/\/amisns.edu.pl\/stara-wersja\/program-aktywny-samorzad\/#primaryimage\"},\"thumbnailUrl\":\"https:\/\/amisns.edu.pl\/stara-wersja\/wp-content\/uploads\/th-1-1.jpg\",\"datePublished\":\"2024-02-27T07:13:53+00:00\",\"dateModified\":\"2024-06-14T12:10:20+00:00\",\"breadcrumb\":{\"@id\":\"https:\/\/amisns.edu.pl\/stara-wersja\/program-aktywny-samorzad\/#breadcrumb\"},\"inLanguage\":\"pl-PL\",\"potentialAction\":[{\"@type\":\"ReadAction\",\"target\":[\"https:\/\/amisns.edu.pl\/stara-wersja\/program-aktywny-samorzad\/\"]}]},{\"@type\":\"ImageObject\",\"inLanguage\":\"pl-PL\",\"@id\":\"https:\/\/amisns.edu.pl\/stara-wersja\/program-aktywny-samorzad\/#primaryimage\",\"url\":\"https:\/\/amisns.edu.pl\/stara-wersja\/wp-content\/uploads\/th-1-1.jpg\",\"contentUrl\":\"https:\/\/amisns.edu.pl\/stara-wersja\/wp-content\/uploads\/th-1-1.jpg\",\"width\":343,\"height\":181},{\"@type\":\"BreadcrumbList\",\"@id\":\"https:\/\/amisns.edu.pl\/stara-wersja\/program-aktywny-samorzad\/#breadcrumb\",\"itemListElement\":[{\"@type\":\"ListItem\",\"position\":1,\"name\":\"Strona g\u0142\u00f3wna\",\"item\":\"https:\/\/amisns.edu.pl\/stara-wersja\/\"},{\"@type\":\"ListItem\",\"position\":2,\"name\":\"Program &#8222;Aktywny Samorz\u0105d&#8221;\"}]},{\"@type\":\"WebSite\",\"@id\":\"https:\/\/amisns.edu.pl\/stara-wersja\/stara-wersja\/#website\",\"url\":\"https:\/\/amisns.edu.pl\/stara-wersja\/stara-wersja\/\",\"name\":\"AMISNS\",\"description\":\"Akademia Medycznych i Spo\u0142ecznych nauk stosowanych\",\"publisher\":{\"@id\":\"https:\/\/amisns.edu.pl\/stara-wersja\/stara-wersja\/#organization\"},\"potentialAction\":[{\"@type\":\"SearchAction\",\"target\":{\"@type\":\"EntryPoint\",\"urlTemplate\":\"https:\/\/amisns.edu.pl\/stara-wersja\/stara-wersja\/?s={search_term_string}\"},\"query-input\":{\"@type\":\"PropertyValueSpecification\",\"valueRequired\":true,\"valueName\":\"search_term_string\"}}],\"inLanguage\":\"pl-PL\"},{\"@type\":\"Organization\",\"@id\":\"https:\/\/amisns.edu.pl\/stara-wersja\/stara-wersja\/#organization\",\"name\":\"AMISNS\",\"url\":\"https:\/\/amisns.edu.pl\/stara-wersja\/stara-wersja\/\",\"logo\":{\"@type\":\"ImageObject\",\"inLanguage\":\"pl-PL\",\"@id\":\"https:\/\/amisns.edu.pl\/stara-wersja\/stara-wersja\/#\/schema\/logo\/image\/\",\"url\":\"https:\/\/amisns.edu.pl\/stara-wersja\/wp-content\/uploads\/2022\/12\/Znak-AMiSNS-na-strone-www-4k.png\",\"contentUrl\":\"https:\/\/amisns.edu.pl\/stara-wersja\/wp-content\/uploads\/2022\/12\/Znak-AMiSNS-na-strone-www-4k.png\",\"width\":1920,\"height\":523,\"caption\":\"AMISNS\"},\"image\":{\"@id\":\"https:\/\/amisns.edu.pl\/stara-wersja\/stara-wersja\/#\/schema\/logo\/image\/\"},\"sameAs\":[\"https:\/\/www.facebook.com\/AMiSNSElblag\"]},{\"@type\":\"Person\",\"@id\":\"https:\/\/amisns.edu.pl\/stara-wersja\/stara-wersja\/#\/schema\/person\/4868ddcf0f0d3f8b0c675e45540fd350\",\"name\":\"Biuro promocji\",\"image\":{\"@type\":\"ImageObject\",\"inLanguage\":\"pl-PL\",\"@id\":\"https:\/\/amisns.edu.pl\/stara-wersja\/stara-wersja\/#\/schema\/person\/image\/\",\"url\":\"https:\/\/secure.gravatar.com\/avatar\/ba1c61f2c67d3536a6e469d64619f0d0?s=96&d=mm&r=g\",\"contentUrl\":\"https:\/\/secure.gravatar.com\/avatar\/ba1c61f2c67d3536a6e469d64619f0d0?s=96&d=mm&r=g\",\"caption\":\"Biuro promocji\"},\"url\":\"https:\/\/amisns.edu.pl\/stara-wersja\/author\/biuro-promocji\/\"}]}<\/script>\n<!-- \/ Yoast SEO plugin. -->","yoast_head_json":{"title":"Program \"Aktywny Samorz\u0105d\" - AMISNS","robots":{"index":"noindex","follow":"follow","max-snippet":"max-snippet:-1","max-image-preview":"max-image-preview:large","max-video-preview":"max-video-preview:-1"},"og_locale":"pl_PL","og_type":"article","og_title":"Program \"Aktywny Samorz\u0105d\" - AMISNS","og_description":"Pe\u0142nomocnik Rektora ds. os\u00f3b z niepe\u0142nosprawno\u015bciami informuj\u0119 o programie realizowanym przez Powiat Elbl\u0105ski ?Aktywny samorz\u0105d?, kt\u00f3rego jeden z modu\u0142\u00f3w skierowany jest do uczni\u00f3w szk\u00f3\u0142 wy\u017cszych i szk\u00f3\u0142 policealnych. Celem g\u0142\u00f3wnym programu jest wyeliminowanie lub zmniejszenie barier ograniczaj\u0105cych uczestnictwo beneficjent\u00f3w programu w \u017cyciu spo\u0142ecznym, zawodowym i w dost\u0119pie do edukacji. O dofinansowanie w ramach programu mog\u0105 [&hellip;]","og_url":"https:\/\/amisns.edu.pl\/stara-wersja\/program-aktywny-samorzad\/","og_site_name":"AMISNS","article_publisher":"https:\/\/www.facebook.com\/AMiSNSElblag","article_published_time":"2024-02-27T07:13:53+00:00","article_modified_time":"2024-06-14T12:10:20+00:00","og_image":[{"width":343,"height":181,"url":"https:\/\/amisns.edu.pl\/stara-wersja\/wp-content\/uploads\/th-1-1.jpg","type":"image\/jpeg"}],"author":"Biuro promocji","twitter_card":"summary_large_image","twitter_misc":{"Napisane przez":"Biuro promocji","Szacowany czas czytania":"2 minuty"},"schema":{"@context":"https:\/\/schema.org","@graph":[{"@type":"Article","@id":"https:\/\/amisns.edu.pl\/stara-wersja\/program-aktywny-samorzad\/#article","isPartOf":{"@id":"https:\/\/amisns.edu.pl\/stara-wersja\/program-aktywny-samorzad\/"},"author":{"name":"Biuro promocji","@id":"https:\/\/amisns.edu.pl\/stara-wersja\/stara-wersja\/#\/schema\/person\/4868ddcf0f0d3f8b0c675e45540fd350"},"headline":"Program &#8222;Aktywny Samorz\u0105d&#8221;","datePublished":"2024-02-27T07:13:53+00:00","dateModified":"2024-06-14T12:10:20+00:00","mainEntityOfPage":{"@id":"https:\/\/amisns.edu.pl\/stara-wersja\/program-aktywny-samorzad\/"},"wordCount":280,"publisher":{"@id":"https:\/\/amisns.edu.pl\/stara-wersja\/stara-wersja\/#organization"},"image":{"@id":"https:\/\/amisns.edu.pl\/stara-wersja\/program-aktywny-samorzad\/#primaryimage"},"thumbnailUrl":"https:\/\/amisns.edu.pl\/stara-wersja\/wp-content\/uploads\/th-1-1.jpg","articleSection":["Aktualno\u015b\u0107 WNOZ","Aktualno\u015bci Biuro karier","Aktualno\u015bci WAINS","Aktulno\u015bci WLEK","G\u0142\u00f3wne aktualno\u015bci","Uncategorized"],"inLanguage":"pl-PL"},{"@type":"WebPage","@id":"https:\/\/amisns.edu.pl\/stara-wersja\/program-aktywny-samorzad\/","url":"https:\/\/amisns.edu.pl\/stara-wersja\/program-aktywny-samorzad\/","name":"Program \"Aktywny Samorz\u0105d\" - AMISNS","isPartOf":{"@id":"https:\/\/amisns.edu.pl\/stara-wersja\/stara-wersja\/#website"},"primaryImageOfPage":{"@id":"https:\/\/amisns.edu.pl\/stara-wersja\/program-aktywny-samorzad\/#primaryimage"},"image":{"@id":"https:\/\/amisns.edu.pl\/stara-wersja\/program-aktywny-samorzad\/#primaryimage"},"thumbnailUrl":"https:\/\/amisns.edu.pl\/stara-wersja\/wp-content\/uploads\/th-1-1.jpg","datePublished":"2024-02-27T07:13:53+00:00","dateModified":"2024-06-14T12:10:20+00:00","breadcrumb":{"@id":"https:\/\/amisns.edu.pl\/stara-wersja\/program-aktywny-samorzad\/#breadcrumb"},"inLanguage":"pl-PL","potentialAction":[{"@type":"ReadAction","target":["https:\/\/amisns.edu.pl\/stara-wersja\/program-aktywny-samorzad\/"]}]},{"@type":"ImageObject","inLanguage":"pl-PL","@id":"https:\/\/amisns.edu.pl\/stara-wersja\/program-aktywny-samorzad\/#primaryimage","url":"https:\/\/amisns.edu.pl\/stara-wersja\/wp-content\/uploads\/th-1-1.jpg","contentUrl":"https:\/\/amisns.edu.pl\/stara-wersja\/wp-content\/uploads\/th-1-1.jpg","width":343,"height":181},{"@type":"BreadcrumbList","@id":"https:\/\/amisns.edu.pl\/stara-wersja\/program-aktywny-samorzad\/#breadcrumb","itemListElement":[{"@type":"ListItem","position":1,"name":"Strona g\u0142\u00f3wna","item":"https:\/\/amisns.edu.pl\/stara-wersja\/"},{"@type":"ListItem","position":2,"name":"Program &#8222;Aktywny Samorz\u0105d&#8221;"}]},{"@type":"WebSite","@id":"https:\/\/amisns.edu.pl\/stara-wersja\/stara-wersja\/#website","url":"https:\/\/amisns.edu.pl\/stara-wersja\/stara-wersja\/","name":"AMISNS","description":"Akademia Medycznych i Spo\u0142ecznych nauk stosowanych","publisher":{"@id":"https:\/\/amisns.edu.pl\/stara-wersja\/stara-wersja\/#organization"},"potentialAction":[{"@type":"SearchAction","target":{"@type":"EntryPoint","urlTemplate":"https:\/\/amisns.edu.pl\/stara-wersja\/stara-wersja\/?s={search_term_string}"},"query-input":{"@type":"PropertyValueSpecification","valueRequired":true,"valueName":"search_term_string"}}],"inLanguage":"pl-PL"},{"@type":"Organization","@id":"https:\/\/amisns.edu.pl\/stara-wersja\/stara-wersja\/#organization","name":"AMISNS","url":"https:\/\/amisns.edu.pl\/stara-wersja\/stara-wersja\/","logo":{"@type":"ImageObject","inLanguage":"pl-PL","@id":"https:\/\/amisns.edu.pl\/stara-wersja\/stara-wersja\/#\/schema\/logo\/image\/","url":"https:\/\/amisns.edu.pl\/stara-wersja\/wp-content\/uploads\/2022\/12\/Znak-AMiSNS-na-strone-www-4k.png","contentUrl":"https:\/\/amisns.edu.pl\/stara-wersja\/wp-content\/uploads\/2022\/12\/Znak-AMiSNS-na-strone-www-4k.png","width":1920,"height":523,"caption":"AMISNS"},"image":{"@id":"https:\/\/amisns.edu.pl\/stara-wersja\/stara-wersja\/#\/schema\/logo\/image\/"},"sameAs":["https:\/\/www.facebook.com\/AMiSNSElblag"]},{"@type":"Person","@id":"https:\/\/amisns.edu.pl\/stara-wersja\/stara-wersja\/#\/schema\/person\/4868ddcf0f0d3f8b0c675e45540fd350","name":"Biuro promocji","image":{"@type":"ImageObject","inLanguage":"pl-PL","@id":"https:\/\/amisns.edu.pl\/stara-wersja\/stara-wersja\/#\/schema\/person\/image\/","url":"https:\/\/secure.gravatar.com\/avatar\/ba1c61f2c67d3536a6e469d64619f0d0?s=96&d=mm&r=g","contentUrl":"https:\/\/secure.gravatar.com\/avatar\/ba1c61f2c67d3536a6e469d64619f0d0?s=96&d=mm&r=g","caption":"Biuro promocji"},"url":"https:\/\/amisns.edu.pl\/stara-wersja\/author\/biuro-promocji\/"}]}},"_links":{"self":[{"href":"https:\/\/amisns.edu.pl\/stara-wersja\/wp-json\/wp\/v2\/posts\/18497"}],"collection":[{"href":"https:\/\/amisns.edu.pl\/stara-wersja\/wp-json\/wp\/v2\/posts"}],"about":[{"href":"https:\/\/amisns.edu.pl\/stara-wersja\/wp-json\/wp\/v2\/types\/post"}],"author":[{"embeddable":true,"href":"https:\/\/amisns.edu.pl\/stara-wersja\/wp-json\/wp\/v2\/users\/2"}],"replies":[{"embeddable":true,"href":"https:\/\/amisns.edu.pl\/stara-wersja\/wp-json\/wp\/v2\/comments?post=18497"}],"version-history":[{"count":10,"href":"https:\/\/amisns.edu.pl\/stara-wersja\/wp-json\/wp\/v2\/posts\/18497\/revisions"}],"predecessor-version":[{"id":22487,"href":"https:\/\/amisns.edu.pl\/stara-wersja\/wp-json\/wp\/v2\/posts\/18497\/revisions\/22487"}],"wp:featuredmedia":[{"embeddable":true,"href":"https:\/\/amisns.edu.pl\/stara-wersja\/wp-json\/wp\/v2\/media\/18496"}],"wp:attachment":[{"href":"https:\/\/amisns.edu.pl\/stara-wersja\/wp-json\/wp\/v2\/media?parent=18497"}],"wp:term":[{"taxonomy":"category","embeddable":true,"href":"https:\/\/amisns.edu.pl\/stara-wersja\/wp-json\/wp\/v2\/categories?post=18497"},{"taxonomy":"post_tag","embeddable":true,"href":"https:\/\/amisns.edu.pl\/stara-wersja\/wp-json\/wp\/v2\/tags?post=18497"}],"curies":[{"name":"wp","href":"https:\/\/api.w.org\/{rel}","templated":true}]}}