{"id":19951,"date":"2024-04-12T13:59:49","date_gmt":"2024-04-12T12:59:49","guid":{"rendered":"https:\/\/amisns.edu.pl\/?p=19951"},"modified":"2024-04-16T07:24:27","modified_gmt":"2024-04-16T06:24:27","slug":"zajecia-samoobrony-oddzial-kandydat-ifmsa-poland","status":"publish","type":"post","link":"https:\/\/amisns.edu.pl\/stara-wersja\/zajecia-samoobrony-oddzial-kandydat-ifmsa-poland\/","title":{"rendered":"Zaj\u0119cia samoobrony &#8211; Oddzia\u0142 Kandydat, IFMSA-Poland"},"content":{"rendered":"\t\t<div data-elementor-type=\"wp-post\" data-elementor-id=\"19951\" class=\"elementor elementor-19951\" data-elementor-post-type=\"post\">\n\t\t\t\t\t\t<section class=\"elementor-section elementor-top-section elementor-element elementor-element-c8170ef elementor-section-boxed elementor-section-height-default elementor-section-height-default\" data-id=\"c8170ef\" data-element_type=\"section\">\n\t\t\t\t\t\t<div class=\"elementor-container elementor-column-gap-default\">\n\t\t\t\t\t<div class=\"elementor-column elementor-col-100 elementor-top-column elementor-element elementor-element-8e74713\" data-id=\"8e74713\" data-element_type=\"column\">\n\t\t\t<div class=\"elementor-widget-wrap elementor-element-populated\">\n\t\t\t\t\t\t<div class=\"elementor-element elementor-element-f5e7217 elementor-widget elementor-widget-theme-post-featured-image elementor-widget-image\" data-id=\"f5e7217\" data-element_type=\"widget\" data-widget_type=\"theme-post-featured-image.default\">\n\t\t\t\t<div class=\"elementor-widget-container\">\n\t\t\t\t\t\t\t\t\t\t\t\t\t<img fetchpriority=\"high\" decoding=\"async\" width=\"1200\" height=\"675\" src=\"https:\/\/amisns.edu.pl\/stara-wersja\/wp-content\/uploads\/DSC00263.jpg\" class=\"attachment-large size-large wp-image-19953\" alt=\"\" srcset=\"https:\/\/amisns.edu.pl\/stara-wersja\/wp-content\/uploads\/DSC00263.jpg 1920w, https:\/\/amisns.edu.pl\/stara-wersja\/wp-content\/uploads\/DSC00263-1500x844.jpg 1500w, https:\/\/amisns.edu.pl\/stara-wersja\/wp-content\/uploads\/DSC00263-1000x563.jpg 1000w, https:\/\/amisns.edu.pl\/stara-wersja\/wp-content\/uploads\/DSC00263-768x432.jpg 768w, https:\/\/amisns.edu.pl\/stara-wersja\/wp-content\/uploads\/DSC00263-1536x864.jpg 1536w, https:\/\/amisns.edu.pl\/stara-wersja\/wp-content\/uploads\/DSC00263-800x450.jpg 800w\" sizes=\"(max-width: 1200px) 100vw, 1200px\" \/>\t\t\t\t\t\t\t\t\t\t\t\t\t<\/div>\n\t\t\t\t<\/div>\n\t\t\t\t\t<\/div>\n\t\t<\/div>\n\t\t\t\t\t<\/div>\n\t\t<\/section>\n\t\t\t\t<section class=\"elementor-section elementor-top-section elementor-element elementor-element-b9f766c elementor-section-boxed elementor-section-height-default elementor-section-height-default\" data-id=\"b9f766c\" data-element_type=\"section\">\n\t\t\t\t\t\t<div class=\"elementor-container elementor-column-gap-default\">\n\t\t\t\t\t<div class=\"elementor-column elementor-col-100 elementor-top-column elementor-element elementor-element-3779d53\" data-id=\"3779d53\" data-element_type=\"column\">\n\t\t\t<div class=\"elementor-widget-wrap elementor-element-populated\">\n\t\t\t\t\t\t<div class=\"elementor-element elementor-element-fff5973 elementor-widget elementor-widget-theme-post-title elementor-page-title elementor-widget-heading\" data-id=\"fff5973\" data-element_type=\"widget\" data-widget_type=\"theme-post-title.default\">\n\t\t\t\t<div class=\"elementor-widget-container\">\n\t\t\t<h1 class=\"elementor-heading-title elementor-size-default\">Zaj\u0119cia samoobrony &#8211; Oddzia\u0142 Kandydat, IFMSA-Poland<\/h1>\t\t<\/div>\n\t\t\t\t<\/div>\n\t\t\t\t\t<\/div>\n\t\t<\/div>\n\t\t\t\t\t<\/div>\n\t\t<\/section>\n\t\t\t\t<section class=\"elementor-section elementor-top-section elementor-element elementor-element-c9eb4dd elementor-section-boxed elementor-section-height-default elementor-section-height-default\" data-id=\"c9eb4dd\" data-element_type=\"section\">\n\t\t\t\t\t\t<div class=\"elementor-container elementor-column-gap-default\">\n\t\t\t\t\t<div class=\"elementor-column elementor-col-100 elementor-top-column elementor-element elementor-element-240054e\" data-id=\"240054e\" data-element_type=\"column\">\n\t\t\t<div class=\"elementor-widget-wrap elementor-element-populated\">\n\t\t\t\t\t\t<div class=\"elementor-element elementor-element-ba8b414 elementor-widget elementor-widget-post-info\" data-id=\"ba8b414\" data-element_type=\"widget\" data-widget_type=\"post-info.default\">\n\t\t\t\t<div class=\"elementor-widget-container\">\n\t\t\t\t\t<ul class=\"elementor-inline-items elementor-icon-list-items elementor-post-info\">\n\t\t\t\t\t\t\t\t<li class=\"elementor-icon-list-item elementor-repeater-item-e96c65c elementor-inline-item\" itemprop=\"datePublished\">\n\t\t\t\t\t\t<a href=\"https:\/\/amisns.edu.pl\/stara-wersja\/2024\/04\/12\/\">\n\t\t\t\t\t\t\t\t\t\t\t<span class=\"elementor-icon-list-icon\">\n\t\t\t\t\t\t\t\t<i aria-hidden=\"true\" class=\"fas fa-calendar\"><\/i>\t\t\t\t\t\t\t<\/span>\n\t\t\t\t\t\t\t\t\t<span class=\"elementor-icon-list-text elementor-post-info__item elementor-post-info__item--type-date\">\n\t\t\t\t\t\t\t\t\t\t<time>12 kwietnia, 2024<\/time>\t\t\t\t\t<\/span>\n\t\t\t\t\t\t\t\t\t<\/a>\n\t\t\t\t<\/li>\n\t\t\t\t<\/ul>\n\t\t\t\t<\/div>\n\t\t\t\t<\/div>\n\t\t\t\t\t<\/div>\n\t\t<\/div>\n\t\t\t\t\t<\/div>\n\t\t<\/section>\n\t\t\t\t<section class=\"elementor-section elementor-top-section elementor-element elementor-element-9d81ea7 elementor-section-boxed elementor-section-height-default elementor-section-height-default\" data-id=\"9d81ea7\" data-element_type=\"section\">\n\t\t\t\t\t\t<div class=\"elementor-container elementor-column-gap-default\">\n\t\t\t\t\t<div class=\"elementor-column elementor-col-100 elementor-top-column elementor-element elementor-element-eef0efc\" data-id=\"eef0efc\" data-element_type=\"column\">\n\t\t\t<div class=\"elementor-widget-wrap elementor-element-populated\">\n\t\t\t\t\t\t<div class=\"elementor-element elementor-element-1d38025 elementor-widget elementor-widget-text-editor\" data-id=\"1d38025\" data-element_type=\"widget\" data-widget_type=\"text-editor.default\">\n\t\t\t\t<div class=\"elementor-widget-container\">\n\t\t\t\t\t\t\t<div class=\"xdj266r x11i5rnm xat24cr x1mh8g0r x1vvkbs x126k92a\"><div dir=\"auto\">W ubieg\u0142y pi\u0105tek, 05.04.2024 r., odby\u0142y si\u0119 zaj\u0119cia zrealizowane w ramach projektu SCORP pt. \u201eDAPHNE\u201d.<\/div><\/div><div class=\"x11i5rnm xat24cr x1mh8g0r x1vvkbs xtlvy1s x126k92a\"><div dir=\"auto\">Uczestnicy spotkania mogli wzi\u0105\u0107 udzia\u0142 w treningu samoobronny przeprowadzonym przez <a class=\"x1i10hfl xjbqb8w x1ejq31n xd10rxx x1sy0etr x17r0tee x972fbf xcfux6l x1qhh985 xm0m39n x9f619 x1ypdohk xt0psk2 xe8uvvx xdj266r x11i5rnm xat24cr x1mh8g0r xexx8yu x4uap5 x18d9i69 xkhd6sd x16tdsg8 x1hl2dhg xggy1nq x1a2a7pz xt0b8zv x1fey0fg xo1l8bm\" tabindex=\"0\" role=\"link\" href=\"https:\/\/www.facebook.com\/infinity.fight.elblag?__cft__[0]=AZUV8jBYw0nfqsp_5Jhxx8_-5cS4rfyaXjES-B0iFJ7_3nVmfRhdv-BP3Ch4TfH8oPD2E3hHLc13zqOsWBz6hcJ2JXnjDsViGyDJmzNpATHqvV1g7YcwZl4U-QqeoqEiV68jvVOIZogxUeSyZjMYdVzHylXDAYAQl3EnQHvMbPJNVEMB73AS0sJqt9xZMfRYMdo&amp;__tn__=-]K-R\"><span class=\"xt0psk2\">InfinityFight<\/span><\/a>.<\/div><\/div><div class=\"x11i5rnm xat24cr x1mh8g0r x1vvkbs xtlvy1s x126k92a\"><div dir=\"auto\">W kolejnej cz\u0119\u015bci zaj\u0119\u0107, dzi\u0119ki uprzejmo\u015bci asp.szt.Atur Bajorek z <a class=\"x1i10hfl xjbqb8w x1ejq31n xd10rxx x1sy0etr x17r0tee x972fbf xcfux6l x1qhh985 xm0m39n x9f619 x1ypdohk xt0psk2 xe8uvvx xdj266r x11i5rnm xat24cr x1mh8g0r xexx8yu x4uap5 x18d9i69 xkhd6sd x16tdsg8 x1hl2dhg xggy1nq x1a2a7pz xt0b8zv x1fey0fg xo1l8bm\" tabindex=\"0\" role=\"link\" href=\"https:\/\/www.facebook.com\/profile.php?id=100083453105791&amp;__cft__[0]=AZUV8jBYw0nfqsp_5Jhxx8_-5cS4rfyaXjES-B0iFJ7_3nVmfRhdv-BP3Ch4TfH8oPD2E3hHLc13zqOsWBz6hcJ2JXnjDsViGyDJmzNpATHqvV1g7YcwZl4U-QqeoqEiV68jvVOIZogxUeSyZjMYdVzHylXDAYAQl3EnQHvMbPJNVEMB73AS0sJqt9xZMfRYMdo&amp;__tn__=-]K-R\"><span class=\"xt0psk2\">Komenda Miejska Policji w Elbl\u0105gu<\/span><\/a>, zosta\u0142o przeprowadzone spotkanie dotycz\u0105ce przemocy wobec kobiet i procedury niebieskiej karty.<\/div><div dir=\"auto\">\u00a0<\/div><\/div><div class=\"x11i5rnm xat24cr x1mh8g0r x1vvkbs xtlvy1s x126k92a\"><div dir=\"auto\">Dzi\u0119kujemy wszystkim przyby\u0142ym za obecno\u015b\u0107 i aktywne uczestnictwo w wydarzeniu!<\/div><div dir=\"auto\">\u00a0<\/div><\/div><div class=\"x11i5rnm xat24cr x1mh8g0r x1vvkbs xtlvy1s x126k92a\"><div dir=\"auto\">SCORP, IFMSA-Poland Oddzia\u0142 Kandydat w Elbl\u0105gu\u00a0<\/div><\/div>\t\t\t\t\t\t<\/div>\n\t\t\t\t<\/div>\n\t\t\t\t\t<\/div>\n\t\t<\/div>\n\t\t\t\t\t<\/div>\n\t\t<\/section>\n\t\t\t\t<section class=\"elementor-section elementor-top-section elementor-element elementor-element-ab28897 elementor-section-boxed elementor-section-height-default elementor-section-height-default\" data-id=\"ab28897\" data-element_type=\"section\">\n\t\t\t\t\t\t<div class=\"elementor-container elementor-column-gap-default\">\n\t\t\t\t\t<div class=\"elementor-column elementor-col-100 elementor-top-column elementor-element elementor-element-011ea4d\" data-id=\"011ea4d\" data-element_type=\"column\">\n\t\t\t<div class=\"elementor-widget-wrap elementor-element-populated\">\n\t\t\t\t\t\t<div class=\"elementor-element elementor-element-1a86019 elementor-widget elementor-widget-gallery\" data-id=\"1a86019\" data-element_type=\"widget\" data-settings=\"{&quot;lazyload&quot;:&quot;yes&quot;,&quot;gallery_layout&quot;:&quot;grid&quot;,&quot;columns&quot;:4,&quot;columns_tablet&quot;:2,&quot;columns_mobile&quot;:1,&quot;gap&quot;:{&quot;unit&quot;:&quot;px&quot;,&quot;size&quot;:10,&quot;sizes&quot;:[]},&quot;gap_tablet&quot;:{&quot;unit&quot;:&quot;px&quot;,&quot;size&quot;:10,&quot;sizes&quot;:[]},&quot;gap_mobile&quot;:{&quot;unit&quot;:&quot;px&quot;,&quot;size&quot;:10,&quot;sizes&quot;:[]},&quot;link_to&quot;:&quot;file&quot;,&quot;aspect_ratio&quot;:&quot;3:2&quot;,&quot;overlay_background&quot;:&quot;yes&quot;,&quot;content_hover_animation&quot;:&quot;fade-in&quot;}\" data-widget_type=\"gallery.default\">\n\t\t\t\t<div class=\"elementor-widget-container\">\n\t\t\t\t\t<div class=\"elementor-gallery__container\">\n\t\t\t\t\t\t\t<a class=\"e-gallery-item elementor-gallery-item elementor-animated-content\" href=\"https:\/\/amisns.edu.pl\/stara-wersja\/wp-content\/uploads\/DSC00262.jpg\" data-elementor-open-lightbox=\"yes\" data-elementor-lightbox-slideshow=\"1a86019\" data-elementor-lightbox-title=\"DSC00262\" data-e-action-hash=\"#elementor-action%3Aaction%3Dlightbox%26settings%3DeyJpZCI6MTk5NTIsInVybCI6Imh0dHBzOlwvXC9hbWlzbnMuZWR1LnBsXC9zdGFyYS13ZXJzamFcL3dwLWNvbnRlbnRcL3VwbG9hZHNcL0RTQzAwMjYyLmpwZyIsInNsaWRlc2hvdyI6IjFhODYwMTkifQ%3D%3D\">\n\t\t\t\t\t<div class=\"e-gallery-image elementor-gallery-item__image\" data-thumbnail=\"https:\/\/amisns.edu.pl\/stara-wersja\/wp-content\/uploads\/DSC00262-1500x844.jpg\" data-width=\"1500\" data-height=\"844\" aria-label=\"\" role=\"img\" ><\/div>\n\t\t\t\t\t\t\t\t\t\t\t<div class=\"elementor-gallery-item__overlay\"><\/div>\n\t\t\t\t\t\t\t\t\t\t\t\t\t\t<\/a>\n\t\t\t\t\t\t\t<a class=\"e-gallery-item elementor-gallery-item elementor-animated-content\" href=\"https:\/\/amisns.edu.pl\/stara-wersja\/wp-content\/uploads\/DSC00263.jpg\" data-elementor-open-lightbox=\"yes\" data-elementor-lightbox-slideshow=\"1a86019\" data-elementor-lightbox-title=\"DSC00263\" data-e-action-hash=\"#elementor-action%3Aaction%3Dlightbox%26settings%3DeyJpZCI6MTk5NTMsInVybCI6Imh0dHBzOlwvXC9hbWlzbnMuZWR1LnBsXC9zdGFyYS13ZXJzamFcL3dwLWNvbnRlbnRcL3VwbG9hZHNcL0RTQzAwMjYzLmpwZyIsInNsaWRlc2hvdyI6IjFhODYwMTkifQ%3D%3D\">\n\t\t\t\t\t<div class=\"e-gallery-image elementor-gallery-item__image\" data-thumbnail=\"https:\/\/amisns.edu.pl\/stara-wersja\/wp-content\/uploads\/DSC00263-1500x844.jpg\" data-width=\"1500\" data-height=\"844\" aria-label=\"\" role=\"img\" ><\/div>\n\t\t\t\t\t\t\t\t\t\t\t<div class=\"elementor-gallery-item__overlay\"><\/div>\n\t\t\t\t\t\t\t\t\t\t\t\t\t\t<\/a>\n\t\t\t\t\t\t\t<a class=\"e-gallery-item elementor-gallery-item elementor-animated-content\" href=\"https:\/\/amisns.edu.pl\/stara-wersja\/wp-content\/uploads\/IMG_1361.jpg\" data-elementor-open-lightbox=\"yes\" data-elementor-lightbox-slideshow=\"1a86019\" data-elementor-lightbox-title=\"IMG_1361\" data-e-action-hash=\"#elementor-action%3Aaction%3Dlightbox%26settings%3DeyJpZCI6MTk5NjMsInVybCI6Imh0dHBzOlwvXC9hbWlzbnMuZWR1LnBsXC9zdGFyYS13ZXJzamFcL3dwLWNvbnRlbnRcL3VwbG9hZHNcL0lNR18xMzYxLmpwZyIsInNsaWRlc2hvdyI6IjFhODYwMTkifQ%3D%3D\">\n\t\t\t\t\t<div class=\"e-gallery-image elementor-gallery-item__image\" data-thumbnail=\"https:\/\/amisns.edu.pl\/stara-wersja\/wp-content\/uploads\/IMG_1361.jpg\" data-width=\"1440\" data-height=\"1080\" aria-label=\"\" role=\"img\" ><\/div>\n\t\t\t\t\t\t\t\t\t\t\t<div class=\"elementor-gallery-item__overlay\"><\/div>\n\t\t\t\t\t\t\t\t\t\t\t\t\t\t<\/a>\n\t\t\t\t\t\t\t<a class=\"e-gallery-item elementor-gallery-item elementor-animated-content\" href=\"https:\/\/amisns.edu.pl\/stara-wersja\/wp-content\/uploads\/IMG_1353.jpg\" data-elementor-open-lightbox=\"yes\" data-elementor-lightbox-slideshow=\"1a86019\" data-elementor-lightbox-title=\"IMG_1353\" data-e-action-hash=\"#elementor-action%3Aaction%3Dlightbox%26settings%3DeyJpZCI6MTk5NjIsInVybCI6Imh0dHBzOlwvXC9hbWlzbnMuZWR1LnBsXC9zdGFyYS13ZXJzamFcL3dwLWNvbnRlbnRcL3VwbG9hZHNcL0lNR18xMzUzLmpwZyIsInNsaWRlc2hvdyI6IjFhODYwMTkifQ%3D%3D\">\n\t\t\t\t\t<div class=\"e-gallery-image elementor-gallery-item__image\" data-thumbnail=\"https:\/\/amisns.edu.pl\/stara-wersja\/wp-content\/uploads\/IMG_1353.jpg\" data-width=\"1440\" data-height=\"1080\" aria-label=\"\" role=\"img\" ><\/div>\n\t\t\t\t\t\t\t\t\t\t\t<div class=\"elementor-gallery-item__overlay\"><\/div>\n\t\t\t\t\t\t\t\t\t\t\t\t\t\t<\/a>\n\t\t\t\t\t\t\t<a class=\"e-gallery-item elementor-gallery-item elementor-animated-content\" href=\"https:\/\/amisns.edu.pl\/stara-wersja\/wp-content\/uploads\/IMG_1352.jpg\" data-elementor-open-lightbox=\"yes\" data-elementor-lightbox-slideshow=\"1a86019\" data-elementor-lightbox-title=\"IMG_1352\" data-e-action-hash=\"#elementor-action%3Aaction%3Dlightbox%26settings%3DeyJpZCI6MTk5NjEsInVybCI6Imh0dHBzOlwvXC9hbWlzbnMuZWR1LnBsXC9zdGFyYS13ZXJzamFcL3dwLWNvbnRlbnRcL3VwbG9hZHNcL0lNR18xMzUyLmpwZyIsInNsaWRlc2hvdyI6IjFhODYwMTkifQ%3D%3D\">\n\t\t\t\t\t<div class=\"e-gallery-image elementor-gallery-item__image\" data-thumbnail=\"https:\/\/amisns.edu.pl\/stara-wersja\/wp-content\/uploads\/IMG_1352.jpg\" data-width=\"1440\" data-height=\"1080\" aria-label=\"\" role=\"img\" ><\/div>\n\t\t\t\t\t\t\t\t\t\t\t<div class=\"elementor-gallery-item__overlay\"><\/div>\n\t\t\t\t\t\t\t\t\t\t\t\t\t\t<\/a>\n\t\t\t\t\t\t\t<a class=\"e-gallery-item elementor-gallery-item elementor-animated-content\" href=\"https:\/\/amisns.edu.pl\/stara-wersja\/wp-content\/uploads\/IMG_1350.jpg\" data-elementor-open-lightbox=\"yes\" data-elementor-lightbox-slideshow=\"1a86019\" data-elementor-lightbox-title=\"IMG_1350\" data-e-action-hash=\"#elementor-action%3Aaction%3Dlightbox%26settings%3DeyJpZCI6MTk5NjAsInVybCI6Imh0dHBzOlwvXC9hbWlzbnMuZWR1LnBsXC9zdGFyYS13ZXJzamFcL3dwLWNvbnRlbnRcL3VwbG9hZHNcL0lNR18xMzUwLmpwZyIsInNsaWRlc2hvdyI6IjFhODYwMTkifQ%3D%3D\">\n\t\t\t\t\t<div class=\"e-gallery-image elementor-gallery-item__image\" data-thumbnail=\"https:\/\/amisns.edu.pl\/stara-wersja\/wp-content\/uploads\/IMG_1350.jpg\" data-width=\"1440\" data-height=\"1080\" aria-label=\"\" role=\"img\" ><\/div>\n\t\t\t\t\t\t\t\t\t\t\t<div class=\"elementor-gallery-item__overlay\"><\/div>\n\t\t\t\t\t\t\t\t\t\t\t\t\t\t<\/a>\n\t\t\t\t\t\t\t<a class=\"e-gallery-item elementor-gallery-item elementor-animated-content\" href=\"https:\/\/amisns.edu.pl\/stara-wersja\/wp-content\/uploads\/DSC00287.jpg\" data-elementor-open-lightbox=\"yes\" data-elementor-lightbox-slideshow=\"1a86019\" data-elementor-lightbox-title=\"DSC00287\" data-e-action-hash=\"#elementor-action%3Aaction%3Dlightbox%26settings%3DeyJpZCI6MTk5NTksInVybCI6Imh0dHBzOlwvXC9hbWlzbnMuZWR1LnBsXC9zdGFyYS13ZXJzamFcL3dwLWNvbnRlbnRcL3VwbG9hZHNcL0RTQzAwMjg3LmpwZyIsInNsaWRlc2hvdyI6IjFhODYwMTkifQ%3D%3D\">\n\t\t\t\t\t<div class=\"e-gallery-image elementor-gallery-item__image\" data-thumbnail=\"https:\/\/amisns.edu.pl\/stara-wersja\/wp-content\/uploads\/DSC00287-1500x844.jpg\" data-width=\"1500\" data-height=\"844\" aria-label=\"\" role=\"img\" ><\/div>\n\t\t\t\t\t\t\t\t\t\t\t<div class=\"elementor-gallery-item__overlay\"><\/div>\n\t\t\t\t\t\t\t\t\t\t\t\t\t\t<\/a>\n\t\t\t\t\t\t\t<a class=\"e-gallery-item elementor-gallery-item elementor-animated-content\" href=\"https:\/\/amisns.edu.pl\/stara-wersja\/wp-content\/uploads\/DSC00277.jpg\" data-elementor-open-lightbox=\"yes\" data-elementor-lightbox-slideshow=\"1a86019\" data-elementor-lightbox-title=\"DSC00277\" data-e-action-hash=\"#elementor-action%3Aaction%3Dlightbox%26settings%3DeyJpZCI6MTk5NTcsInVybCI6Imh0dHBzOlwvXC9hbWlzbnMuZWR1LnBsXC9zdGFyYS13ZXJzamFcL3dwLWNvbnRlbnRcL3VwbG9hZHNcL0RTQzAwMjc3LmpwZyIsInNsaWRlc2hvdyI6IjFhODYwMTkifQ%3D%3D\">\n\t\t\t\t\t<div class=\"e-gallery-image elementor-gallery-item__image\" data-thumbnail=\"https:\/\/amisns.edu.pl\/stara-wersja\/wp-content\/uploads\/DSC00277-1500x844.jpg\" data-width=\"1500\" data-height=\"844\" aria-label=\"\" role=\"img\" ><\/div>\n\t\t\t\t\t\t\t\t\t\t\t<div class=\"elementor-gallery-item__overlay\"><\/div>\n\t\t\t\t\t\t\t\t\t\t\t\t\t\t<\/a>\n\t\t\t\t\t\t\t<a class=\"e-gallery-item elementor-gallery-item elementor-animated-content\" href=\"https:\/\/amisns.edu.pl\/stara-wersja\/wp-content\/uploads\/IMG_1365.jpg\" data-elementor-open-lightbox=\"yes\" data-elementor-lightbox-slideshow=\"1a86019\" data-elementor-lightbox-title=\"IMG_1365\" data-e-action-hash=\"#elementor-action%3Aaction%3Dlightbox%26settings%3DeyJpZCI6MTk5NjQsInVybCI6Imh0dHBzOlwvXC9hbWlzbnMuZWR1LnBsXC9zdGFyYS13ZXJzamFcL3dwLWNvbnRlbnRcL3VwbG9hZHNcL0lNR18xMzY1LmpwZyIsInNsaWRlc2hvdyI6IjFhODYwMTkifQ%3D%3D\">\n\t\t\t\t\t<div class=\"e-gallery-image elementor-gallery-item__image\" data-thumbnail=\"https:\/\/amisns.edu.pl\/stara-wersja\/wp-content\/uploads\/IMG_1365.jpg\" data-width=\"1440\" data-height=\"1080\" aria-label=\"\" role=\"img\" ><\/div>\n\t\t\t\t\t\t\t\t\t\t\t<div class=\"elementor-gallery-item__overlay\"><\/div>\n\t\t\t\t\t\t\t\t\t\t\t\t\t\t<\/a>\n\t\t\t\t\t\t\t<a class=\"e-gallery-item elementor-gallery-item elementor-animated-content\" href=\"https:\/\/amisns.edu.pl\/stara-wersja\/wp-content\/uploads\/DSC00268.jpg\" data-elementor-open-lightbox=\"yes\" data-elementor-lightbox-slideshow=\"1a86019\" data-elementor-lightbox-title=\"DSC00268\" data-e-action-hash=\"#elementor-action%3Aaction%3Dlightbox%26settings%3DeyJpZCI6MTk5NTQsInVybCI6Imh0dHBzOlwvXC9hbWlzbnMuZWR1LnBsXC9zdGFyYS13ZXJzamFcL3dwLWNvbnRlbnRcL3VwbG9hZHNcL0RTQzAwMjY4LmpwZyIsInNsaWRlc2hvdyI6IjFhODYwMTkifQ%3D%3D\">\n\t\t\t\t\t<div class=\"e-gallery-image elementor-gallery-item__image\" data-thumbnail=\"https:\/\/amisns.edu.pl\/stara-wersja\/wp-content\/uploads\/DSC00268-1500x844.jpg\" data-width=\"1500\" data-height=\"844\" aria-label=\"\" role=\"img\" ><\/div>\n\t\t\t\t\t\t\t\t\t\t\t<div class=\"elementor-gallery-item__overlay\"><\/div>\n\t\t\t\t\t\t\t\t\t\t\t\t\t\t<\/a>\n\t\t\t\t\t\t\t<a class=\"e-gallery-item elementor-gallery-item elementor-animated-content\" href=\"https:\/\/amisns.edu.pl\/stara-wersja\/wp-content\/uploads\/DSC00274.jpg\" data-elementor-open-lightbox=\"yes\" data-elementor-lightbox-slideshow=\"1a86019\" data-elementor-lightbox-title=\"DSC00274\" data-e-action-hash=\"#elementor-action%3Aaction%3Dlightbox%26settings%3DeyJpZCI6MTk5NTUsInVybCI6Imh0dHBzOlwvXC9hbWlzbnMuZWR1LnBsXC9zdGFyYS13ZXJzamFcL3dwLWNvbnRlbnRcL3VwbG9hZHNcL0RTQzAwMjc0LmpwZyIsInNsaWRlc2hvdyI6IjFhODYwMTkifQ%3D%3D\">\n\t\t\t\t\t<div class=\"e-gallery-image elementor-gallery-item__image\" data-thumbnail=\"https:\/\/amisns.edu.pl\/stara-wersja\/wp-content\/uploads\/DSC00274-1500x844.jpg\" data-width=\"1500\" data-height=\"844\" aria-label=\"\" role=\"img\" ><\/div>\n\t\t\t\t\t\t\t\t\t\t\t<div class=\"elementor-gallery-item__overlay\"><\/div>\n\t\t\t\t\t\t\t\t\t\t\t\t\t\t<\/a>\n\t\t\t\t\t\t\t<a class=\"e-gallery-item elementor-gallery-item elementor-animated-content\" href=\"https:\/\/amisns.edu.pl\/stara-wersja\/wp-content\/uploads\/DSC00276.jpg\" data-elementor-open-lightbox=\"yes\" data-elementor-lightbox-slideshow=\"1a86019\" data-elementor-lightbox-title=\"DSC00276\" data-e-action-hash=\"#elementor-action%3Aaction%3Dlightbox%26settings%3DeyJpZCI6MTk5NTYsInVybCI6Imh0dHBzOlwvXC9hbWlzbnMuZWR1LnBsXC9zdGFyYS13ZXJzamFcL3dwLWNvbnRlbnRcL3VwbG9hZHNcL0RTQzAwMjc2LmpwZyIsInNsaWRlc2hvdyI6IjFhODYwMTkifQ%3D%3D\">\n\t\t\t\t\t<div class=\"e-gallery-image elementor-gallery-item__image\" data-thumbnail=\"https:\/\/amisns.edu.pl\/stara-wersja\/wp-content\/uploads\/DSC00276-1500x844.jpg\" data-width=\"1500\" data-height=\"844\" aria-label=\"\" role=\"img\" ><\/div>\n\t\t\t\t\t\t\t\t\t\t\t<div class=\"elementor-gallery-item__overlay\"><\/div>\n\t\t\t\t\t\t\t\t\t\t\t\t\t\t<\/a>\n\t\t\t\t\t<\/div>\n\t\t\t<\/div>\n\t\t\t\t<\/div>\n\t\t\t\t\t<\/div>\n\t\t<\/div>\n\t\t\t\t\t<\/div>\n\t\t<\/section>\n\t\t\t\t<section class=\"elementor-section elementor-top-section elementor-element elementor-element-2fdc8d7 elementor-section-boxed elementor-section-height-default elementor-section-height-default\" data-id=\"2fdc8d7\" data-element_type=\"section\">\n\t\t\t\t\t\t<div class=\"elementor-container elementor-column-gap-default\">\n\t\t\t\t\t<div class=\"elementor-column elementor-col-100 elementor-top-column elementor-element elementor-element-8ae414b\" data-id=\"8ae414b\" data-element_type=\"column\">\n\t\t\t<div class=\"elementor-widget-wrap elementor-element-populated\">\n\t\t\t\t\t\t<div class=\"elementor-element elementor-element-ae03b90 elementor-widget-divider--view-line elementor-widget elementor-widget-divider\" data-id=\"ae03b90\" data-element_type=\"widget\" data-widget_type=\"divider.default\">\n\t\t\t\t<div class=\"elementor-widget-container\">\n\t\t\t\t\t<div class=\"elementor-divider\">\n\t\t\t<span class=\"elementor-divider-separator\">\n\t\t\t\t\t\t<\/span>\n\t\t<\/div>\n\t\t\t\t<\/div>\n\t\t\t\t<\/div>\n\t\t\t\t\t<\/div>\n\t\t<\/div>\n\t\t\t\t\t<\/div>\n\t\t<\/section>\n\t\t\t\t<section class=\"elementor-section elementor-top-section elementor-element elementor-element-0462869 elementor-section-boxed elementor-section-height-default elementor-section-height-default\" data-id=\"0462869\" data-element_type=\"section\">\n\t\t\t\t\t\t<div class=\"elementor-container elementor-column-gap-default\">\n\t\t\t\t\t<div class=\"elementor-column elementor-col-100 elementor-top-column elementor-element elementor-element-3f86699\" data-id=\"3f86699\" data-element_type=\"column\">\n\t\t\t<div class=\"elementor-widget-wrap elementor-element-populated\">\n\t\t\t\t\t\t<div class=\"elementor-element elementor-element-7eaa4b2 elementor-grid-3 elementor-grid-tablet-2 elementor-grid-mobile-1 elementor-posts--thumbnail-top elementor-widget elementor-widget-posts\" data-id=\"7eaa4b2\" data-element_type=\"widget\" data-settings=\"{&quot;classic_columns&quot;:&quot;3&quot;,&quot;classic_columns_tablet&quot;:&quot;2&quot;,&quot;classic_columns_mobile&quot;:&quot;1&quot;,&quot;classic_row_gap&quot;:{&quot;unit&quot;:&quot;px&quot;,&quot;size&quot;:35,&quot;sizes&quot;:[]},&quot;classic_row_gap_tablet&quot;:{&quot;unit&quot;:&quot;px&quot;,&quot;size&quot;:&quot;&quot;,&quot;sizes&quot;:[]},&quot;classic_row_gap_mobile&quot;:{&quot;unit&quot;:&quot;px&quot;,&quot;size&quot;:&quot;&quot;,&quot;sizes&quot;:[]}}\" data-widget_type=\"posts.classic\">\n\t\t\t\t<div class=\"elementor-widget-container\">\n\t\t\t\t\t<div class=\"elementor-posts-container elementor-posts elementor-posts--skin-classic elementor-grid\">\n\t\t\t\t<article class=\"elementor-post elementor-grid-item post-24993 post type-post status-publish format-standard has-post-thumbnail hentry category-glowne-aktualnosci category-uncategorized entry has-media\">\n\t\t\t\t<a class=\"elementor-post__thumbnail__link\" href=\"https:\/\/amisns.edu.pl\/stara-wersja\/wazna-informacja-dla-nowych-studentow\/\" tabindex=\"-1\" >\n\t\t\t<div class=\"elementor-post__thumbnail\"><img decoding=\"async\" width=\"1080\" height=\"1080\" src=\"https:\/\/amisns.edu.pl\/stara-wersja\/wp-content\/uploads\/Zolty-Ciemnoczerwony-Fioletowy-Nowoczesny-Karuzela-Post-na-Instagram-\u2013-edukacja-finansowa.png\" class=\"attachment-medium size-medium wp-image-24994\" alt=\"\" srcset=\"https:\/\/amisns.edu.pl\/stara-wersja\/wp-content\/uploads\/Zolty-Ciemnoczerwony-Fioletowy-Nowoczesny-Karuzela-Post-na-Instagram-\u2013-edukacja-finansowa.png 1080w, https:\/\/amisns.edu.pl\/stara-wersja\/wp-content\/uploads\/Zolty-Ciemnoczerwony-Fioletowy-Nowoczesny-Karuzela-Post-na-Instagram-\u2013-edukacja-finansowa-1000x1000.png 1000w, https:\/\/amisns.edu.pl\/stara-wersja\/wp-content\/uploads\/Zolty-Ciemnoczerwony-Fioletowy-Nowoczesny-Karuzela-Post-na-Instagram-\u2013-edukacja-finansowa-768x768.png 768w, https:\/\/amisns.edu.pl\/stara-wersja\/wp-content\/uploads\/Zolty-Ciemnoczerwony-Fioletowy-Nowoczesny-Karuzela-Post-na-Instagram-\u2013-edukacja-finansowa-600x600.png 600w\" sizes=\"(max-width: 1080px) 100vw, 1080px\" \/><\/div>\n\t\t<\/a>\n\t\t\t\t<div class=\"elementor-post__text\">\n\t\t\t\t<h3 class=\"elementor-post__title\">\n\t\t\t<a href=\"https:\/\/amisns.edu.pl\/stara-wersja\/wazna-informacja-dla-nowych-studentow\/\" >\n\t\t\t\tWa\u017cna informacja dla nowych student\u00f3w!\t\t\t<\/a>\n\t\t<\/h3>\n\t\t\t\t<div class=\"elementor-post__meta-data\">\n\t\t\t\t\t<span class=\"elementor-post-date\">\n\t\t\t04\/10\/2024\t\t<\/span>\n\t\t\t\t<span class=\"elementor-post-avatar\">\n\t\t\tBrak komentarzy\t\t<\/span>\n\t\t\t\t<\/div>\n\t\t\t\t<div class=\"elementor-post__excerpt\">\n\t\t\t<p>Drodzy Studenci! Je\u017celi w tym roku rozpoczynacie kszta\u0142cenie w AMiSNS, pragniemy przypomnie\u0107 o obowi\u0105zku zg\u0142oszenia si\u0119 do swojego Dziekanatu w celu podpisania \u015blubowania. Prosimy o<\/p>\n\t\t<\/div>\n\t\t\n\t\t<a class=\"elementor-post__read-more\" href=\"https:\/\/amisns.edu.pl\/stara-wersja\/wazna-informacja-dla-nowych-studentow\/\" aria-label=\"Read more about Wa\u017cna informacja dla nowych student\u00f3w!\" tabindex=\"-1\" >\n\t\t\tCzytaj wi\u0119cej \u00bb\t\t<\/a>\n\n\t\t\t\t<\/div>\n\t\t\t\t<\/article>\n\t\t\t\t<article class=\"elementor-post elementor-grid-item post-24987 post type-post status-publish format-standard has-post-thumbnail hentry category-glowne-aktualnosci category-uncategorized entry has-media\">\n\t\t\t\t<a class=\"elementor-post__thumbnail__link\" href=\"https:\/\/amisns.edu.pl\/stara-wersja\/godziny-pracy-dzialow-akademii-w-dniach-5-6-pazdziernika\/\" tabindex=\"-1\" >\n\t\t\t<div class=\"elementor-post__thumbnail\"><img decoding=\"async\" width=\"1080\" height=\"1080\" src=\"https:\/\/amisns.edu.pl\/stara-wersja\/wp-content\/uploads\/godziny-pracy-na-3-pazdizerniak.png\" class=\"attachment-medium size-medium wp-image-24982\" alt=\"\" srcset=\"https:\/\/amisns.edu.pl\/stara-wersja\/wp-content\/uploads\/godziny-pracy-na-3-pazdizerniak.png 1080w, https:\/\/amisns.edu.pl\/stara-wersja\/wp-content\/uploads\/godziny-pracy-na-3-pazdizerniak-1000x1000.png 1000w, https:\/\/amisns.edu.pl\/stara-wersja\/wp-content\/uploads\/godziny-pracy-na-3-pazdizerniak-768x768.png 768w, https:\/\/amisns.edu.pl\/stara-wersja\/wp-content\/uploads\/godziny-pracy-na-3-pazdizerniak-600x600.png 600w\" sizes=\"(max-width: 1080px) 100vw, 1080px\" \/><\/div>\n\t\t<\/a>\n\t\t\t\t<div class=\"elementor-post__text\">\n\t\t\t\t<h3 class=\"elementor-post__title\">\n\t\t\t<a href=\"https:\/\/amisns.edu.pl\/stara-wersja\/godziny-pracy-dzialow-akademii-w-dniach-5-6-pazdziernika\/\" >\n\t\t\t\tGodziny pracy dzia\u0142\u00f3w Akademii w dniach 5-6 pa\u017adziernika\t\t\t<\/a>\n\t\t<\/h3>\n\t\t\t\t<div class=\"elementor-post__meta-data\">\n\t\t\t\t\t<span class=\"elementor-post-date\">\n\t\t\t04\/10\/2024\t\t<\/span>\n\t\t\t\t<span class=\"elementor-post-avatar\">\n\t\t\tBrak komentarzy\t\t<\/span>\n\t\t\t\t<\/div>\n\t\t\t\t<div class=\"elementor-post__excerpt\">\n\t\t\t<p>Ju\u017c jutro, w sobot\u0119 o godzinie 10:00 odb\u0119dzie si\u0119 uroczysta Inauguracja Roku Akademickiego 2024\/2025. Serdecznie zapraszamy!\u00a05 i 6 pa\u017adziernika jednostki organizacyjne uczelni b\u0119d\u0105 czynne w<\/p>\n\t\t<\/div>\n\t\t\n\t\t<a class=\"elementor-post__read-more\" href=\"https:\/\/amisns.edu.pl\/stara-wersja\/godziny-pracy-dzialow-akademii-w-dniach-5-6-pazdziernika\/\" aria-label=\"Read more about Godziny pracy dzia\u0142\u00f3w Akademii w dniach 5-6 pa\u017adziernika\" tabindex=\"-1\" >\n\t\t\tCzytaj wi\u0119cej \u00bb\t\t<\/a>\n\n\t\t\t\t<\/div>\n\t\t\t\t<\/article>\n\t\t\t\t<article class=\"elementor-post elementor-grid-item post-24980 post type-post status-publish format-standard has-post-thumbnail hentry category-glowne-aktualnosci category-uncategorized entry has-media\">\n\t\t\t\t<a class=\"elementor-post__thumbnail__link\" href=\"https:\/\/amisns.edu.pl\/stara-wersja\/nieczynna-stolowka-amisns\/\" tabindex=\"-1\" >\n\t\t\t<div class=\"elementor-post__thumbnail\"><img loading=\"lazy\" decoding=\"async\" width=\"940\" height=\"788\" src=\"https:\/\/amisns.edu.pl\/stara-wersja\/wp-content\/uploads\/fgbvf.png\" class=\"attachment-medium size-medium wp-image-24981\" alt=\"\" srcset=\"https:\/\/amisns.edu.pl\/stara-wersja\/wp-content\/uploads\/fgbvf.png 940w, https:\/\/amisns.edu.pl\/stara-wersja\/wp-content\/uploads\/fgbvf-768x644.png 768w\" sizes=\"(max-width: 940px) 100vw, 940px\" \/><\/div>\n\t\t<\/a>\n\t\t\t\t<div class=\"elementor-post__text\">\n\t\t\t\t<h3 class=\"elementor-post__title\">\n\t\t\t<a href=\"https:\/\/amisns.edu.pl\/stara-wersja\/nieczynna-stolowka-amisns\/\" >\n\t\t\t\tNieczynna Sto\u0142\u00f3wka AMiSNS\t\t\t<\/a>\n\t\t<\/h3>\n\t\t\t\t<div class=\"elementor-post__meta-data\">\n\t\t\t\t\t<span class=\"elementor-post-date\">\n\t\t\t04\/10\/2024\t\t<\/span>\n\t\t\t\t<span class=\"elementor-post-avatar\">\n\t\t\tBrak komentarzy\t\t<\/span>\n\t\t\t\t<\/div>\n\t\t\t\t<div class=\"elementor-post__excerpt\">\n\t\t\t\t\t<\/div>\n\t\t\n\t\t<a class=\"elementor-post__read-more\" href=\"https:\/\/amisns.edu.pl\/stara-wersja\/nieczynna-stolowka-amisns\/\" aria-label=\"Read more about Nieczynna Sto\u0142\u00f3wka AMiSNS\" tabindex=\"-1\" >\n\t\t\tCzytaj wi\u0119cej \u00bb\t\t<\/a>\n\n\t\t\t\t<\/div>\n\t\t\t\t<\/article>\n\t\t\t\t<article class=\"elementor-post elementor-grid-item post-24966 post type-post status-publish format-standard has-post-thumbnail hentry category-glowne-aktualnosci entry has-media\">\n\t\t\t\t<a class=\"elementor-post__thumbnail__link\" href=\"https:\/\/amisns.edu.pl\/stara-wersja\/ogloszenie-listy-rankingowej-czwartej-rekrutacji-kierunek-lekarski-rok-akademicki-2024-2025\/\" tabindex=\"-1\" >\n\t\t\t<div class=\"elementor-post__thumbnail\"><img loading=\"lazy\" decoding=\"async\" width=\"940\" height=\"788\" src=\"https:\/\/amisns.edu.pl\/stara-wersja\/wp-content\/uploads\/Kierunek-lekarski-6.jpg\" class=\"attachment-medium size-medium wp-image-24965\" alt=\"\" srcset=\"https:\/\/amisns.edu.pl\/stara-wersja\/wp-content\/uploads\/Kierunek-lekarski-6.jpg 940w, https:\/\/amisns.edu.pl\/stara-wersja\/wp-content\/uploads\/Kierunek-lekarski-6-768x644.jpg 768w\" sizes=\"(max-width: 940px) 100vw, 940px\" \/><\/div>\n\t\t<\/a>\n\t\t\t\t<div class=\"elementor-post__text\">\n\t\t\t\t<h3 class=\"elementor-post__title\">\n\t\t\t<a href=\"https:\/\/amisns.edu.pl\/stara-wersja\/ogloszenie-listy-rankingowej-czwartej-rekrutacji-kierunek-lekarski-rok-akademicki-2024-2025\/\" >\n\t\t\t\tOg\u0142oszenie listy rankingowej czwartej rekrutacji \u2013 kierunek lekarski, rok akademicki 2024\/2025\t\t\t<\/a>\n\t\t<\/h3>\n\t\t\t\t<div class=\"elementor-post__meta-data\">\n\t\t\t\t\t<span class=\"elementor-post-date\">\n\t\t\t02\/10\/2024\t\t<\/span>\n\t\t\t\t<span class=\"elementor-post-avatar\">\n\t\t\tBrak komentarzy\t\t<\/span>\n\t\t\t\t<\/div>\n\t\t\t\t<div class=\"elementor-post__excerpt\">\n\t\t\t<p>Szanowni Kandydaci, poni\u017cej przedstawiamy list\u0119 os\u00f3b, kt\u00f3re zakwalifikowa\u0142y si\u0119 na kierunek lekarski w czwartej turze rekrutacji na rok akademicki 2024\/2025.\u00a0 Lista rankingowa zawiera identyfikatory, kt\u00f3re<\/p>\n\t\t<\/div>\n\t\t\n\t\t<a class=\"elementor-post__read-more\" href=\"https:\/\/amisns.edu.pl\/stara-wersja\/ogloszenie-listy-rankingowej-czwartej-rekrutacji-kierunek-lekarski-rok-akademicki-2024-2025\/\" aria-label=\"Read more about Og\u0142oszenie listy rankingowej czwartej rekrutacji \u2013 kierunek lekarski, rok akademicki 2024\/2025\" tabindex=\"-1\" >\n\t\t\tCzytaj wi\u0119cej \u00bb\t\t<\/a>\n\n\t\t\t\t<\/div>\n\t\t\t\t<\/article>\n\t\t\t\t<article class=\"elementor-post elementor-grid-item post-24954 post type-post status-publish format-standard has-post-thumbnail hentry category-glowne-aktualnosci entry has-media\">\n\t\t\t\t<a class=\"elementor-post__thumbnail__link\" href=\"https:\/\/amisns.edu.pl\/stara-wersja\/ruszyl-nabor-wnioskow-stypendialnych-na-rok-akademicki-2024-2025\/\" tabindex=\"-1\" >\n\t\t\t<div class=\"elementor-post__thumbnail\"><img loading=\"lazy\" decoding=\"async\" width=\"1080\" height=\"1080\" src=\"https:\/\/amisns.edu.pl\/stara-wersja\/wp-content\/uploads\/Stypendia-20242025-1.jpg\" class=\"attachment-medium size-medium wp-image-24959\" alt=\"\" srcset=\"https:\/\/amisns.edu.pl\/stara-wersja\/wp-content\/uploads\/Stypendia-20242025-1.jpg 1080w, https:\/\/amisns.edu.pl\/stara-wersja\/wp-content\/uploads\/Stypendia-20242025-1-1000x1000.jpg 1000w, https:\/\/amisns.edu.pl\/stara-wersja\/wp-content\/uploads\/Stypendia-20242025-1-768x768.jpg 768w, https:\/\/amisns.edu.pl\/stara-wersja\/wp-content\/uploads\/Stypendia-20242025-1-600x600.jpg 600w\" sizes=\"(max-width: 1080px) 100vw, 1080px\" \/><\/div>\n\t\t<\/a>\n\t\t\t\t<div class=\"elementor-post__text\">\n\t\t\t\t<h3 class=\"elementor-post__title\">\n\t\t\t<a href=\"https:\/\/amisns.edu.pl\/stara-wersja\/ruszyl-nabor-wnioskow-stypendialnych-na-rok-akademicki-2024-2025\/\" >\n\t\t\t\tRuszy\u0142 nab\u00f3r wniosk\u00f3w stypendialnych na rok akademicki 2024\/2025\t\t\t<\/a>\n\t\t<\/h3>\n\t\t\t\t<div class=\"elementor-post__meta-data\">\n\t\t\t\t\t<span class=\"elementor-post-date\">\n\t\t\t01\/10\/2024\t\t<\/span>\n\t\t\t\t<span class=\"elementor-post-avatar\">\n\t\t\tBrak komentarzy\t\t<\/span>\n\t\t\t\t<\/div>\n\t\t\t\t<div class=\"elementor-post__excerpt\">\n\t\t\t<p>Studenci Akademii Medycznych i Spo\u0142ecznych Nauk Stosowanych mog\u0105 ju\u017c sk\u0142ada\u0107 wnioski o stypendia. Oferujemy wsparcie finansowe w formie:\u00a0 stypendi\u00f3w socjalnych dla os\u00f3b niepe\u0142nosprawnych, rektora, ministra<\/p>\n\t\t<\/div>\n\t\t\n\t\t<a class=\"elementor-post__read-more\" href=\"https:\/\/amisns.edu.pl\/stara-wersja\/ruszyl-nabor-wnioskow-stypendialnych-na-rok-akademicki-2024-2025\/\" aria-label=\"Read more about Ruszy\u0142 nab\u00f3r wniosk\u00f3w stypendialnych na rok akademicki 2024\/2025\" tabindex=\"-1\" >\n\t\t\tCzytaj wi\u0119cej \u00bb\t\t<\/a>\n\n\t\t\t\t<\/div>\n\t\t\t\t<\/article>\n\t\t\t\t<article class=\"elementor-post elementor-grid-item post-24920 post type-post status-publish format-standard has-post-thumbnail hentry category-glowne-aktualnosci entry has-media\">\n\t\t\t\t<a class=\"elementor-post__thumbnail__link\" href=\"https:\/\/amisns.edu.pl\/stara-wersja\/przedluzona-rekrutacja-na-studia-w-akademii-medycznych-i-spolecznych-nauk-stosowanych-trwa-do-19-pazdziernika\/\" tabindex=\"-1\" >\n\t\t\t<div class=\"elementor-post__thumbnail\"><img loading=\"lazy\" decoding=\"async\" width=\"940\" height=\"788\" src=\"https:\/\/amisns.edu.pl\/stara-wersja\/wp-content\/uploads\/Bez-tytulu-Post-na-Facebooka-1.jpg\" class=\"attachment-medium size-medium wp-image-24921\" alt=\"\" srcset=\"https:\/\/amisns.edu.pl\/stara-wersja\/wp-content\/uploads\/Bez-tytulu-Post-na-Facebooka-1.jpg 940w, https:\/\/amisns.edu.pl\/stara-wersja\/wp-content\/uploads\/Bez-tytulu-Post-na-Facebooka-1-768x644.jpg 768w\" sizes=\"(max-width: 940px) 100vw, 940px\" \/><\/div>\n\t\t<\/a>\n\t\t\t\t<div class=\"elementor-post__text\">\n\t\t\t\t<h3 class=\"elementor-post__title\">\n\t\t\t<a href=\"https:\/\/amisns.edu.pl\/stara-wersja\/przedluzona-rekrutacja-na-studia-w-akademii-medycznych-i-spolecznych-nauk-stosowanych-trwa-do-19-pazdziernika\/\" >\n\t\t\t\tPrzed\u0142u\u017cona rekrutacja na studia w Akademii Medycznych i Spo\u0142ecznych Nauk Stosowanych \u2013 trwa do 19 pa\u017adziernika!\t\t\t<\/a>\n\t\t<\/h3>\n\t\t\t\t<div class=\"elementor-post__meta-data\">\n\t\t\t\t\t<span class=\"elementor-post-date\">\n\t\t\t30\/09\/2024\t\t<\/span>\n\t\t\t\t<span class=\"elementor-post-avatar\">\n\t\t\tBrak komentarzy\t\t<\/span>\n\t\t\t\t<\/div>\n\t\t\t\t<div class=\"elementor-post__excerpt\">\n\t\t\t<p>Drodzy Kandydaci!Z rado\u015bci\u0105 informujemy, \u017ce Akademia Medycznych i Spo\u0142ecznych Nauk Stosowanych przed\u0142u\u017cy\u0142a rekrutacj\u0119 na studia do 19 pa\u017adziernika. To doskona\u0142a okazja, aby do\u0142\u0105czy\u0107 do grona<\/p>\n\t\t<\/div>\n\t\t\n\t\t<a class=\"elementor-post__read-more\" href=\"https:\/\/amisns.edu.pl\/stara-wersja\/przedluzona-rekrutacja-na-studia-w-akademii-medycznych-i-spolecznych-nauk-stosowanych-trwa-do-19-pazdziernika\/\" aria-label=\"Read more about Przed\u0142u\u017cona rekrutacja na studia w Akademii Medycznych i Spo\u0142ecznych Nauk Stosowanych \u2013 trwa do 19 pa\u017adziernika!\" tabindex=\"-1\" >\n\t\t\tCzytaj wi\u0119cej \u00bb\t\t<\/a>\n\n\t\t\t\t<\/div>\n\t\t\t\t<\/article>\n\t\t\t\t<\/div>\n\t\t\n\t\t\t\t<\/div>\n\t\t\t\t<\/div>\n\t\t\t\t\t<\/div>\n\t\t<\/div>\n\t\t\t\t\t<\/div>\n\t\t<\/section>\n\t\t\t\t<\/div>\n\t\t","protected":false},"excerpt":{"rendered":"<p>W ubieg\u0142y pi\u0105tek, 05.04.2024 r., odby\u0142y si\u0119 zaj\u0119cia zrealizowane w ramach projektu SCORP pt. ?DAPHNE?.Uczestnicy spotkania mogli wzi\u0105\u0107 udzia\u0142 w treningu samoobronny przeprowadzonym przez InfinityFight.W kolejnej cz\u0119\u015bci zaj\u0119\u0107, dzi\u0119ki uprzejmo\u015bci asp.szt.Atur Bajorek z Komenda Miejska Policji w Elbl\u0105gu, zosta\u0142o przeprowadzone spotkanie dotycz\u0105ce przemocy wobec kobiet i procedury niebieskiej karty.\u00a0Dzi\u0119kujemy wszystkim przyby\u0142ym za obecno\u015b\u0107 i aktywne [&hellip;]<\/p>\n","protected":false},"author":2,"featured_media":19953,"comment_status":"closed","ping_status":"closed","sticky":false,"template":"elementor_header_footer","format":"standard","meta":{"ocean_post_layout":"","ocean_both_sidebars_style":"","ocean_both_sidebars_content_width":0,"ocean_both_sidebars_sidebars_width":0,"ocean_sidebar":"","ocean_second_sidebar":"","ocean_disable_margins":"enable","ocean_add_body_class":"","ocean_shortcode_before_top_bar":"","ocean_shortcode_after_top_bar":"","ocean_shortcode_before_header":"","ocean_shortcode_after_header":"","ocean_has_shortcode":"","ocean_shortcode_after_title":"","ocean_shortcode_before_footer_widgets":"","ocean_shortcode_after_footer_widgets":"","ocean_shortcode_before_footer_bottom":"","ocean_shortcode_after_footer_bottom":"","ocean_display_top_bar":"default","ocean_display_header":"default","ocean_header_style":"","ocean_center_header_left_menu":"","ocean_custom_header_template":"","ocean_custom_logo":0,"ocean_custom_retina_logo":0,"ocean_custom_logo_max_width":0,"ocean_custom_logo_tablet_max_width":0,"ocean_custom_logo_mobile_max_width":0,"ocean_custom_logo_max_height":0,"ocean_custom_logo_tablet_max_height":0,"ocean_custom_logo_mobile_max_height":0,"ocean_header_custom_menu":"","ocean_menu_typo_font_family":"","ocean_menu_typo_font_subset":"","ocean_menu_typo_font_size":0,"ocean_menu_typo_font_size_tablet":0,"ocean_menu_typo_font_size_mobile":0,"ocean_menu_typo_font_size_unit":"px","ocean_menu_typo_font_weight":"","ocean_menu_typo_font_weight_tablet":"","ocean_menu_typo_font_weight_mobile":"","ocean_menu_typo_transform":"","ocean_menu_typo_transform_tablet":"","ocean_menu_typo_transform_mobile":"","ocean_menu_typo_line_height":0,"ocean_menu_typo_line_height_tablet":0,"ocean_menu_typo_line_height_mobile":0,"ocean_menu_typo_line_height_unit":"","ocean_menu_typo_spacing":0,"ocean_menu_typo_spacing_tablet":0,"ocean_menu_typo_spacing_mobile":0,"ocean_menu_typo_spacing_unit":"","ocean_menu_link_color":"","ocean_menu_link_color_hover":"","ocean_menu_link_color_active":"","ocean_menu_link_background":"","ocean_menu_link_hover_background":"","ocean_menu_link_active_background":"","ocean_menu_social_links_bg":"","ocean_menu_social_hover_links_bg":"","ocean_menu_social_links_color":"","ocean_menu_social_hover_links_color":"","ocean_disable_title":"default","ocean_disable_heading":"default","ocean_post_title":"","ocean_post_subheading":"","ocean_post_title_style":"","ocean_post_title_background_color":"","ocean_post_title_background":0,"ocean_post_title_bg_image_position":"","ocean_post_title_bg_image_attachment":"","ocean_post_title_bg_image_repeat":"","ocean_post_title_bg_image_size":"","ocean_post_title_height":0,"ocean_post_title_bg_overlay":0.5,"ocean_post_title_bg_overlay_color":"","ocean_disable_breadcrumbs":"default","ocean_breadcrumbs_color":"","ocean_breadcrumbs_separator_color":"","ocean_breadcrumbs_links_color":"","ocean_breadcrumbs_links_hover_color":"","ocean_display_footer_widgets":"default","ocean_display_footer_bottom":"default","ocean_custom_footer_template":"","ocean_post_oembed":"","ocean_post_self_hosted_media":"","ocean_post_video_embed":"","ocean_link_format":"","ocean_link_format_target":"self","ocean_quote_format":"","ocean_quote_format_link":"post","ocean_gallery_link_images":"on","ocean_gallery_id":[],"footnotes":""},"categories":[34,28,27,1],"tags":[],"class_list":["post-19951","post","type-post","status-publish","format-standard","has-post-thumbnail","hentry","category-aktulnosci-wlek","category-glowne-aktualnosci","category-ogloszenia-dla-studentow-lekarskiego","category-uncategorized","entry","has-media"],"yoast_head":"<!-- This site is optimized with the Yoast SEO plugin v23.7 - https:\/\/yoast.com\/wordpress\/plugins\/seo\/ -->\n<title>Zaj\u0119cia samoobrony - Oddzia\u0142 Kandydat, IFMSA-Poland - AMISNS<\/title>\n<meta name=\"robots\" content=\"noindex, follow, max-snippet:-1, max-image-preview:large, max-video-preview:-1\" \/>\n<meta property=\"og:locale\" content=\"pl_PL\" \/>\n<meta property=\"og:type\" content=\"article\" \/>\n<meta property=\"og:title\" content=\"Zaj\u0119cia samoobrony - Oddzia\u0142 Kandydat, IFMSA-Poland - AMISNS\" \/>\n<meta property=\"og:description\" content=\"W ubieg\u0142y pi\u0105tek, 05.04.2024 r., odby\u0142y si\u0119 zaj\u0119cia zrealizowane w ramach projektu SCORP pt. ?DAPHNE?.Uczestnicy spotkania mogli wzi\u0105\u0107 udzia\u0142 w treningu samoobronny przeprowadzonym przez InfinityFight.W kolejnej cz\u0119\u015bci zaj\u0119\u0107, dzi\u0119ki uprzejmo\u015bci asp.szt.Atur Bajorek z Komenda Miejska Policji w Elbl\u0105gu, zosta\u0142o przeprowadzone spotkanie dotycz\u0105ce przemocy wobec kobiet i procedury niebieskiej karty.\u00a0Dzi\u0119kujemy wszystkim przyby\u0142ym za obecno\u015b\u0107 i aktywne [&hellip;]\" \/>\n<meta property=\"og:url\" content=\"https:\/\/amisns.edu.pl\/stara-wersja\/zajecia-samoobrony-oddzial-kandydat-ifmsa-poland\/\" \/>\n<meta property=\"og:site_name\" content=\"AMISNS\" \/>\n<meta property=\"article:publisher\" content=\"https:\/\/www.facebook.com\/AMiSNSElblag\" \/>\n<meta property=\"article:published_time\" content=\"2024-04-12T12:59:49+00:00\" \/>\n<meta property=\"article:modified_time\" content=\"2024-04-16T06:24:27+00:00\" \/>\n<meta property=\"og:image\" content=\"https:\/\/amisns.edu.pl\/stara-wersja\/wp-content\/uploads\/DSC00263.jpg\" \/>\n\t<meta property=\"og:image:width\" content=\"1920\" \/>\n\t<meta property=\"og:image:height\" content=\"1080\" \/>\n\t<meta property=\"og:image:type\" content=\"image\/jpeg\" \/>\n<meta name=\"author\" content=\"Biuro promocji\" \/>\n<meta name=\"twitter:card\" content=\"summary_large_image\" \/>\n<meta name=\"twitter:label1\" content=\"Napisane przez\" \/>\n\t<meta name=\"twitter:data1\" content=\"Biuro promocji\" \/>\n\t<meta name=\"twitter:label2\" content=\"Szacowany czas czytania\" \/>\n\t<meta name=\"twitter:data2\" content=\"6 minut\" \/>\n<script type=\"application\/ld+json\" class=\"yoast-schema-graph\">{\"@context\":\"https:\/\/schema.org\",\"@graph\":[{\"@type\":\"Article\",\"@id\":\"https:\/\/amisns.edu.pl\/stara-wersja\/zajecia-samoobrony-oddzial-kandydat-ifmsa-poland\/#article\",\"isPartOf\":{\"@id\":\"https:\/\/amisns.edu.pl\/stara-wersja\/zajecia-samoobrony-oddzial-kandydat-ifmsa-poland\/\"},\"author\":{\"name\":\"Biuro promocji\",\"@id\":\"https:\/\/amisns.edu.pl\/stara-wersja\/stara-wersja\/#\/schema\/person\/4868ddcf0f0d3f8b0c675e45540fd350\"},\"headline\":\"Zaj\u0119cia samoobrony &#8211; Oddzia\u0142 Kandydat, IFMSA-Poland\",\"datePublished\":\"2024-04-12T12:59:49+00:00\",\"dateModified\":\"2024-04-16T06:24:27+00:00\",\"mainEntityOfPage\":{\"@id\":\"https:\/\/amisns.edu.pl\/stara-wersja\/zajecia-samoobrony-oddzial-kandydat-ifmsa-poland\/\"},\"wordCount\":88,\"publisher\":{\"@id\":\"https:\/\/amisns.edu.pl\/stara-wersja\/stara-wersja\/#organization\"},\"image\":{\"@id\":\"https:\/\/amisns.edu.pl\/stara-wersja\/zajecia-samoobrony-oddzial-kandydat-ifmsa-poland\/#primaryimage\"},\"thumbnailUrl\":\"https:\/\/amisns.edu.pl\/stara-wersja\/wp-content\/uploads\/DSC00263.jpg\",\"articleSection\":[\"Aktulno\u015bci WLEK\",\"G\u0142\u00f3wne aktualno\u015bci\",\"Og\u0142oszenia dla student\u00f3w Lekarskiego\",\"Uncategorized\"],\"inLanguage\":\"pl-PL\"},{\"@type\":\"WebPage\",\"@id\":\"https:\/\/amisns.edu.pl\/stara-wersja\/zajecia-samoobrony-oddzial-kandydat-ifmsa-poland\/\",\"url\":\"https:\/\/amisns.edu.pl\/stara-wersja\/zajecia-samoobrony-oddzial-kandydat-ifmsa-poland\/\",\"name\":\"Zaj\u0119cia samoobrony - Oddzia\u0142 Kandydat, IFMSA-Poland - AMISNS\",\"isPartOf\":{\"@id\":\"https:\/\/amisns.edu.pl\/stara-wersja\/stara-wersja\/#website\"},\"primaryImageOfPage\":{\"@id\":\"https:\/\/amisns.edu.pl\/stara-wersja\/zajecia-samoobrony-oddzial-kandydat-ifmsa-poland\/#primaryimage\"},\"image\":{\"@id\":\"https:\/\/amisns.edu.pl\/stara-wersja\/zajecia-samoobrony-oddzial-kandydat-ifmsa-poland\/#primaryimage\"},\"thumbnailUrl\":\"https:\/\/amisns.edu.pl\/stara-wersja\/wp-content\/uploads\/DSC00263.jpg\",\"datePublished\":\"2024-04-12T12:59:49+00:00\",\"dateModified\":\"2024-04-16T06:24:27+00:00\",\"breadcrumb\":{\"@id\":\"https:\/\/amisns.edu.pl\/stara-wersja\/zajecia-samoobrony-oddzial-kandydat-ifmsa-poland\/#breadcrumb\"},\"inLanguage\":\"pl-PL\",\"potentialAction\":[{\"@type\":\"ReadAction\",\"target\":[\"https:\/\/amisns.edu.pl\/stara-wersja\/zajecia-samoobrony-oddzial-kandydat-ifmsa-poland\/\"]}]},{\"@type\":\"ImageObject\",\"inLanguage\":\"pl-PL\",\"@id\":\"https:\/\/amisns.edu.pl\/stara-wersja\/zajecia-samoobrony-oddzial-kandydat-ifmsa-poland\/#primaryimage\",\"url\":\"https:\/\/amisns.edu.pl\/stara-wersja\/wp-content\/uploads\/DSC00263.jpg\",\"contentUrl\":\"https:\/\/amisns.edu.pl\/stara-wersja\/wp-content\/uploads\/DSC00263.jpg\",\"width\":1920,\"height\":1080},{\"@type\":\"BreadcrumbList\",\"@id\":\"https:\/\/amisns.edu.pl\/stara-wersja\/zajecia-samoobrony-oddzial-kandydat-ifmsa-poland\/#breadcrumb\",\"itemListElement\":[{\"@type\":\"ListItem\",\"position\":1,\"name\":\"Strona g\u0142\u00f3wna\",\"item\":\"https:\/\/amisns.edu.pl\/stara-wersja\/\"},{\"@type\":\"ListItem\",\"position\":2,\"name\":\"Zaj\u0119cia samoobrony &#8211; Oddzia\u0142 Kandydat, IFMSA-Poland\"}]},{\"@type\":\"WebSite\",\"@id\":\"https:\/\/amisns.edu.pl\/stara-wersja\/stara-wersja\/#website\",\"url\":\"https:\/\/amisns.edu.pl\/stara-wersja\/stara-wersja\/\",\"name\":\"AMISNS\",\"description\":\"Akademia Medycznych i Spo\u0142ecznych nauk stosowanych\",\"publisher\":{\"@id\":\"https:\/\/amisns.edu.pl\/stara-wersja\/stara-wersja\/#organization\"},\"potentialAction\":[{\"@type\":\"SearchAction\",\"target\":{\"@type\":\"EntryPoint\",\"urlTemplate\":\"https:\/\/amisns.edu.pl\/stara-wersja\/stara-wersja\/?s={search_term_string}\"},\"query-input\":{\"@type\":\"PropertyValueSpecification\",\"valueRequired\":true,\"valueName\":\"search_term_string\"}}],\"inLanguage\":\"pl-PL\"},{\"@type\":\"Organization\",\"@id\":\"https:\/\/amisns.edu.pl\/stara-wersja\/stara-wersja\/#organization\",\"name\":\"AMISNS\",\"url\":\"https:\/\/amisns.edu.pl\/stara-wersja\/stara-wersja\/\",\"logo\":{\"@type\":\"ImageObject\",\"inLanguage\":\"pl-PL\",\"@id\":\"https:\/\/amisns.edu.pl\/stara-wersja\/stara-wersja\/#\/schema\/logo\/image\/\",\"url\":\"https:\/\/amisns.edu.pl\/stara-wersja\/wp-content\/uploads\/2022\/12\/Znak-AMiSNS-na-strone-www-4k.png\",\"contentUrl\":\"https:\/\/amisns.edu.pl\/stara-wersja\/wp-content\/uploads\/2022\/12\/Znak-AMiSNS-na-strone-www-4k.png\",\"width\":1920,\"height\":523,\"caption\":\"AMISNS\"},\"image\":{\"@id\":\"https:\/\/amisns.edu.pl\/stara-wersja\/stara-wersja\/#\/schema\/logo\/image\/\"},\"sameAs\":[\"https:\/\/www.facebook.com\/AMiSNSElblag\"]},{\"@type\":\"Person\",\"@id\":\"https:\/\/amisns.edu.pl\/stara-wersja\/stara-wersja\/#\/schema\/person\/4868ddcf0f0d3f8b0c675e45540fd350\",\"name\":\"Biuro promocji\",\"image\":{\"@type\":\"ImageObject\",\"inLanguage\":\"pl-PL\",\"@id\":\"https:\/\/amisns.edu.pl\/stara-wersja\/stara-wersja\/#\/schema\/person\/image\/\",\"url\":\"https:\/\/secure.gravatar.com\/avatar\/ba1c61f2c67d3536a6e469d64619f0d0?s=96&d=mm&r=g\",\"contentUrl\":\"https:\/\/secure.gravatar.com\/avatar\/ba1c61f2c67d3536a6e469d64619f0d0?s=96&d=mm&r=g\",\"caption\":\"Biuro promocji\"},\"url\":\"https:\/\/amisns.edu.pl\/stara-wersja\/author\/biuro-promocji\/\"}]}<\/script>\n<!-- \/ Yoast SEO plugin. -->","yoast_head_json":{"title":"Zaj\u0119cia samoobrony - Oddzia\u0142 Kandydat, IFMSA-Poland - AMISNS","robots":{"index":"noindex","follow":"follow","max-snippet":"max-snippet:-1","max-image-preview":"max-image-preview:large","max-video-preview":"max-video-preview:-1"},"og_locale":"pl_PL","og_type":"article","og_title":"Zaj\u0119cia samoobrony - Oddzia\u0142 Kandydat, IFMSA-Poland - AMISNS","og_description":"W ubieg\u0142y pi\u0105tek, 05.04.2024 r., odby\u0142y si\u0119 zaj\u0119cia zrealizowane w ramach projektu SCORP pt. ?DAPHNE?.Uczestnicy spotkania mogli wzi\u0105\u0107 udzia\u0142 w treningu samoobronny przeprowadzonym przez InfinityFight.W kolejnej cz\u0119\u015bci zaj\u0119\u0107, dzi\u0119ki uprzejmo\u015bci asp.szt.Atur Bajorek z Komenda Miejska Policji w Elbl\u0105gu, zosta\u0142o przeprowadzone spotkanie dotycz\u0105ce przemocy wobec kobiet i procedury niebieskiej karty.\u00a0Dzi\u0119kujemy wszystkim przyby\u0142ym za obecno\u015b\u0107 i aktywne [&hellip;]","og_url":"https:\/\/amisns.edu.pl\/stara-wersja\/zajecia-samoobrony-oddzial-kandydat-ifmsa-poland\/","og_site_name":"AMISNS","article_publisher":"https:\/\/www.facebook.com\/AMiSNSElblag","article_published_time":"2024-04-12T12:59:49+00:00","article_modified_time":"2024-04-16T06:24:27+00:00","og_image":[{"width":1920,"height":1080,"url":"https:\/\/amisns.edu.pl\/stara-wersja\/wp-content\/uploads\/DSC00263.jpg","type":"image\/jpeg"}],"author":"Biuro promocji","twitter_card":"summary_large_image","twitter_misc":{"Napisane przez":"Biuro promocji","Szacowany czas czytania":"6 minut"},"schema":{"@context":"https:\/\/schema.org","@graph":[{"@type":"Article","@id":"https:\/\/amisns.edu.pl\/stara-wersja\/zajecia-samoobrony-oddzial-kandydat-ifmsa-poland\/#article","isPartOf":{"@id":"https:\/\/amisns.edu.pl\/stara-wersja\/zajecia-samoobrony-oddzial-kandydat-ifmsa-poland\/"},"author":{"name":"Biuro promocji","@id":"https:\/\/amisns.edu.pl\/stara-wersja\/stara-wersja\/#\/schema\/person\/4868ddcf0f0d3f8b0c675e45540fd350"},"headline":"Zaj\u0119cia samoobrony &#8211; Oddzia\u0142 Kandydat, IFMSA-Poland","datePublished":"2024-04-12T12:59:49+00:00","dateModified":"2024-04-16T06:24:27+00:00","mainEntityOfPage":{"@id":"https:\/\/amisns.edu.pl\/stara-wersja\/zajecia-samoobrony-oddzial-kandydat-ifmsa-poland\/"},"wordCount":88,"publisher":{"@id":"https:\/\/amisns.edu.pl\/stara-wersja\/stara-wersja\/#organization"},"image":{"@id":"https:\/\/amisns.edu.pl\/stara-wersja\/zajecia-samoobrony-oddzial-kandydat-ifmsa-poland\/#primaryimage"},"thumbnailUrl":"https:\/\/amisns.edu.pl\/stara-wersja\/wp-content\/uploads\/DSC00263.jpg","articleSection":["Aktulno\u015bci WLEK","G\u0142\u00f3wne aktualno\u015bci","Og\u0142oszenia dla student\u00f3w Lekarskiego","Uncategorized"],"inLanguage":"pl-PL"},{"@type":"WebPage","@id":"https:\/\/amisns.edu.pl\/stara-wersja\/zajecia-samoobrony-oddzial-kandydat-ifmsa-poland\/","url":"https:\/\/amisns.edu.pl\/stara-wersja\/zajecia-samoobrony-oddzial-kandydat-ifmsa-poland\/","name":"Zaj\u0119cia samoobrony - Oddzia\u0142 Kandydat, IFMSA-Poland - AMISNS","isPartOf":{"@id":"https:\/\/amisns.edu.pl\/stara-wersja\/stara-wersja\/#website"},"primaryImageOfPage":{"@id":"https:\/\/amisns.edu.pl\/stara-wersja\/zajecia-samoobrony-oddzial-kandydat-ifmsa-poland\/#primaryimage"},"image":{"@id":"https:\/\/amisns.edu.pl\/stara-wersja\/zajecia-samoobrony-oddzial-kandydat-ifmsa-poland\/#primaryimage"},"thumbnailUrl":"https:\/\/amisns.edu.pl\/stara-wersja\/wp-content\/uploads\/DSC00263.jpg","datePublished":"2024-04-12T12:59:49+00:00","dateModified":"2024-04-16T06:24:27+00:00","breadcrumb":{"@id":"https:\/\/amisns.edu.pl\/stara-wersja\/zajecia-samoobrony-oddzial-kandydat-ifmsa-poland\/#breadcrumb"},"inLanguage":"pl-PL","potentialAction":[{"@type":"ReadAction","target":["https:\/\/amisns.edu.pl\/stara-wersja\/zajecia-samoobrony-oddzial-kandydat-ifmsa-poland\/"]}]},{"@type":"ImageObject","inLanguage":"pl-PL","@id":"https:\/\/amisns.edu.pl\/stara-wersja\/zajecia-samoobrony-oddzial-kandydat-ifmsa-poland\/#primaryimage","url":"https:\/\/amisns.edu.pl\/stara-wersja\/wp-content\/uploads\/DSC00263.jpg","contentUrl":"https:\/\/amisns.edu.pl\/stara-wersja\/wp-content\/uploads\/DSC00263.jpg","width":1920,"height":1080},{"@type":"BreadcrumbList","@id":"https:\/\/amisns.edu.pl\/stara-wersja\/zajecia-samoobrony-oddzial-kandydat-ifmsa-poland\/#breadcrumb","itemListElement":[{"@type":"ListItem","position":1,"name":"Strona g\u0142\u00f3wna","item":"https:\/\/amisns.edu.pl\/stara-wersja\/"},{"@type":"ListItem","position":2,"name":"Zaj\u0119cia samoobrony &#8211; Oddzia\u0142 Kandydat, IFMSA-Poland"}]},{"@type":"WebSite","@id":"https:\/\/amisns.edu.pl\/stara-wersja\/stara-wersja\/#website","url":"https:\/\/amisns.edu.pl\/stara-wersja\/stara-wersja\/","name":"AMISNS","description":"Akademia Medycznych i Spo\u0142ecznych nauk stosowanych","publisher":{"@id":"https:\/\/amisns.edu.pl\/stara-wersja\/stara-wersja\/#organization"},"potentialAction":[{"@type":"SearchAction","target":{"@type":"EntryPoint","urlTemplate":"https:\/\/amisns.edu.pl\/stara-wersja\/stara-wersja\/?s={search_term_string}"},"query-input":{"@type":"PropertyValueSpecification","valueRequired":true,"valueName":"search_term_string"}}],"inLanguage":"pl-PL"},{"@type":"Organization","@id":"https:\/\/amisns.edu.pl\/stara-wersja\/stara-wersja\/#organization","name":"AMISNS","url":"https:\/\/amisns.edu.pl\/stara-wersja\/stara-wersja\/","logo":{"@type":"ImageObject","inLanguage":"pl-PL","@id":"https:\/\/amisns.edu.pl\/stara-wersja\/stara-wersja\/#\/schema\/logo\/image\/","url":"https:\/\/amisns.edu.pl\/stara-wersja\/wp-content\/uploads\/2022\/12\/Znak-AMiSNS-na-strone-www-4k.png","contentUrl":"https:\/\/amisns.edu.pl\/stara-wersja\/wp-content\/uploads\/2022\/12\/Znak-AMiSNS-na-strone-www-4k.png","width":1920,"height":523,"caption":"AMISNS"},"image":{"@id":"https:\/\/amisns.edu.pl\/stara-wersja\/stara-wersja\/#\/schema\/logo\/image\/"},"sameAs":["https:\/\/www.facebook.com\/AMiSNSElblag"]},{"@type":"Person","@id":"https:\/\/amisns.edu.pl\/stara-wersja\/stara-wersja\/#\/schema\/person\/4868ddcf0f0d3f8b0c675e45540fd350","name":"Biuro promocji","image":{"@type":"ImageObject","inLanguage":"pl-PL","@id":"https:\/\/amisns.edu.pl\/stara-wersja\/stara-wersja\/#\/schema\/person\/image\/","url":"https:\/\/secure.gravatar.com\/avatar\/ba1c61f2c67d3536a6e469d64619f0d0?s=96&d=mm&r=g","contentUrl":"https:\/\/secure.gravatar.com\/avatar\/ba1c61f2c67d3536a6e469d64619f0d0?s=96&d=mm&r=g","caption":"Biuro promocji"},"url":"https:\/\/amisns.edu.pl\/stara-wersja\/author\/biuro-promocji\/"}]}},"_links":{"self":[{"href":"https:\/\/amisns.edu.pl\/stara-wersja\/wp-json\/wp\/v2\/posts\/19951"}],"collection":[{"href":"https:\/\/amisns.edu.pl\/stara-wersja\/wp-json\/wp\/v2\/posts"}],"about":[{"href":"https:\/\/amisns.edu.pl\/stara-wersja\/wp-json\/wp\/v2\/types\/post"}],"author":[{"embeddable":true,"href":"https:\/\/amisns.edu.pl\/stara-wersja\/wp-json\/wp\/v2\/users\/2"}],"replies":[{"embeddable":true,"href":"https:\/\/amisns.edu.pl\/stara-wersja\/wp-json\/wp\/v2\/comments?post=19951"}],"version-history":[{"count":7,"href":"https:\/\/amisns.edu.pl\/stara-wersja\/wp-json\/wp\/v2\/posts\/19951\/revisions"}],"predecessor-version":[{"id":20093,"href":"https:\/\/amisns.edu.pl\/stara-wersja\/wp-json\/wp\/v2\/posts\/19951\/revisions\/20093"}],"wp:featuredmedia":[{"embeddable":true,"href":"https:\/\/amisns.edu.pl\/stara-wersja\/wp-json\/wp\/v2\/media\/19953"}],"wp:attachment":[{"href":"https:\/\/amisns.edu.pl\/stara-wersja\/wp-json\/wp\/v2\/media?parent=19951"}],"wp:term":[{"taxonomy":"category","embeddable":true,"href":"https:\/\/amisns.edu.pl\/stara-wersja\/wp-json\/wp\/v2\/categories?post=19951"},{"taxonomy":"post_tag","embeddable":true,"href":"https:\/\/amisns.edu.pl\/stara-wersja\/wp-json\/wp\/v2\/tags?post=19951"}],"curies":[{"name":"wp","href":"https:\/\/api.w.org\/{rel}","templated":true}]}}