{"id":21033,"date":"2024-05-17T13:15:54","date_gmt":"2024-05-17T12:15:54","guid":{"rendered":"https:\/\/amisns.edu.pl\/?p=21033"},"modified":"2024-05-18T07:25:58","modified_gmt":"2024-05-18T06:25:58","slug":"profesor-z-amisns-na-kongresie-w-neapolu","status":"publish","type":"post","link":"https:\/\/amisns.edu.pl\/stara-wersja\/profesor-z-amisns-na-kongresie-w-neapolu\/","title":{"rendered":"Profesor z AMiSNS na kongresie w Neapolu"},"content":{"rendered":"\t\t<div data-elementor-type=\"wp-post\" data-elementor-id=\"21033\" class=\"elementor elementor-21033\" data-elementor-post-type=\"post\">\n\t\t\t\t\t\t<section class=\"elementor-section elementor-top-section elementor-element elementor-element-f1f8785 elementor-section-boxed elementor-section-height-default elementor-section-height-default\" data-id=\"f1f8785\" data-element_type=\"section\">\n\t\t\t\t\t\t<div class=\"elementor-container elementor-column-gap-default\">\n\t\t\t\t\t<div class=\"elementor-column elementor-col-100 elementor-top-column elementor-element elementor-element-bb665a7\" data-id=\"bb665a7\" data-element_type=\"column\">\n\t\t\t<div class=\"elementor-widget-wrap elementor-element-populated\">\n\t\t\t\t\t\t<div class=\"elementor-element elementor-element-1d42d11 elementor-widget elementor-widget-theme-post-featured-image elementor-widget-image\" data-id=\"1d42d11\" data-element_type=\"widget\" data-widget_type=\"theme-post-featured-image.default\">\n\t\t\t\t<div class=\"elementor-widget-container\">\n\t\t\t\t\t\t\t\t\t\t\t\t\t<img fetchpriority=\"high\" decoding=\"async\" width=\"768\" height=\"683\" src=\"https:\/\/amisns.edu.pl\/stara-wersja\/wp-content\/uploads\/56e682fe-1b70-4759-a336-dab244b9dc1b-768x683.jpg\" class=\"attachment-medium_large size-medium_large wp-image-21035\" alt=\"\" srcset=\"https:\/\/amisns.edu.pl\/stara-wersja\/wp-content\/uploads\/56e682fe-1b70-4759-a336-dab244b9dc1b-768x683.jpg 768w, https:\/\/amisns.edu.pl\/stara-wersja\/wp-content\/uploads\/56e682fe-1b70-4759-a336-dab244b9dc1b-1000x889.jpg 1000w, https:\/\/amisns.edu.pl\/stara-wersja\/wp-content\/uploads\/56e682fe-1b70-4759-a336-dab244b9dc1b.jpg 1215w\" sizes=\"(max-width: 768px) 100vw, 768px\" \/>\t\t\t\t\t\t\t\t\t\t\t\t\t<\/div>\n\t\t\t\t<\/div>\n\t\t\t\t\t<\/div>\n\t\t<\/div>\n\t\t\t\t\t<\/div>\n\t\t<\/section>\n\t\t\t\t<section class=\"elementor-section elementor-top-section elementor-element elementor-element-456e704 elementor-section-boxed elementor-section-height-default elementor-section-height-default\" data-id=\"456e704\" data-element_type=\"section\">\n\t\t\t\t\t\t<div class=\"elementor-container elementor-column-gap-default\">\n\t\t\t\t\t<div class=\"elementor-column elementor-col-100 elementor-top-column elementor-element elementor-element-e614af5\" data-id=\"e614af5\" data-element_type=\"column\">\n\t\t\t<div class=\"elementor-widget-wrap elementor-element-populated\">\n\t\t\t\t\t\t<div class=\"elementor-element elementor-element-5e0deb1 elementor-widget elementor-widget-theme-post-title elementor-page-title elementor-widget-heading\" data-id=\"5e0deb1\" data-element_type=\"widget\" data-widget_type=\"theme-post-title.default\">\n\t\t\t\t<div class=\"elementor-widget-container\">\n\t\t\t<h1 class=\"elementor-heading-title elementor-size-default\">Profesor z AMiSNS na kongresie w Neapolu<\/h1>\t\t<\/div>\n\t\t\t\t<\/div>\n\t\t\t\t\t<\/div>\n\t\t<\/div>\n\t\t\t\t\t<\/div>\n\t\t<\/section>\n\t\t\t\t<section class=\"elementor-section elementor-top-section elementor-element elementor-element-265fe6d elementor-section-boxed elementor-section-height-default elementor-section-height-default\" data-id=\"265fe6d\" data-element_type=\"section\">\n\t\t\t\t\t\t<div class=\"elementor-container elementor-column-gap-default\">\n\t\t\t\t\t<div class=\"elementor-column elementor-col-100 elementor-top-column elementor-element elementor-element-c13e58b\" data-id=\"c13e58b\" data-element_type=\"column\">\n\t\t\t<div class=\"elementor-widget-wrap elementor-element-populated\">\n\t\t\t\t\t\t<div class=\"elementor-element elementor-element-988690b elementor-widget elementor-widget-post-info\" data-id=\"988690b\" data-element_type=\"widget\" data-widget_type=\"post-info.default\">\n\t\t\t\t<div class=\"elementor-widget-container\">\n\t\t\t\t\t<ul class=\"elementor-inline-items elementor-icon-list-items elementor-post-info\">\n\t\t\t\t\t\t\t\t<li class=\"elementor-icon-list-item elementor-repeater-item-e96c65c elementor-inline-item\" itemprop=\"datePublished\">\n\t\t\t\t\t\t<a href=\"https:\/\/amisns.edu.pl\/stara-wersja\/2024\/05\/17\/\">\n\t\t\t\t\t\t\t\t\t\t\t<span class=\"elementor-icon-list-icon\">\n\t\t\t\t\t\t\t\t<i aria-hidden=\"true\" class=\"fas fa-calendar\"><\/i>\t\t\t\t\t\t\t<\/span>\n\t\t\t\t\t\t\t\t\t<span class=\"elementor-icon-list-text elementor-post-info__item elementor-post-info__item--type-date\">\n\t\t\t\t\t\t\t\t\t\t<time>17 maja, 2024<\/time>\t\t\t\t\t<\/span>\n\t\t\t\t\t\t\t\t\t<\/a>\n\t\t\t\t<\/li>\n\t\t\t\t<\/ul>\n\t\t\t\t<\/div>\n\t\t\t\t<\/div>\n\t\t\t\t\t<\/div>\n\t\t<\/div>\n\t\t\t\t\t<\/div>\n\t\t<\/section>\n\t\t\t\t<section class=\"elementor-section elementor-top-section elementor-element elementor-element-a96310c elementor-section-boxed elementor-section-height-default elementor-section-height-default\" data-id=\"a96310c\" data-element_type=\"section\">\n\t\t\t\t\t\t<div class=\"elementor-container elementor-column-gap-default\">\n\t\t\t\t\t<div class=\"elementor-column elementor-col-100 elementor-top-column elementor-element elementor-element-46ada19\" data-id=\"46ada19\" data-element_type=\"column\">\n\t\t\t<div class=\"elementor-widget-wrap elementor-element-populated\">\n\t\t\t\t\t\t<div class=\"elementor-element elementor-element-c9c1bbc elementor-widget elementor-widget-text-editor\" data-id=\"c9c1bbc\" data-element_type=\"widget\" data-widget_type=\"text-editor.default\">\n\t\t\t\t<div class=\"elementor-widget-container\">\n\t\t\t\t\t\t\t<p>W Neapolu od 12 do 15 maja w Centrum Kongresowym Stazione Marittima, odbywa\u0142 si\u0119<strong> 42. Krajowy Kongres W\u0142oskiego Stowarzyszenia Chirurg\u00f3w Szpitalnych<\/strong> zorganizowany pn. <strong>\u201eW sercu chirurgii\u2019<\/strong>.<\/p><p>Przez te cztery dni Neapol sta\u0142 si\u0119 bij\u0105cym sercem w\u0142oskiej s\u0142u\u017cby zdrowia. Podczas kongresu odby\u0142y si\u0119 liczne wydarzenia naukowe, sesje robocze, warsztaty, konferencje i seminaria, w kt\u00f3rych udzia\u0142 wzi\u0119li m.in. przedstawiciele s\u0142u\u017cby zdrowia, naukowcy, prasa oraz media krajowe i mi\u0119dzynarodowe.<\/p><p>W wydarzeniu uczestniczy\u0142 r\u00f3wnie\u017c <strong>prof. Luigi Marano \u2013 pe\u0142nomocnik rektora ds. rozwoju wsp\u00f3\u0142pracy mi\u0119dzynarodowej w zakresie nauk medycznych w AMiSNS<\/strong><strong>, kt\u00f3ry wyg\u0142osi\u0142 wyk\u0142ad zatytu\u0142owany \u201ePodr\u00f3\u017c chirurga poza granice W\u0142och\u201d<\/strong>. Wyst\u0105pienie profesora poprzedzi\u0142a nagrana wypowied\u017a <strong>Pani Rektor AMiSNS, dr Magdaleny Dubiella-Polakowskiej, prof. uczelni<\/strong>. Przem\u00f3wienie zosta\u0142o mi\u0142o przyj\u0119te przez audytorium i nada\u0142o pozytywny ton ca\u0142emu wydarzeniu.<\/p><p>Kongres <strong>\u201eW sercu chirurgii\u2019<\/strong> zgromadzi\u0142 ponad 7000 chirurg\u00f3w i by\u0142 \u015bledzony tak\u017ce online przez ponad 150 tysi\u0119cy widz\u00f3w za po\u015brednictwem transmisji na \u017cywo, relacji specjalnych i wywiad\u00f3w. Cieszy nas, \u017ce Akademia, reprezentowana przez Pani\u0105 Rektor i prof. Luigi Marano, mog\u0142a by\u0107 cz\u0119\u015bci\u0105 tak znacz\u0105cego i presti\u017cowego wydarzenia i tym samym ponownie zaistnie\u0107 na arenie mi\u0119dzynarodowej.<\/p>\t\t\t\t\t\t<\/div>\n\t\t\t\t<\/div>\n\t\t\t\t\t<\/div>\n\t\t<\/div>\n\t\t\t\t\t<\/div>\n\t\t<\/section>\n\t\t\t\t<section class=\"elementor-section elementor-top-section elementor-element elementor-element-438d99f elementor-section-boxed elementor-section-height-default elementor-section-height-default\" data-id=\"438d99f\" data-element_type=\"section\">\n\t\t\t\t\t\t<div class=\"elementor-container elementor-column-gap-default\">\n\t\t\t\t\t<div class=\"elementor-column elementor-col-100 elementor-top-column elementor-element elementor-element-7745cb5\" data-id=\"7745cb5\" data-element_type=\"column\">\n\t\t\t<div class=\"elementor-widget-wrap elementor-element-populated\">\n\t\t\t\t\t\t<div class=\"elementor-element elementor-element-fb580e4 elementor-widget elementor-widget-gallery\" data-id=\"fb580e4\" data-element_type=\"widget\" data-settings=\"{&quot;columns&quot;:5,&quot;lazyload&quot;:&quot;yes&quot;,&quot;gallery_layout&quot;:&quot;grid&quot;,&quot;columns_tablet&quot;:2,&quot;columns_mobile&quot;:1,&quot;gap&quot;:{&quot;unit&quot;:&quot;px&quot;,&quot;size&quot;:10,&quot;sizes&quot;:[]},&quot;gap_tablet&quot;:{&quot;unit&quot;:&quot;px&quot;,&quot;size&quot;:10,&quot;sizes&quot;:[]},&quot;gap_mobile&quot;:{&quot;unit&quot;:&quot;px&quot;,&quot;size&quot;:10,&quot;sizes&quot;:[]},&quot;link_to&quot;:&quot;file&quot;,&quot;aspect_ratio&quot;:&quot;3:2&quot;,&quot;overlay_background&quot;:&quot;yes&quot;,&quot;content_hover_animation&quot;:&quot;fade-in&quot;}\" data-widget_type=\"gallery.default\">\n\t\t\t\t<div class=\"elementor-widget-container\">\n\t\t\t\t\t<div class=\"elementor-gallery__container\">\n\t\t\t\t\t\t\t<a class=\"e-gallery-item elementor-gallery-item elementor-animated-content\" href=\"https:\/\/amisns.edu.pl\/stara-wersja\/wp-content\/uploads\/c19c8d27-1710-468f-8fe5-190724915f60.jpg\" data-elementor-open-lightbox=\"yes\" data-elementor-lightbox-slideshow=\"fb580e4\" data-elementor-lightbox-title=\"c19c8d27-1710-468f-8fe5-190724915f60\" data-e-action-hash=\"#elementor-action%3Aaction%3Dlightbox%26settings%3DeyJpZCI6MjEwMzcsInVybCI6Imh0dHBzOlwvXC9hbWlzbnMuZWR1LnBsXC9zdGFyYS13ZXJzamFcL3dwLWNvbnRlbnRcL3VwbG9hZHNcL2MxOWM4ZDI3LTE3MTAtNDY4Zi04ZmU1LTE5MDcyNDkxNWY2MC5qcGciLCJzbGlkZXNob3ciOiJmYjU4MGU0In0%3D\">\n\t\t\t\t\t<div class=\"e-gallery-image elementor-gallery-item__image\" data-thumbnail=\"https:\/\/amisns.edu.pl\/stara-wersja\/wp-content\/uploads\/c19c8d27-1710-468f-8fe5-190724915f60.jpg\" data-width=\"1143\" data-height=\"977\" aria-label=\"\" role=\"img\" ><\/div>\n\t\t\t\t\t\t\t\t\t\t\t<div class=\"elementor-gallery-item__overlay\"><\/div>\n\t\t\t\t\t\t\t\t\t\t\t\t\t\t<\/a>\n\t\t\t\t\t\t\t<a class=\"e-gallery-item elementor-gallery-item elementor-animated-content\" href=\"https:\/\/amisns.edu.pl\/stara-wersja\/wp-content\/uploads\/Screenshot-2024-05-16-alle-10.29.53.jpg\" data-elementor-open-lightbox=\"yes\" data-elementor-lightbox-slideshow=\"fb580e4\" data-elementor-lightbox-title=\"Screenshot 2024-05-16 alle 10.29.53\" data-e-action-hash=\"#elementor-action%3Aaction%3Dlightbox%26settings%3DeyJpZCI6MjEwMzksInVybCI6Imh0dHBzOlwvXC9hbWlzbnMuZWR1LnBsXC9zdGFyYS13ZXJzamFcL3dwLWNvbnRlbnRcL3VwbG9hZHNcL1NjcmVlbnNob3QtMjAyNC0wNS0xNi1hbGxlLTEwLjI5LjUzLmpwZyIsInNsaWRlc2hvdyI6ImZiNTgwZTQifQ%3D%3D\">\n\t\t\t\t\t<div class=\"e-gallery-image elementor-gallery-item__image\" data-thumbnail=\"https:\/\/amisns.edu.pl\/stara-wersja\/wp-content\/uploads\/Screenshot-2024-05-16-alle-10.29.53-1500x786.jpg\" data-width=\"1500\" data-height=\"786\" aria-label=\"\" role=\"img\" ><\/div>\n\t\t\t\t\t\t\t\t\t\t\t<div class=\"elementor-gallery-item__overlay\"><\/div>\n\t\t\t\t\t\t\t\t\t\t\t\t\t\t<\/a>\n\t\t\t\t\t\t\t<a class=\"e-gallery-item elementor-gallery-item elementor-animated-content\" href=\"https:\/\/amisns.edu.pl\/stara-wersja\/wp-content\/uploads\/Screenshot-2024-05-16-alle-10.27.23.jpg\" data-elementor-open-lightbox=\"yes\" data-elementor-lightbox-slideshow=\"fb580e4\" data-elementor-lightbox-title=\"Screenshot 2024-05-16 alle 10.27.23\" data-e-action-hash=\"#elementor-action%3Aaction%3Dlightbox%26settings%3DeyJpZCI6MjEwMzgsInVybCI6Imh0dHBzOlwvXC9hbWlzbnMuZWR1LnBsXC9zdGFyYS13ZXJzamFcL3dwLWNvbnRlbnRcL3VwbG9hZHNcL1NjcmVlbnNob3QtMjAyNC0wNS0xNi1hbGxlLTEwLjI3LjIzLmpwZyIsInNsaWRlc2hvdyI6ImZiNTgwZTQifQ%3D%3D\">\n\t\t\t\t\t<div class=\"e-gallery-image elementor-gallery-item__image\" data-thumbnail=\"https:\/\/amisns.edu.pl\/stara-wersja\/wp-content\/uploads\/Screenshot-2024-05-16-alle-10.27.23-1500x847.jpg\" data-width=\"1500\" data-height=\"847\" aria-label=\"\" role=\"img\" ><\/div>\n\t\t\t\t\t\t\t\t\t\t\t<div class=\"elementor-gallery-item__overlay\"><\/div>\n\t\t\t\t\t\t\t\t\t\t\t\t\t\t<\/a>\n\t\t\t\t\t\t\t<a class=\"e-gallery-item elementor-gallery-item elementor-animated-content\" href=\"https:\/\/amisns.edu.pl\/stara-wersja\/wp-content\/uploads\/Screenshot-2024-05-16-alle-10.32.24.jpg\" data-elementor-open-lightbox=\"yes\" data-elementor-lightbox-slideshow=\"fb580e4\" data-elementor-lightbox-title=\"Screenshot 2024-05-16 alle 10.32.24\" data-e-action-hash=\"#elementor-action%3Aaction%3Dlightbox%26settings%3DeyJpZCI6MjEwNDAsInVybCI6Imh0dHBzOlwvXC9hbWlzbnMuZWR1LnBsXC9zdGFyYS13ZXJzamFcL3dwLWNvbnRlbnRcL3VwbG9hZHNcL1NjcmVlbnNob3QtMjAyNC0wNS0xNi1hbGxlLTEwLjMyLjI0LmpwZyIsInNsaWRlc2hvdyI6ImZiNTgwZTQifQ%3D%3D\">\n\t\t\t\t\t<div class=\"e-gallery-image elementor-gallery-item__image\" data-thumbnail=\"https:\/\/amisns.edu.pl\/stara-wersja\/wp-content\/uploads\/Screenshot-2024-05-16-alle-10.32.24.jpg\" data-width=\"771\" data-height=\"1080\" aria-label=\"\" role=\"img\" ><\/div>\n\t\t\t\t\t\t\t\t\t\t\t<div class=\"elementor-gallery-item__overlay\"><\/div>\n\t\t\t\t\t\t\t\t\t\t\t\t\t\t<\/a>\n\t\t\t\t\t\t\t<a class=\"e-gallery-item elementor-gallery-item elementor-animated-content\" href=\"https:\/\/amisns.edu.pl\/stara-wersja\/wp-content\/uploads\/1715503881026.jpeg\" data-elementor-open-lightbox=\"yes\" data-elementor-lightbox-slideshow=\"fb580e4\" data-elementor-lightbox-title=\"1715503881026\" data-e-action-hash=\"#elementor-action%3Aaction%3Dlightbox%26settings%3DeyJpZCI6MjEwMzYsInVybCI6Imh0dHBzOlwvXC9hbWlzbnMuZWR1LnBsXC9zdGFyYS13ZXJzamFcL3dwLWNvbnRlbnRcL3VwbG9hZHNcLzE3MTU1MDM4ODEwMjYuanBlZyIsInNsaWRlc2hvdyI6ImZiNTgwZTQifQ%3D%3D\">\n\t\t\t\t\t<div class=\"e-gallery-image elementor-gallery-item__image\" data-thumbnail=\"https:\/\/amisns.edu.pl\/stara-wersja\/wp-content\/uploads\/1715503881026.jpeg\" data-width=\"1112\" data-height=\"1080\" aria-label=\"\" role=\"img\" ><\/div>\n\t\t\t\t\t\t\t\t\t\t\t<div class=\"elementor-gallery-item__overlay\"><\/div>\n\t\t\t\t\t\t\t\t\t\t\t\t\t\t<\/a>\n\t\t\t\t\t<\/div>\n\t\t\t<\/div>\n\t\t\t\t<\/div>\n\t\t\t\t\t<\/div>\n\t\t<\/div>\n\t\t\t\t\t<\/div>\n\t\t<\/section>\n\t\t\t\t<section class=\"elementor-section elementor-top-section elementor-element elementor-element-4a9cfbf elementor-section-boxed elementor-section-height-default elementor-section-height-default\" data-id=\"4a9cfbf\" data-element_type=\"section\">\n\t\t\t\t\t\t<div class=\"elementor-container elementor-column-gap-default\">\n\t\t\t\t\t<div class=\"elementor-column elementor-col-100 elementor-top-column elementor-element elementor-element-97bffde\" data-id=\"97bffde\" data-element_type=\"column\">\n\t\t\t<div class=\"elementor-widget-wrap elementor-element-populated\">\n\t\t\t\t\t\t<div class=\"elementor-element elementor-element-9a55a74 elementor-widget-divider--view-line elementor-widget elementor-widget-divider\" data-id=\"9a55a74\" data-element_type=\"widget\" data-widget_type=\"divider.default\">\n\t\t\t\t<div class=\"elementor-widget-container\">\n\t\t\t\t\t<div class=\"elementor-divider\">\n\t\t\t<span class=\"elementor-divider-separator\">\n\t\t\t\t\t\t<\/span>\n\t\t<\/div>\n\t\t\t\t<\/div>\n\t\t\t\t<\/div>\n\t\t\t\t\t<\/div>\n\t\t<\/div>\n\t\t\t\t\t<\/div>\n\t\t<\/section>\n\t\t\t\t<section class=\"elementor-section elementor-top-section elementor-element elementor-element-41f1498 elementor-section-boxed elementor-section-height-default elementor-section-height-default\" data-id=\"41f1498\" data-element_type=\"section\">\n\t\t\t\t\t\t<div class=\"elementor-container elementor-column-gap-default\">\n\t\t\t\t\t<div class=\"elementor-column elementor-col-100 elementor-top-column elementor-element elementor-element-789931a\" data-id=\"789931a\" data-element_type=\"column\">\n\t\t\t<div class=\"elementor-widget-wrap elementor-element-populated\">\n\t\t\t\t\t\t<div class=\"elementor-element elementor-element-3d1c746 elementor-grid-3 elementor-grid-tablet-2 elementor-grid-mobile-1 elementor-posts--thumbnail-top elementor-widget elementor-widget-posts\" data-id=\"3d1c746\" data-element_type=\"widget\" data-settings=\"{&quot;classic_columns&quot;:&quot;3&quot;,&quot;classic_columns_tablet&quot;:&quot;2&quot;,&quot;classic_columns_mobile&quot;:&quot;1&quot;,&quot;classic_row_gap&quot;:{&quot;unit&quot;:&quot;px&quot;,&quot;size&quot;:35,&quot;sizes&quot;:[]},&quot;classic_row_gap_tablet&quot;:{&quot;unit&quot;:&quot;px&quot;,&quot;size&quot;:&quot;&quot;,&quot;sizes&quot;:[]},&quot;classic_row_gap_mobile&quot;:{&quot;unit&quot;:&quot;px&quot;,&quot;size&quot;:&quot;&quot;,&quot;sizes&quot;:[]}}\" data-widget_type=\"posts.classic\">\n\t\t\t\t<div class=\"elementor-widget-container\">\n\t\t\t\t\t<div class=\"elementor-posts-container elementor-posts elementor-posts--skin-classic elementor-grid\">\n\t\t\t\t<article class=\"elementor-post elementor-grid-item post-24993 post type-post status-publish format-standard has-post-thumbnail hentry category-glowne-aktualnosci category-uncategorized entry has-media\">\n\t\t\t\t<a class=\"elementor-post__thumbnail__link\" href=\"https:\/\/amisns.edu.pl\/stara-wersja\/wazna-informacja-dla-nowych-studentow\/\" tabindex=\"-1\" >\n\t\t\t<div class=\"elementor-post__thumbnail\"><img decoding=\"async\" width=\"1080\" height=\"1080\" src=\"https:\/\/amisns.edu.pl\/stara-wersja\/wp-content\/uploads\/Zolty-Ciemnoczerwony-Fioletowy-Nowoczesny-Karuzela-Post-na-Instagram-\u2013-edukacja-finansowa.png\" class=\"attachment-medium size-medium wp-image-24994\" alt=\"\" srcset=\"https:\/\/amisns.edu.pl\/stara-wersja\/wp-content\/uploads\/Zolty-Ciemnoczerwony-Fioletowy-Nowoczesny-Karuzela-Post-na-Instagram-\u2013-edukacja-finansowa.png 1080w, https:\/\/amisns.edu.pl\/stara-wersja\/wp-content\/uploads\/Zolty-Ciemnoczerwony-Fioletowy-Nowoczesny-Karuzela-Post-na-Instagram-\u2013-edukacja-finansowa-1000x1000.png 1000w, https:\/\/amisns.edu.pl\/stara-wersja\/wp-content\/uploads\/Zolty-Ciemnoczerwony-Fioletowy-Nowoczesny-Karuzela-Post-na-Instagram-\u2013-edukacja-finansowa-768x768.png 768w, https:\/\/amisns.edu.pl\/stara-wersja\/wp-content\/uploads\/Zolty-Ciemnoczerwony-Fioletowy-Nowoczesny-Karuzela-Post-na-Instagram-\u2013-edukacja-finansowa-600x600.png 600w\" sizes=\"(max-width: 1080px) 100vw, 1080px\" \/><\/div>\n\t\t<\/a>\n\t\t\t\t<div class=\"elementor-post__text\">\n\t\t\t\t<h3 class=\"elementor-post__title\">\n\t\t\t<a href=\"https:\/\/amisns.edu.pl\/stara-wersja\/wazna-informacja-dla-nowych-studentow\/\" >\n\t\t\t\tWa\u017cna informacja dla nowych student\u00f3w!\t\t\t<\/a>\n\t\t<\/h3>\n\t\t\t\t<div class=\"elementor-post__meta-data\">\n\t\t\t\t\t<span class=\"elementor-post-date\">\n\t\t\t04\/10\/2024\t\t<\/span>\n\t\t\t\t<span class=\"elementor-post-avatar\">\n\t\t\tBrak komentarzy\t\t<\/span>\n\t\t\t\t<\/div>\n\t\t\t\t<div class=\"elementor-post__excerpt\">\n\t\t\t<p>Drodzy Studenci! Je\u017celi w tym roku rozpoczynacie kszta\u0142cenie w AMiSNS, pragniemy przypomnie\u0107 o obowi\u0105zku zg\u0142oszenia si\u0119 do swojego Dziekanatu w celu podpisania \u015blubowania. Prosimy o<\/p>\n\t\t<\/div>\n\t\t\n\t\t<a class=\"elementor-post__read-more\" href=\"https:\/\/amisns.edu.pl\/stara-wersja\/wazna-informacja-dla-nowych-studentow\/\" aria-label=\"Read more about Wa\u017cna informacja dla nowych student\u00f3w!\" tabindex=\"-1\" >\n\t\t\tCzytaj wi\u0119cej \u00bb\t\t<\/a>\n\n\t\t\t\t<\/div>\n\t\t\t\t<\/article>\n\t\t\t\t<article class=\"elementor-post elementor-grid-item post-24987 post type-post status-publish format-standard has-post-thumbnail hentry category-glowne-aktualnosci category-uncategorized entry has-media\">\n\t\t\t\t<a class=\"elementor-post__thumbnail__link\" href=\"https:\/\/amisns.edu.pl\/stara-wersja\/godziny-pracy-dzialow-akademii-w-dniach-5-6-pazdziernika\/\" tabindex=\"-1\" >\n\t\t\t<div class=\"elementor-post__thumbnail\"><img decoding=\"async\" width=\"1080\" height=\"1080\" src=\"https:\/\/amisns.edu.pl\/stara-wersja\/wp-content\/uploads\/godziny-pracy-na-3-pazdizerniak.png\" class=\"attachment-medium size-medium wp-image-24982\" alt=\"\" srcset=\"https:\/\/amisns.edu.pl\/stara-wersja\/wp-content\/uploads\/godziny-pracy-na-3-pazdizerniak.png 1080w, https:\/\/amisns.edu.pl\/stara-wersja\/wp-content\/uploads\/godziny-pracy-na-3-pazdizerniak-1000x1000.png 1000w, https:\/\/amisns.edu.pl\/stara-wersja\/wp-content\/uploads\/godziny-pracy-na-3-pazdizerniak-768x768.png 768w, https:\/\/amisns.edu.pl\/stara-wersja\/wp-content\/uploads\/godziny-pracy-na-3-pazdizerniak-600x600.png 600w\" sizes=\"(max-width: 1080px) 100vw, 1080px\" \/><\/div>\n\t\t<\/a>\n\t\t\t\t<div class=\"elementor-post__text\">\n\t\t\t\t<h3 class=\"elementor-post__title\">\n\t\t\t<a href=\"https:\/\/amisns.edu.pl\/stara-wersja\/godziny-pracy-dzialow-akademii-w-dniach-5-6-pazdziernika\/\" >\n\t\t\t\tGodziny pracy dzia\u0142\u00f3w Akademii w dniach 5-6 pa\u017adziernika\t\t\t<\/a>\n\t\t<\/h3>\n\t\t\t\t<div class=\"elementor-post__meta-data\">\n\t\t\t\t\t<span class=\"elementor-post-date\">\n\t\t\t04\/10\/2024\t\t<\/span>\n\t\t\t\t<span class=\"elementor-post-avatar\">\n\t\t\tBrak komentarzy\t\t<\/span>\n\t\t\t\t<\/div>\n\t\t\t\t<div class=\"elementor-post__excerpt\">\n\t\t\t<p>Ju\u017c jutro, w sobot\u0119 o godzinie 10:00 odb\u0119dzie si\u0119 uroczysta Inauguracja Roku Akademickiego 2024\/2025. Serdecznie zapraszamy!\u00a05 i 6 pa\u017adziernika jednostki organizacyjne uczelni b\u0119d\u0105 czynne w<\/p>\n\t\t<\/div>\n\t\t\n\t\t<a class=\"elementor-post__read-more\" href=\"https:\/\/amisns.edu.pl\/stara-wersja\/godziny-pracy-dzialow-akademii-w-dniach-5-6-pazdziernika\/\" aria-label=\"Read more about Godziny pracy dzia\u0142\u00f3w Akademii w dniach 5-6 pa\u017adziernika\" tabindex=\"-1\" >\n\t\t\tCzytaj wi\u0119cej \u00bb\t\t<\/a>\n\n\t\t\t\t<\/div>\n\t\t\t\t<\/article>\n\t\t\t\t<article class=\"elementor-post elementor-grid-item post-24980 post type-post status-publish format-standard has-post-thumbnail hentry category-glowne-aktualnosci category-uncategorized entry has-media\">\n\t\t\t\t<a class=\"elementor-post__thumbnail__link\" href=\"https:\/\/amisns.edu.pl\/stara-wersja\/nieczynna-stolowka-amisns\/\" tabindex=\"-1\" >\n\t\t\t<div class=\"elementor-post__thumbnail\"><img loading=\"lazy\" decoding=\"async\" width=\"940\" height=\"788\" src=\"https:\/\/amisns.edu.pl\/stara-wersja\/wp-content\/uploads\/fgbvf.png\" class=\"attachment-medium size-medium wp-image-24981\" alt=\"\" srcset=\"https:\/\/amisns.edu.pl\/stara-wersja\/wp-content\/uploads\/fgbvf.png 940w, https:\/\/amisns.edu.pl\/stara-wersja\/wp-content\/uploads\/fgbvf-768x644.png 768w\" sizes=\"(max-width: 940px) 100vw, 940px\" \/><\/div>\n\t\t<\/a>\n\t\t\t\t<div class=\"elementor-post__text\">\n\t\t\t\t<h3 class=\"elementor-post__title\">\n\t\t\t<a href=\"https:\/\/amisns.edu.pl\/stara-wersja\/nieczynna-stolowka-amisns\/\" >\n\t\t\t\tNieczynna Sto\u0142\u00f3wka AMiSNS\t\t\t<\/a>\n\t\t<\/h3>\n\t\t\t\t<div class=\"elementor-post__meta-data\">\n\t\t\t\t\t<span class=\"elementor-post-date\">\n\t\t\t04\/10\/2024\t\t<\/span>\n\t\t\t\t<span class=\"elementor-post-avatar\">\n\t\t\tBrak komentarzy\t\t<\/span>\n\t\t\t\t<\/div>\n\t\t\t\t<div class=\"elementor-post__excerpt\">\n\t\t\t\t\t<\/div>\n\t\t\n\t\t<a class=\"elementor-post__read-more\" href=\"https:\/\/amisns.edu.pl\/stara-wersja\/nieczynna-stolowka-amisns\/\" aria-label=\"Read more about Nieczynna Sto\u0142\u00f3wka AMiSNS\" tabindex=\"-1\" >\n\t\t\tCzytaj wi\u0119cej \u00bb\t\t<\/a>\n\n\t\t\t\t<\/div>\n\t\t\t\t<\/article>\n\t\t\t\t<article class=\"elementor-post elementor-grid-item post-24966 post type-post status-publish format-standard has-post-thumbnail hentry category-glowne-aktualnosci entry has-media\">\n\t\t\t\t<a class=\"elementor-post__thumbnail__link\" href=\"https:\/\/amisns.edu.pl\/stara-wersja\/ogloszenie-listy-rankingowej-czwartej-rekrutacji-kierunek-lekarski-rok-akademicki-2024-2025\/\" tabindex=\"-1\" >\n\t\t\t<div class=\"elementor-post__thumbnail\"><img loading=\"lazy\" decoding=\"async\" width=\"940\" height=\"788\" src=\"https:\/\/amisns.edu.pl\/stara-wersja\/wp-content\/uploads\/Kierunek-lekarski-6.jpg\" class=\"attachment-medium size-medium wp-image-24965\" alt=\"\" srcset=\"https:\/\/amisns.edu.pl\/stara-wersja\/wp-content\/uploads\/Kierunek-lekarski-6.jpg 940w, https:\/\/amisns.edu.pl\/stara-wersja\/wp-content\/uploads\/Kierunek-lekarski-6-768x644.jpg 768w\" sizes=\"(max-width: 940px) 100vw, 940px\" \/><\/div>\n\t\t<\/a>\n\t\t\t\t<div class=\"elementor-post__text\">\n\t\t\t\t<h3 class=\"elementor-post__title\">\n\t\t\t<a href=\"https:\/\/amisns.edu.pl\/stara-wersja\/ogloszenie-listy-rankingowej-czwartej-rekrutacji-kierunek-lekarski-rok-akademicki-2024-2025\/\" >\n\t\t\t\tOg\u0142oszenie listy rankingowej czwartej rekrutacji \u2013 kierunek lekarski, rok akademicki 2024\/2025\t\t\t<\/a>\n\t\t<\/h3>\n\t\t\t\t<div class=\"elementor-post__meta-data\">\n\t\t\t\t\t<span class=\"elementor-post-date\">\n\t\t\t02\/10\/2024\t\t<\/span>\n\t\t\t\t<span class=\"elementor-post-avatar\">\n\t\t\tBrak komentarzy\t\t<\/span>\n\t\t\t\t<\/div>\n\t\t\t\t<div class=\"elementor-post__excerpt\">\n\t\t\t<p>Szanowni Kandydaci, poni\u017cej przedstawiamy list\u0119 os\u00f3b, kt\u00f3re zakwalifikowa\u0142y si\u0119 na kierunek lekarski w czwartej turze rekrutacji na rok akademicki 2024\/2025.\u00a0 Lista rankingowa zawiera identyfikatory, kt\u00f3re<\/p>\n\t\t<\/div>\n\t\t\n\t\t<a class=\"elementor-post__read-more\" href=\"https:\/\/amisns.edu.pl\/stara-wersja\/ogloszenie-listy-rankingowej-czwartej-rekrutacji-kierunek-lekarski-rok-akademicki-2024-2025\/\" aria-label=\"Read more about Og\u0142oszenie listy rankingowej czwartej rekrutacji \u2013 kierunek lekarski, rok akademicki 2024\/2025\" tabindex=\"-1\" >\n\t\t\tCzytaj wi\u0119cej \u00bb\t\t<\/a>\n\n\t\t\t\t<\/div>\n\t\t\t\t<\/article>\n\t\t\t\t<article class=\"elementor-post elementor-grid-item post-24954 post type-post status-publish format-standard has-post-thumbnail hentry category-glowne-aktualnosci entry has-media\">\n\t\t\t\t<a class=\"elementor-post__thumbnail__link\" href=\"https:\/\/amisns.edu.pl\/stara-wersja\/ruszyl-nabor-wnioskow-stypendialnych-na-rok-akademicki-2024-2025\/\" tabindex=\"-1\" >\n\t\t\t<div class=\"elementor-post__thumbnail\"><img loading=\"lazy\" decoding=\"async\" width=\"1080\" height=\"1080\" src=\"https:\/\/amisns.edu.pl\/stara-wersja\/wp-content\/uploads\/Stypendia-20242025-1.jpg\" class=\"attachment-medium size-medium wp-image-24959\" alt=\"\" srcset=\"https:\/\/amisns.edu.pl\/stara-wersja\/wp-content\/uploads\/Stypendia-20242025-1.jpg 1080w, https:\/\/amisns.edu.pl\/stara-wersja\/wp-content\/uploads\/Stypendia-20242025-1-1000x1000.jpg 1000w, https:\/\/amisns.edu.pl\/stara-wersja\/wp-content\/uploads\/Stypendia-20242025-1-768x768.jpg 768w, https:\/\/amisns.edu.pl\/stara-wersja\/wp-content\/uploads\/Stypendia-20242025-1-600x600.jpg 600w\" sizes=\"(max-width: 1080px) 100vw, 1080px\" \/><\/div>\n\t\t<\/a>\n\t\t\t\t<div class=\"elementor-post__text\">\n\t\t\t\t<h3 class=\"elementor-post__title\">\n\t\t\t<a href=\"https:\/\/amisns.edu.pl\/stara-wersja\/ruszyl-nabor-wnioskow-stypendialnych-na-rok-akademicki-2024-2025\/\" >\n\t\t\t\tRuszy\u0142 nab\u00f3r wniosk\u00f3w stypendialnych na rok akademicki 2024\/2025\t\t\t<\/a>\n\t\t<\/h3>\n\t\t\t\t<div class=\"elementor-post__meta-data\">\n\t\t\t\t\t<span class=\"elementor-post-date\">\n\t\t\t01\/10\/2024\t\t<\/span>\n\t\t\t\t<span class=\"elementor-post-avatar\">\n\t\t\tBrak komentarzy\t\t<\/span>\n\t\t\t\t<\/div>\n\t\t\t\t<div class=\"elementor-post__excerpt\">\n\t\t\t<p>Studenci Akademii Medycznych i Spo\u0142ecznych Nauk Stosowanych mog\u0105 ju\u017c sk\u0142ada\u0107 wnioski o stypendia. Oferujemy wsparcie finansowe w formie:\u00a0 stypendi\u00f3w socjalnych dla os\u00f3b niepe\u0142nosprawnych, rektora, ministra<\/p>\n\t\t<\/div>\n\t\t\n\t\t<a class=\"elementor-post__read-more\" href=\"https:\/\/amisns.edu.pl\/stara-wersja\/ruszyl-nabor-wnioskow-stypendialnych-na-rok-akademicki-2024-2025\/\" aria-label=\"Read more about Ruszy\u0142 nab\u00f3r wniosk\u00f3w stypendialnych na rok akademicki 2024\/2025\" tabindex=\"-1\" >\n\t\t\tCzytaj wi\u0119cej \u00bb\t\t<\/a>\n\n\t\t\t\t<\/div>\n\t\t\t\t<\/article>\n\t\t\t\t<article class=\"elementor-post elementor-grid-item post-24920 post type-post status-publish format-standard has-post-thumbnail hentry category-glowne-aktualnosci entry has-media\">\n\t\t\t\t<a class=\"elementor-post__thumbnail__link\" href=\"https:\/\/amisns.edu.pl\/stara-wersja\/przedluzona-rekrutacja-na-studia-w-akademii-medycznych-i-spolecznych-nauk-stosowanych-trwa-do-19-pazdziernika\/\" tabindex=\"-1\" >\n\t\t\t<div class=\"elementor-post__thumbnail\"><img loading=\"lazy\" decoding=\"async\" width=\"940\" height=\"788\" src=\"https:\/\/amisns.edu.pl\/stara-wersja\/wp-content\/uploads\/Bez-tytulu-Post-na-Facebooka-1.jpg\" class=\"attachment-medium size-medium wp-image-24921\" alt=\"\" srcset=\"https:\/\/amisns.edu.pl\/stara-wersja\/wp-content\/uploads\/Bez-tytulu-Post-na-Facebooka-1.jpg 940w, https:\/\/amisns.edu.pl\/stara-wersja\/wp-content\/uploads\/Bez-tytulu-Post-na-Facebooka-1-768x644.jpg 768w\" sizes=\"(max-width: 940px) 100vw, 940px\" \/><\/div>\n\t\t<\/a>\n\t\t\t\t<div class=\"elementor-post__text\">\n\t\t\t\t<h3 class=\"elementor-post__title\">\n\t\t\t<a href=\"https:\/\/amisns.edu.pl\/stara-wersja\/przedluzona-rekrutacja-na-studia-w-akademii-medycznych-i-spolecznych-nauk-stosowanych-trwa-do-19-pazdziernika\/\" >\n\t\t\t\tPrzed\u0142u\u017cona rekrutacja na studia w Akademii Medycznych i Spo\u0142ecznych Nauk Stosowanych \u2013 trwa do 19 pa\u017adziernika!\t\t\t<\/a>\n\t\t<\/h3>\n\t\t\t\t<div class=\"elementor-post__meta-data\">\n\t\t\t\t\t<span class=\"elementor-post-date\">\n\t\t\t30\/09\/2024\t\t<\/span>\n\t\t\t\t<span class=\"elementor-post-avatar\">\n\t\t\tBrak komentarzy\t\t<\/span>\n\t\t\t\t<\/div>\n\t\t\t\t<div class=\"elementor-post__excerpt\">\n\t\t\t<p>Drodzy Kandydaci!Z rado\u015bci\u0105 informujemy, \u017ce Akademia Medycznych i Spo\u0142ecznych Nauk Stosowanych przed\u0142u\u017cy\u0142a rekrutacj\u0119 na studia do 19 pa\u017adziernika. To doskona\u0142a okazja, aby do\u0142\u0105czy\u0107 do grona<\/p>\n\t\t<\/div>\n\t\t\n\t\t<a class=\"elementor-post__read-more\" href=\"https:\/\/amisns.edu.pl\/stara-wersja\/przedluzona-rekrutacja-na-studia-w-akademii-medycznych-i-spolecznych-nauk-stosowanych-trwa-do-19-pazdziernika\/\" aria-label=\"Read more about Przed\u0142u\u017cona rekrutacja na studia w Akademii Medycznych i Spo\u0142ecznych Nauk Stosowanych \u2013 trwa do 19 pa\u017adziernika!\" tabindex=\"-1\" >\n\t\t\tCzytaj wi\u0119cej \u00bb\t\t<\/a>\n\n\t\t\t\t<\/div>\n\t\t\t\t<\/article>\n\t\t\t\t<\/div>\n\t\t\n\t\t\t\t<\/div>\n\t\t\t\t<\/div>\n\t\t\t\t\t<\/div>\n\t\t<\/div>\n\t\t\t\t\t<\/div>\n\t\t<\/section>\n\t\t\t\t<\/div>\n\t\t","protected":false},"excerpt":{"rendered":"<p>W Neapolu od 12 do 15 maja w Centrum Kongresowym Stazione Marittima, odbywa\u0142 si\u0119 42. Krajowy Kongres W\u0142oskiego Stowarzyszenia Chirurg\u00f3w Szpitalnych zorganizowany pn. ?W sercu chirurgii?. Przez te cztery dni Neapol sta\u0142 si\u0119 bij\u0105cym sercem w\u0142oskiej s\u0142u\u017cby zdrowia. Podczas kongresu odby\u0142y si\u0119 liczne wydarzenia naukowe, sesje robocze, warsztaty, konferencje i seminaria, w kt\u00f3rych udzia\u0142 wzi\u0119li [&hellip;]<\/p>\n","protected":false},"author":2,"featured_media":21035,"comment_status":"open","ping_status":"open","sticky":false,"template":"elementor_header_footer","format":"standard","meta":{"ocean_post_layout":"","ocean_both_sidebars_style":"","ocean_both_sidebars_content_width":0,"ocean_both_sidebars_sidebars_width":0,"ocean_sidebar":"","ocean_second_sidebar":"","ocean_disable_margins":"enable","ocean_add_body_class":"","ocean_shortcode_before_top_bar":"","ocean_shortcode_after_top_bar":"","ocean_shortcode_before_header":"","ocean_shortcode_after_header":"","ocean_has_shortcode":"","ocean_shortcode_after_title":"","ocean_shortcode_before_footer_widgets":"","ocean_shortcode_after_footer_widgets":"","ocean_shortcode_before_footer_bottom":"","ocean_shortcode_after_footer_bottom":"","ocean_display_top_bar":"default","ocean_display_header":"default","ocean_header_style":"","ocean_center_header_left_menu":"","ocean_custom_header_template":"","ocean_custom_logo":0,"ocean_custom_retina_logo":0,"ocean_custom_logo_max_width":0,"ocean_custom_logo_tablet_max_width":0,"ocean_custom_logo_mobile_max_width":0,"ocean_custom_logo_max_height":0,"ocean_custom_logo_tablet_max_height":0,"ocean_custom_logo_mobile_max_height":0,"ocean_header_custom_menu":"","ocean_menu_typo_font_family":"","ocean_menu_typo_font_subset":"","ocean_menu_typo_font_size":0,"ocean_menu_typo_font_size_tablet":0,"ocean_menu_typo_font_size_mobile":0,"ocean_menu_typo_font_size_unit":"px","ocean_menu_typo_font_weight":"","ocean_menu_typo_font_weight_tablet":"","ocean_menu_typo_font_weight_mobile":"","ocean_menu_typo_transform":"","ocean_menu_typo_transform_tablet":"","ocean_menu_typo_transform_mobile":"","ocean_menu_typo_line_height":0,"ocean_menu_typo_line_height_tablet":0,"ocean_menu_typo_line_height_mobile":0,"ocean_menu_typo_line_height_unit":"","ocean_menu_typo_spacing":0,"ocean_menu_typo_spacing_tablet":0,"ocean_menu_typo_spacing_mobile":0,"ocean_menu_typo_spacing_unit":"","ocean_menu_link_color":"","ocean_menu_link_color_hover":"","ocean_menu_link_color_active":"","ocean_menu_link_background":"","ocean_menu_link_hover_background":"","ocean_menu_link_active_background":"","ocean_menu_social_links_bg":"","ocean_menu_social_hover_links_bg":"","ocean_menu_social_links_color":"","ocean_menu_social_hover_links_color":"","ocean_disable_title":"default","ocean_disable_heading":"default","ocean_post_title":"","ocean_post_subheading":"","ocean_post_title_style":"","ocean_post_title_background_color":"","ocean_post_title_background":0,"ocean_post_title_bg_image_position":"","ocean_post_title_bg_image_attachment":"","ocean_post_title_bg_image_repeat":"","ocean_post_title_bg_image_size":"","ocean_post_title_height":0,"ocean_post_title_bg_overlay":0.5,"ocean_post_title_bg_overlay_color":"","ocean_disable_breadcrumbs":"default","ocean_breadcrumbs_color":"","ocean_breadcrumbs_separator_color":"","ocean_breadcrumbs_links_color":"","ocean_breadcrumbs_links_hover_color":"","ocean_display_footer_widgets":"default","ocean_display_footer_bottom":"default","ocean_custom_footer_template":"","ocean_post_oembed":"","ocean_post_self_hosted_media":"","ocean_post_video_embed":"","ocean_link_format":"","ocean_link_format_target":"self","ocean_quote_format":"","ocean_quote_format_link":"post","ocean_gallery_link_images":"on","ocean_gallery_id":[],"footnotes":""},"categories":[28],"tags":[],"class_list":["post-21033","post","type-post","status-publish","format-standard","has-post-thumbnail","hentry","category-glowne-aktualnosci","entry","has-media"],"yoast_head":"<!-- This site is optimized with the Yoast SEO plugin v23.7 - https:\/\/yoast.com\/wordpress\/plugins\/seo\/ -->\n<title>Profesor z AMiSNS na kongresie w Neapolu - AMISNS<\/title>\n<meta name=\"robots\" content=\"noindex, follow, max-snippet:-1, max-image-preview:large, max-video-preview:-1\" \/>\n<meta property=\"og:locale\" content=\"pl_PL\" \/>\n<meta property=\"og:type\" content=\"article\" \/>\n<meta property=\"og:title\" content=\"Profesor z AMiSNS na kongresie w Neapolu - AMISNS\" \/>\n<meta property=\"og:description\" content=\"W Neapolu od 12 do 15 maja w Centrum Kongresowym Stazione Marittima, odbywa\u0142 si\u0119 42. Krajowy Kongres W\u0142oskiego Stowarzyszenia Chirurg\u00f3w Szpitalnych zorganizowany pn. ?W sercu chirurgii?. Przez te cztery dni Neapol sta\u0142 si\u0119 bij\u0105cym sercem w\u0142oskiej s\u0142u\u017cby zdrowia. Podczas kongresu odby\u0142y si\u0119 liczne wydarzenia naukowe, sesje robocze, warsztaty, konferencje i seminaria, w kt\u00f3rych udzia\u0142 wzi\u0119li [&hellip;]\" \/>\n<meta property=\"og:url\" content=\"https:\/\/amisns.edu.pl\/stara-wersja\/profesor-z-amisns-na-kongresie-w-neapolu\/\" \/>\n<meta property=\"og:site_name\" content=\"AMISNS\" \/>\n<meta property=\"article:publisher\" content=\"https:\/\/www.facebook.com\/AMiSNSElblag\" \/>\n<meta property=\"article:published_time\" content=\"2024-05-17T12:15:54+00:00\" \/>\n<meta property=\"article:modified_time\" content=\"2024-05-18T06:25:58+00:00\" \/>\n<meta property=\"og:image\" content=\"https:\/\/amisns.edu.pl\/stara-wersja\/wp-content\/uploads\/56e682fe-1b70-4759-a336-dab244b9dc1b.jpg\" \/>\n\t<meta property=\"og:image:width\" content=\"1215\" \/>\n\t<meta property=\"og:image:height\" content=\"1080\" \/>\n\t<meta property=\"og:image:type\" content=\"image\/jpeg\" \/>\n<meta name=\"author\" content=\"Biuro promocji\" \/>\n<meta name=\"twitter:card\" content=\"summary_large_image\" \/>\n<meta name=\"twitter:label1\" content=\"Napisane przez\" \/>\n\t<meta name=\"twitter:data1\" content=\"Biuro promocji\" \/>\n\t<meta name=\"twitter:label2\" content=\"Szacowany czas czytania\" \/>\n\t<meta name=\"twitter:data2\" content=\"6 minut\" \/>\n<script type=\"application\/ld+json\" class=\"yoast-schema-graph\">{\"@context\":\"https:\/\/schema.org\",\"@graph\":[{\"@type\":\"Article\",\"@id\":\"https:\/\/amisns.edu.pl\/stara-wersja\/profesor-z-amisns-na-kongresie-w-neapolu\/#article\",\"isPartOf\":{\"@id\":\"https:\/\/amisns.edu.pl\/stara-wersja\/profesor-z-amisns-na-kongresie-w-neapolu\/\"},\"author\":{\"name\":\"Biuro promocji\",\"@id\":\"https:\/\/amisns.edu.pl\/stara-wersja\/stara-wersja\/#\/schema\/person\/4868ddcf0f0d3f8b0c675e45540fd350\"},\"headline\":\"Profesor z AMiSNS na kongresie w Neapolu\",\"datePublished\":\"2024-05-17T12:15:54+00:00\",\"dateModified\":\"2024-05-18T06:25:58+00:00\",\"mainEntityOfPage\":{\"@id\":\"https:\/\/amisns.edu.pl\/stara-wersja\/profesor-z-amisns-na-kongresie-w-neapolu\/\"},\"wordCount\":217,\"commentCount\":0,\"publisher\":{\"@id\":\"https:\/\/amisns.edu.pl\/stara-wersja\/stara-wersja\/#organization\"},\"image\":{\"@id\":\"https:\/\/amisns.edu.pl\/stara-wersja\/profesor-z-amisns-na-kongresie-w-neapolu\/#primaryimage\"},\"thumbnailUrl\":\"https:\/\/amisns.edu.pl\/stara-wersja\/wp-content\/uploads\/56e682fe-1b70-4759-a336-dab244b9dc1b.jpg\",\"articleSection\":[\"G\u0142\u00f3wne aktualno\u015bci\"],\"inLanguage\":\"pl-PL\",\"potentialAction\":[{\"@type\":\"CommentAction\",\"name\":\"Comment\",\"target\":[\"https:\/\/amisns.edu.pl\/stara-wersja\/profesor-z-amisns-na-kongresie-w-neapolu\/#respond\"]}]},{\"@type\":\"WebPage\",\"@id\":\"https:\/\/amisns.edu.pl\/stara-wersja\/profesor-z-amisns-na-kongresie-w-neapolu\/\",\"url\":\"https:\/\/amisns.edu.pl\/stara-wersja\/profesor-z-amisns-na-kongresie-w-neapolu\/\",\"name\":\"Profesor z AMiSNS na kongresie w Neapolu - AMISNS\",\"isPartOf\":{\"@id\":\"https:\/\/amisns.edu.pl\/stara-wersja\/stara-wersja\/#website\"},\"primaryImageOfPage\":{\"@id\":\"https:\/\/amisns.edu.pl\/stara-wersja\/profesor-z-amisns-na-kongresie-w-neapolu\/#primaryimage\"},\"image\":{\"@id\":\"https:\/\/amisns.edu.pl\/stara-wersja\/profesor-z-amisns-na-kongresie-w-neapolu\/#primaryimage\"},\"thumbnailUrl\":\"https:\/\/amisns.edu.pl\/stara-wersja\/wp-content\/uploads\/56e682fe-1b70-4759-a336-dab244b9dc1b.jpg\",\"datePublished\":\"2024-05-17T12:15:54+00:00\",\"dateModified\":\"2024-05-18T06:25:58+00:00\",\"breadcrumb\":{\"@id\":\"https:\/\/amisns.edu.pl\/stara-wersja\/profesor-z-amisns-na-kongresie-w-neapolu\/#breadcrumb\"},\"inLanguage\":\"pl-PL\",\"potentialAction\":[{\"@type\":\"ReadAction\",\"target\":[\"https:\/\/amisns.edu.pl\/stara-wersja\/profesor-z-amisns-na-kongresie-w-neapolu\/\"]}]},{\"@type\":\"ImageObject\",\"inLanguage\":\"pl-PL\",\"@id\":\"https:\/\/amisns.edu.pl\/stara-wersja\/profesor-z-amisns-na-kongresie-w-neapolu\/#primaryimage\",\"url\":\"https:\/\/amisns.edu.pl\/stara-wersja\/wp-content\/uploads\/56e682fe-1b70-4759-a336-dab244b9dc1b.jpg\",\"contentUrl\":\"https:\/\/amisns.edu.pl\/stara-wersja\/wp-content\/uploads\/56e682fe-1b70-4759-a336-dab244b9dc1b.jpg\",\"width\":1215,\"height\":1080},{\"@type\":\"BreadcrumbList\",\"@id\":\"https:\/\/amisns.edu.pl\/stara-wersja\/profesor-z-amisns-na-kongresie-w-neapolu\/#breadcrumb\",\"itemListElement\":[{\"@type\":\"ListItem\",\"position\":1,\"name\":\"Strona g\u0142\u00f3wna\",\"item\":\"https:\/\/amisns.edu.pl\/stara-wersja\/\"},{\"@type\":\"ListItem\",\"position\":2,\"name\":\"Profesor z AMiSNS na kongresie w Neapolu\"}]},{\"@type\":\"WebSite\",\"@id\":\"https:\/\/amisns.edu.pl\/stara-wersja\/stara-wersja\/#website\",\"url\":\"https:\/\/amisns.edu.pl\/stara-wersja\/stara-wersja\/\",\"name\":\"AMISNS\",\"description\":\"Akademia Medycznych i Spo\u0142ecznych nauk stosowanych\",\"publisher\":{\"@id\":\"https:\/\/amisns.edu.pl\/stara-wersja\/stara-wersja\/#organization\"},\"potentialAction\":[{\"@type\":\"SearchAction\",\"target\":{\"@type\":\"EntryPoint\",\"urlTemplate\":\"https:\/\/amisns.edu.pl\/stara-wersja\/stara-wersja\/?s={search_term_string}\"},\"query-input\":{\"@type\":\"PropertyValueSpecification\",\"valueRequired\":true,\"valueName\":\"search_term_string\"}}],\"inLanguage\":\"pl-PL\"},{\"@type\":\"Organization\",\"@id\":\"https:\/\/amisns.edu.pl\/stara-wersja\/stara-wersja\/#organization\",\"name\":\"AMISNS\",\"url\":\"https:\/\/amisns.edu.pl\/stara-wersja\/stara-wersja\/\",\"logo\":{\"@type\":\"ImageObject\",\"inLanguage\":\"pl-PL\",\"@id\":\"https:\/\/amisns.edu.pl\/stara-wersja\/stara-wersja\/#\/schema\/logo\/image\/\",\"url\":\"https:\/\/amisns.edu.pl\/stara-wersja\/wp-content\/uploads\/2022\/12\/Znak-AMiSNS-na-strone-www-4k.png\",\"contentUrl\":\"https:\/\/amisns.edu.pl\/stara-wersja\/wp-content\/uploads\/2022\/12\/Znak-AMiSNS-na-strone-www-4k.png\",\"width\":1920,\"height\":523,\"caption\":\"AMISNS\"},\"image\":{\"@id\":\"https:\/\/amisns.edu.pl\/stara-wersja\/stara-wersja\/#\/schema\/logo\/image\/\"},\"sameAs\":[\"https:\/\/www.facebook.com\/AMiSNSElblag\"]},{\"@type\":\"Person\",\"@id\":\"https:\/\/amisns.edu.pl\/stara-wersja\/stara-wersja\/#\/schema\/person\/4868ddcf0f0d3f8b0c675e45540fd350\",\"name\":\"Biuro promocji\",\"image\":{\"@type\":\"ImageObject\",\"inLanguage\":\"pl-PL\",\"@id\":\"https:\/\/amisns.edu.pl\/stara-wersja\/stara-wersja\/#\/schema\/person\/image\/\",\"url\":\"https:\/\/secure.gravatar.com\/avatar\/ba1c61f2c67d3536a6e469d64619f0d0?s=96&d=mm&r=g\",\"contentUrl\":\"https:\/\/secure.gravatar.com\/avatar\/ba1c61f2c67d3536a6e469d64619f0d0?s=96&d=mm&r=g\",\"caption\":\"Biuro promocji\"},\"url\":\"https:\/\/amisns.edu.pl\/stara-wersja\/author\/biuro-promocji\/\"}]}<\/script>\n<!-- \/ Yoast SEO plugin. -->","yoast_head_json":{"title":"Profesor z AMiSNS na kongresie w Neapolu - AMISNS","robots":{"index":"noindex","follow":"follow","max-snippet":"max-snippet:-1","max-image-preview":"max-image-preview:large","max-video-preview":"max-video-preview:-1"},"og_locale":"pl_PL","og_type":"article","og_title":"Profesor z AMiSNS na kongresie w Neapolu - AMISNS","og_description":"W Neapolu od 12 do 15 maja w Centrum Kongresowym Stazione Marittima, odbywa\u0142 si\u0119 42. Krajowy Kongres W\u0142oskiego Stowarzyszenia Chirurg\u00f3w Szpitalnych zorganizowany pn. ?W sercu chirurgii?. Przez te cztery dni Neapol sta\u0142 si\u0119 bij\u0105cym sercem w\u0142oskiej s\u0142u\u017cby zdrowia. Podczas kongresu odby\u0142y si\u0119 liczne wydarzenia naukowe, sesje robocze, warsztaty, konferencje i seminaria, w kt\u00f3rych udzia\u0142 wzi\u0119li [&hellip;]","og_url":"https:\/\/amisns.edu.pl\/stara-wersja\/profesor-z-amisns-na-kongresie-w-neapolu\/","og_site_name":"AMISNS","article_publisher":"https:\/\/www.facebook.com\/AMiSNSElblag","article_published_time":"2024-05-17T12:15:54+00:00","article_modified_time":"2024-05-18T06:25:58+00:00","og_image":[{"width":1215,"height":1080,"url":"https:\/\/amisns.edu.pl\/stara-wersja\/wp-content\/uploads\/56e682fe-1b70-4759-a336-dab244b9dc1b.jpg","type":"image\/jpeg"}],"author":"Biuro promocji","twitter_card":"summary_large_image","twitter_misc":{"Napisane przez":"Biuro promocji","Szacowany czas czytania":"6 minut"},"schema":{"@context":"https:\/\/schema.org","@graph":[{"@type":"Article","@id":"https:\/\/amisns.edu.pl\/stara-wersja\/profesor-z-amisns-na-kongresie-w-neapolu\/#article","isPartOf":{"@id":"https:\/\/amisns.edu.pl\/stara-wersja\/profesor-z-amisns-na-kongresie-w-neapolu\/"},"author":{"name":"Biuro promocji","@id":"https:\/\/amisns.edu.pl\/stara-wersja\/stara-wersja\/#\/schema\/person\/4868ddcf0f0d3f8b0c675e45540fd350"},"headline":"Profesor z AMiSNS na kongresie w Neapolu","datePublished":"2024-05-17T12:15:54+00:00","dateModified":"2024-05-18T06:25:58+00:00","mainEntityOfPage":{"@id":"https:\/\/amisns.edu.pl\/stara-wersja\/profesor-z-amisns-na-kongresie-w-neapolu\/"},"wordCount":217,"commentCount":0,"publisher":{"@id":"https:\/\/amisns.edu.pl\/stara-wersja\/stara-wersja\/#organization"},"image":{"@id":"https:\/\/amisns.edu.pl\/stara-wersja\/profesor-z-amisns-na-kongresie-w-neapolu\/#primaryimage"},"thumbnailUrl":"https:\/\/amisns.edu.pl\/stara-wersja\/wp-content\/uploads\/56e682fe-1b70-4759-a336-dab244b9dc1b.jpg","articleSection":["G\u0142\u00f3wne aktualno\u015bci"],"inLanguage":"pl-PL","potentialAction":[{"@type":"CommentAction","name":"Comment","target":["https:\/\/amisns.edu.pl\/stara-wersja\/profesor-z-amisns-na-kongresie-w-neapolu\/#respond"]}]},{"@type":"WebPage","@id":"https:\/\/amisns.edu.pl\/stara-wersja\/profesor-z-amisns-na-kongresie-w-neapolu\/","url":"https:\/\/amisns.edu.pl\/stara-wersja\/profesor-z-amisns-na-kongresie-w-neapolu\/","name":"Profesor z AMiSNS na kongresie w Neapolu - AMISNS","isPartOf":{"@id":"https:\/\/amisns.edu.pl\/stara-wersja\/stara-wersja\/#website"},"primaryImageOfPage":{"@id":"https:\/\/amisns.edu.pl\/stara-wersja\/profesor-z-amisns-na-kongresie-w-neapolu\/#primaryimage"},"image":{"@id":"https:\/\/amisns.edu.pl\/stara-wersja\/profesor-z-amisns-na-kongresie-w-neapolu\/#primaryimage"},"thumbnailUrl":"https:\/\/amisns.edu.pl\/stara-wersja\/wp-content\/uploads\/56e682fe-1b70-4759-a336-dab244b9dc1b.jpg","datePublished":"2024-05-17T12:15:54+00:00","dateModified":"2024-05-18T06:25:58+00:00","breadcrumb":{"@id":"https:\/\/amisns.edu.pl\/stara-wersja\/profesor-z-amisns-na-kongresie-w-neapolu\/#breadcrumb"},"inLanguage":"pl-PL","potentialAction":[{"@type":"ReadAction","target":["https:\/\/amisns.edu.pl\/stara-wersja\/profesor-z-amisns-na-kongresie-w-neapolu\/"]}]},{"@type":"ImageObject","inLanguage":"pl-PL","@id":"https:\/\/amisns.edu.pl\/stara-wersja\/profesor-z-amisns-na-kongresie-w-neapolu\/#primaryimage","url":"https:\/\/amisns.edu.pl\/stara-wersja\/wp-content\/uploads\/56e682fe-1b70-4759-a336-dab244b9dc1b.jpg","contentUrl":"https:\/\/amisns.edu.pl\/stara-wersja\/wp-content\/uploads\/56e682fe-1b70-4759-a336-dab244b9dc1b.jpg","width":1215,"height":1080},{"@type":"BreadcrumbList","@id":"https:\/\/amisns.edu.pl\/stara-wersja\/profesor-z-amisns-na-kongresie-w-neapolu\/#breadcrumb","itemListElement":[{"@type":"ListItem","position":1,"name":"Strona g\u0142\u00f3wna","item":"https:\/\/amisns.edu.pl\/stara-wersja\/"},{"@type":"ListItem","position":2,"name":"Profesor z AMiSNS na kongresie w Neapolu"}]},{"@type":"WebSite","@id":"https:\/\/amisns.edu.pl\/stara-wersja\/stara-wersja\/#website","url":"https:\/\/amisns.edu.pl\/stara-wersja\/stara-wersja\/","name":"AMISNS","description":"Akademia Medycznych i Spo\u0142ecznych nauk stosowanych","publisher":{"@id":"https:\/\/amisns.edu.pl\/stara-wersja\/stara-wersja\/#organization"},"potentialAction":[{"@type":"SearchAction","target":{"@type":"EntryPoint","urlTemplate":"https:\/\/amisns.edu.pl\/stara-wersja\/stara-wersja\/?s={search_term_string}"},"query-input":{"@type":"PropertyValueSpecification","valueRequired":true,"valueName":"search_term_string"}}],"inLanguage":"pl-PL"},{"@type":"Organization","@id":"https:\/\/amisns.edu.pl\/stara-wersja\/stara-wersja\/#organization","name":"AMISNS","url":"https:\/\/amisns.edu.pl\/stara-wersja\/stara-wersja\/","logo":{"@type":"ImageObject","inLanguage":"pl-PL","@id":"https:\/\/amisns.edu.pl\/stara-wersja\/stara-wersja\/#\/schema\/logo\/image\/","url":"https:\/\/amisns.edu.pl\/stara-wersja\/wp-content\/uploads\/2022\/12\/Znak-AMiSNS-na-strone-www-4k.png","contentUrl":"https:\/\/amisns.edu.pl\/stara-wersja\/wp-content\/uploads\/2022\/12\/Znak-AMiSNS-na-strone-www-4k.png","width":1920,"height":523,"caption":"AMISNS"},"image":{"@id":"https:\/\/amisns.edu.pl\/stara-wersja\/stara-wersja\/#\/schema\/logo\/image\/"},"sameAs":["https:\/\/www.facebook.com\/AMiSNSElblag"]},{"@type":"Person","@id":"https:\/\/amisns.edu.pl\/stara-wersja\/stara-wersja\/#\/schema\/person\/4868ddcf0f0d3f8b0c675e45540fd350","name":"Biuro promocji","image":{"@type":"ImageObject","inLanguage":"pl-PL","@id":"https:\/\/amisns.edu.pl\/stara-wersja\/stara-wersja\/#\/schema\/person\/image\/","url":"https:\/\/secure.gravatar.com\/avatar\/ba1c61f2c67d3536a6e469d64619f0d0?s=96&d=mm&r=g","contentUrl":"https:\/\/secure.gravatar.com\/avatar\/ba1c61f2c67d3536a6e469d64619f0d0?s=96&d=mm&r=g","caption":"Biuro promocji"},"url":"https:\/\/amisns.edu.pl\/stara-wersja\/author\/biuro-promocji\/"}]}},"_links":{"self":[{"href":"https:\/\/amisns.edu.pl\/stara-wersja\/wp-json\/wp\/v2\/posts\/21033"}],"collection":[{"href":"https:\/\/amisns.edu.pl\/stara-wersja\/wp-json\/wp\/v2\/posts"}],"about":[{"href":"https:\/\/amisns.edu.pl\/stara-wersja\/wp-json\/wp\/v2\/types\/post"}],"author":[{"embeddable":true,"href":"https:\/\/amisns.edu.pl\/stara-wersja\/wp-json\/wp\/v2\/users\/2"}],"replies":[{"embeddable":true,"href":"https:\/\/amisns.edu.pl\/stara-wersja\/wp-json\/wp\/v2\/comments?post=21033"}],"version-history":[{"count":13,"href":"https:\/\/amisns.edu.pl\/stara-wersja\/wp-json\/wp\/v2\/posts\/21033\/revisions"}],"predecessor-version":[{"id":21058,"href":"https:\/\/amisns.edu.pl\/stara-wersja\/wp-json\/wp\/v2\/posts\/21033\/revisions\/21058"}],"wp:featuredmedia":[{"embeddable":true,"href":"https:\/\/amisns.edu.pl\/stara-wersja\/wp-json\/wp\/v2\/media\/21035"}],"wp:attachment":[{"href":"https:\/\/amisns.edu.pl\/stara-wersja\/wp-json\/wp\/v2\/media?parent=21033"}],"wp:term":[{"taxonomy":"category","embeddable":true,"href":"https:\/\/amisns.edu.pl\/stara-wersja\/wp-json\/wp\/v2\/categories?post=21033"},{"taxonomy":"post_tag","embeddable":true,"href":"https:\/\/amisns.edu.pl\/stara-wersja\/wp-json\/wp\/v2\/tags?post=21033"}],"curies":[{"name":"wp","href":"https:\/\/api.w.org\/{rel}","templated":true}]}}