{"id":21502,"date":"2024-05-23T12:10:32","date_gmt":"2024-05-23T11:10:32","guid":{"rendered":"https:\/\/amisns.edu.pl\/?p=21502"},"modified":"2024-06-14T12:15:55","modified_gmt":"2024-06-14T11:15:55","slug":"srodowiskowy-dom-samopomocy-w-kwietniewie-nr-48-gmina-rychliki-poszukuje-psychologa-2","status":"publish","type":"post","link":"https:\/\/amisns.edu.pl\/stara-wersja\/srodowiskowy-dom-samopomocy-w-kwietniewie-nr-48-gmina-rychliki-poszukuje-psychologa-2\/","title":{"rendered":"\u015arodowiskowy Dom Samopomocy w Kwietniewie nr 48, gmina Rychliki poszukuje PSYCHOLOGA"},"content":{"rendered":"\t\t<div data-elementor-type=\"wp-post\" data-elementor-id=\"21502\" class=\"elementor elementor-21502\" data-elementor-post-type=\"post\">\n\t\t\t\t\t\t<section class=\"elementor-section elementor-top-section elementor-element elementor-element-f1e388f elementor-section-boxed elementor-section-height-default elementor-section-height-default\" data-id=\"f1e388f\" data-element_type=\"section\">\n\t\t\t\t\t\t<div class=\"elementor-container elementor-column-gap-default\">\n\t\t\t\t\t<div class=\"elementor-column elementor-col-100 elementor-top-column elementor-element elementor-element-81b0c9d\" data-id=\"81b0c9d\" data-element_type=\"column\">\n\t\t\t<div class=\"elementor-widget-wrap elementor-element-populated\">\n\t\t\t\t\t\t<div class=\"elementor-element elementor-element-07caed3 elementor-widget elementor-widget-theme-post-featured-image elementor-widget-image\" data-id=\"07caed3\" data-element_type=\"widget\" data-widget_type=\"theme-post-featured-image.default\">\n\t\t\t\t<div class=\"elementor-widget-container\">\n\t\t\t\t\t\t\t\t\t\t\t\t\t<img fetchpriority=\"high\" decoding=\"async\" width=\"940\" height=\"788\" src=\"https:\/\/amisns.edu.pl\/stara-wersja\/wp-content\/uploads\/Cream-Black-Minimalist-Fair-Job-Facebook-Post-1.png\" class=\"attachment-medium size-medium wp-image-21501\" alt=\"\" srcset=\"https:\/\/amisns.edu.pl\/stara-wersja\/wp-content\/uploads\/Cream-Black-Minimalist-Fair-Job-Facebook-Post-1.png 940w, https:\/\/amisns.edu.pl\/stara-wersja\/wp-content\/uploads\/Cream-Black-Minimalist-Fair-Job-Facebook-Post-1-768x644.png 768w\" sizes=\"(max-width: 940px) 100vw, 940px\" \/>\t\t\t\t\t\t\t\t\t\t\t\t\t<\/div>\n\t\t\t\t<\/div>\n\t\t\t\t\t<\/div>\n\t\t<\/div>\n\t\t\t\t\t<\/div>\n\t\t<\/section>\n\t\t\t\t<section class=\"elementor-section elementor-top-section elementor-element elementor-element-ce8cccc elementor-section-boxed elementor-section-height-default elementor-section-height-default\" data-id=\"ce8cccc\" data-element_type=\"section\">\n\t\t\t\t\t\t<div class=\"elementor-container elementor-column-gap-default\">\n\t\t\t\t\t<div class=\"elementor-column elementor-col-100 elementor-top-column elementor-element elementor-element-bf8a0dc\" data-id=\"bf8a0dc\" data-element_type=\"column\">\n\t\t\t<div class=\"elementor-widget-wrap elementor-element-populated\">\n\t\t\t\t\t\t<div class=\"elementor-element elementor-element-be093a3 elementor-widget elementor-widget-theme-post-title elementor-page-title elementor-widget-heading\" data-id=\"be093a3\" data-element_type=\"widget\" data-widget_type=\"theme-post-title.default\">\n\t\t\t\t<div class=\"elementor-widget-container\">\n\t\t\t<h1 class=\"elementor-heading-title elementor-size-default\">\u015arodowiskowy Dom Samopomocy w Kwietniewie nr 48, gmina Rychliki poszukuje PSYCHOLOGA<\/h1>\t\t<\/div>\n\t\t\t\t<\/div>\n\t\t\t\t\t<\/div>\n\t\t<\/div>\n\t\t\t\t\t<\/div>\n\t\t<\/section>\n\t\t\t\t<section class=\"elementor-section elementor-top-section elementor-element elementor-element-b75e2dc elementor-section-boxed elementor-section-height-default elementor-section-height-default\" data-id=\"b75e2dc\" data-element_type=\"section\">\n\t\t\t\t\t\t<div class=\"elementor-container elementor-column-gap-default\">\n\t\t\t\t\t<div class=\"elementor-column elementor-col-100 elementor-top-column elementor-element elementor-element-5497760\" data-id=\"5497760\" data-element_type=\"column\">\n\t\t\t<div class=\"elementor-widget-wrap elementor-element-populated\">\n\t\t\t\t\t\t<div class=\"elementor-element elementor-element-5f58593 elementor-widget elementor-widget-post-info\" data-id=\"5f58593\" data-element_type=\"widget\" data-widget_type=\"post-info.default\">\n\t\t\t\t<div class=\"elementor-widget-container\">\n\t\t\t\t\t<ul class=\"elementor-inline-items elementor-icon-list-items elementor-post-info\">\n\t\t\t\t\t\t\t\t<li class=\"elementor-icon-list-item elementor-repeater-item-e96c65c elementor-inline-item\" itemprop=\"datePublished\">\n\t\t\t\t\t\t<a href=\"https:\/\/amisns.edu.pl\/stara-wersja\/2024\/05\/23\/\">\n\t\t\t\t\t\t\t\t\t\t\t<span class=\"elementor-icon-list-icon\">\n\t\t\t\t\t\t\t\t<i aria-hidden=\"true\" class=\"fas fa-calendar\"><\/i>\t\t\t\t\t\t\t<\/span>\n\t\t\t\t\t\t\t\t\t<span class=\"elementor-icon-list-text elementor-post-info__item elementor-post-info__item--type-date\">\n\t\t\t\t\t\t\t\t\t\t<time>23 maja, 2024<\/time>\t\t\t\t\t<\/span>\n\t\t\t\t\t\t\t\t\t<\/a>\n\t\t\t\t<\/li>\n\t\t\t\t<\/ul>\n\t\t\t\t<\/div>\n\t\t\t\t<\/div>\n\t\t\t\t\t<\/div>\n\t\t<\/div>\n\t\t\t\t\t<\/div>\n\t\t<\/section>\n\t\t\t\t<section class=\"elementor-section elementor-top-section elementor-element elementor-element-adbbfd1 elementor-section-boxed elementor-section-height-default elementor-section-height-default\" data-id=\"adbbfd1\" data-element_type=\"section\">\n\t\t\t\t\t\t<div class=\"elementor-container elementor-column-gap-default\">\n\t\t\t\t\t<div class=\"elementor-column elementor-col-100 elementor-top-column elementor-element elementor-element-74093ec\" data-id=\"74093ec\" data-element_type=\"column\">\n\t\t\t<div class=\"elementor-widget-wrap elementor-element-populated\">\n\t\t\t\t\t\t<div class=\"elementor-element elementor-element-6adf61d elementor-widget elementor-widget-text-editor\" data-id=\"6adf61d\" data-element_type=\"widget\" data-widget_type=\"text-editor.default\">\n\t\t\t\t<div class=\"elementor-widget-container\">\n\t\t\t\t\t\t\t<p><strong>\u015arodowiskowy Dom Samopomocy w Kwietniewie<\/strong> nr 48, gmina Rychliki poszukuje <strong>PSYCHOLOGA<\/strong> &#8211; w za\u0142\u0105czeniu oferta pracy, kt\u00f3ra jest r\u00f3wnie\u017c na stronie PUP w Elbl\u0105gu.<\/p><p>Dom jest prowadzony przez Elbl\u0105skie Stowarzyszenie Organizator\u00f3w Pomocy Spo\u0142ecznej &#8211; w za\u0142\u0105czeniu ulotka Stowarzyszenia.<\/p>\t\t\t\t\t\t<\/div>\n\t\t\t\t<\/div>\n\t\t\t\t\t<\/div>\n\t\t<\/div>\n\t\t\t\t\t<\/div>\n\t\t<\/section>\n\t\t\t\t<section class=\"elementor-section elementor-top-section elementor-element elementor-element-b33984e elementor-section-boxed elementor-section-height-default elementor-section-height-default\" data-id=\"b33984e\" data-element_type=\"section\">\n\t\t\t\t\t\t<div class=\"elementor-container elementor-column-gap-default\">\n\t\t\t\t\t<div class=\"elementor-column elementor-col-100 elementor-top-column elementor-element elementor-element-24174cf\" data-id=\"24174cf\" data-element_type=\"column\">\n\t\t\t<div class=\"elementor-widget-wrap elementor-element-populated\">\n\t\t\t\t\t\t<div class=\"elementor-element elementor-element-9d0573a elementor-align-center elementor-widget elementor-widget-button\" data-id=\"9d0573a\" data-element_type=\"widget\" data-widget_type=\"button.default\">\n\t\t\t\t<div class=\"elementor-widget-container\">\n\t\t\t\t\t<div class=\"elementor-button-wrapper\">\n\t\t\t<a class=\"elementor-button elementor-button-link elementor-size-sm\" href=\"https:\/\/oferty.praca.gov.pl\/portal\/index.cbop#\/szczegolyOferty?fe0837ef96a1f262dc72b1eabe8da115\" target=\"_blank\">\n\t\t\t\t\t\t<span class=\"elementor-button-content-wrapper\">\n\t\t\t\t\t\t\t\t\t<span class=\"elementor-button-text\">Oferta w PUP<\/span>\n\t\t\t\t\t<\/span>\n\t\t\t\t\t<\/a>\n\t\t<\/div>\n\t\t\t\t<\/div>\n\t\t\t\t<\/div>\n\t\t\t\t\t<\/div>\n\t\t<\/div>\n\t\t\t\t\t<\/div>\n\t\t<\/section>\n\t\t\t\t<section class=\"elementor-section elementor-top-section elementor-element elementor-element-acc33ff elementor-section-boxed elementor-section-height-default elementor-section-height-default\" data-id=\"acc33ff\" data-element_type=\"section\">\n\t\t\t\t\t\t<div class=\"elementor-container elementor-column-gap-default\">\n\t\t\t\t\t<div class=\"elementor-column elementor-col-100 elementor-top-column elementor-element elementor-element-fbe7b1e\" data-id=\"fbe7b1e\" data-element_type=\"column\">\n\t\t\t<div class=\"elementor-widget-wrap elementor-element-populated\">\n\t\t\t\t\t\t<div class=\"elementor-element elementor-element-e33167b elementor-widget-divider--view-line elementor-widget elementor-widget-divider\" data-id=\"e33167b\" data-element_type=\"widget\" data-widget_type=\"divider.default\">\n\t\t\t\t<div class=\"elementor-widget-container\">\n\t\t\t\t\t<div class=\"elementor-divider\">\n\t\t\t<span class=\"elementor-divider-separator\">\n\t\t\t\t\t\t<\/span>\n\t\t<\/div>\n\t\t\t\t<\/div>\n\t\t\t\t<\/div>\n\t\t\t\t\t<\/div>\n\t\t<\/div>\n\t\t\t\t\t<\/div>\n\t\t<\/section>\n\t\t\t\t<section class=\"elementor-section elementor-top-section elementor-element elementor-element-8782a3b elementor-section-boxed elementor-section-height-default elementor-section-height-default\" data-id=\"8782a3b\" data-element_type=\"section\">\n\t\t\t\t\t\t<div class=\"elementor-container elementor-column-gap-default\">\n\t\t\t\t\t<div class=\"elementor-column elementor-col-50 elementor-top-column elementor-element elementor-element-2f73556\" data-id=\"2f73556\" data-element_type=\"column\">\n\t\t\t<div class=\"elementor-widget-wrap elementor-element-populated\">\n\t\t\t\t\t\t<div class=\"elementor-element elementor-element-96e90b1 elementor-align-center elementor-widget elementor-widget-button\" data-id=\"96e90b1\" data-element_type=\"widget\" data-widget_type=\"button.default\">\n\t\t\t\t<div class=\"elementor-widget-container\">\n\t\t\t\t\t<div class=\"elementor-button-wrapper\">\n\t\t\t<a class=\"elementor-button elementor-button-link elementor-size-sm\" href=\"https:\/\/amisns.edu.pl\/wp-content\/uploads\/psycholog_05_2024.pdf\" target=\"_blank\">\n\t\t\t\t\t\t<span class=\"elementor-button-content-wrapper\">\n\t\t\t\t\t\t\t\t\t<span class=\"elementor-button-text\">Oferta Pracy<\/span>\n\t\t\t\t\t<\/span>\n\t\t\t\t\t<\/a>\n\t\t<\/div>\n\t\t\t\t<\/div>\n\t\t\t\t<\/div>\n\t\t\t\t\t<\/div>\n\t\t<\/div>\n\t\t\t\t<div class=\"elementor-column elementor-col-50 elementor-top-column elementor-element elementor-element-620de6e\" data-id=\"620de6e\" data-element_type=\"column\">\n\t\t\t<div class=\"elementor-widget-wrap elementor-element-populated\">\n\t\t\t\t\t\t<div class=\"elementor-element elementor-element-98c2f69 elementor-align-center elementor-widget elementor-widget-button\" data-id=\"98c2f69\" data-element_type=\"widget\" data-widget_type=\"button.default\">\n\t\t\t\t<div class=\"elementor-widget-container\">\n\t\t\t\t\t<div class=\"elementor-button-wrapper\">\n\t\t\t<a class=\"elementor-button elementor-button-link elementor-size-sm\" href=\"https:\/\/amisns.edu.pl\/wp-content\/uploads\/ulotka_stowarzyszenie-1.pdf\">\n\t\t\t\t\t\t<span class=\"elementor-button-content-wrapper\">\n\t\t\t\t\t\t\t\t\t<span class=\"elementor-button-text\">Ulotka Stowarzyszenia<\/span>\n\t\t\t\t\t<\/span>\n\t\t\t\t\t<\/a>\n\t\t<\/div>\n\t\t\t\t<\/div>\n\t\t\t\t<\/div>\n\t\t\t\t\t<\/div>\n\t\t<\/div>\n\t\t\t\t\t<\/div>\n\t\t<\/section>\n\t\t\t\t<\/div>\n\t\t","protected":false},"excerpt":{"rendered":"<p>\u015arodowiskowy Dom Samopomocy w Kwietniewie nr 48, gmina Rychliki poszukuje PSYCHOLOGA &#8211; w za\u0142\u0105czeniu oferta pracy, kt\u00f3ra jest r\u00f3wnie\u017c na stronie PUP w Elbl\u0105gu. Dom jest prowadzony przez Elbl\u0105skie Stowarzyszenie Organizator\u00f3w Pomocy Spo\u0142ecznej &#8211; w za\u0142\u0105czeniu ulotka Stowarzyszenia. Oferta w PUP Oferta Pracy Ulotka Stowarzyszenia<\/p>\n","protected":false},"author":2,"featured_media":21501,"comment_status":"closed","ping_status":"closed","sticky":false,"template":"elementor_header_footer","format":"standard","meta":{"ocean_post_layout":"","ocean_both_sidebars_style":"","ocean_both_sidebars_content_width":0,"ocean_both_sidebars_sidebars_width":0,"ocean_sidebar":"","ocean_second_sidebar":"","ocean_disable_margins":"enable","ocean_add_body_class":"","ocean_shortcode_before_top_bar":"","ocean_shortcode_after_top_bar":"","ocean_shortcode_before_header":"","ocean_shortcode_after_header":"","ocean_has_shortcode":"","ocean_shortcode_after_title":"","ocean_shortcode_before_footer_widgets":"","ocean_shortcode_after_footer_widgets":"","ocean_shortcode_before_footer_bottom":"","ocean_shortcode_after_footer_bottom":"","ocean_display_top_bar":"default","ocean_display_header":"default","ocean_header_style":"","ocean_center_header_left_menu":"","ocean_custom_header_template":"","ocean_custom_logo":0,"ocean_custom_retina_logo":0,"ocean_custom_logo_max_width":0,"ocean_custom_logo_tablet_max_width":0,"ocean_custom_logo_mobile_max_width":0,"ocean_custom_logo_max_height":0,"ocean_custom_logo_tablet_max_height":0,"ocean_custom_logo_mobile_max_height":0,"ocean_header_custom_menu":"","ocean_menu_typo_font_family":"","ocean_menu_typo_font_subset":"","ocean_menu_typo_font_size":0,"ocean_menu_typo_font_size_tablet":0,"ocean_menu_typo_font_size_mobile":0,"ocean_menu_typo_font_size_unit":"px","ocean_menu_typo_font_weight":"","ocean_menu_typo_font_weight_tablet":"","ocean_menu_typo_font_weight_mobile":"","ocean_menu_typo_transform":"","ocean_menu_typo_transform_tablet":"","ocean_menu_typo_transform_mobile":"","ocean_menu_typo_line_height":0,"ocean_menu_typo_line_height_tablet":0,"ocean_menu_typo_line_height_mobile":0,"ocean_menu_typo_line_height_unit":"","ocean_menu_typo_spacing":0,"ocean_menu_typo_spacing_tablet":0,"ocean_menu_typo_spacing_mobile":0,"ocean_menu_typo_spacing_unit":"","ocean_menu_link_color":"","ocean_menu_link_color_hover":"","ocean_menu_link_color_active":"","ocean_menu_link_background":"","ocean_menu_link_hover_background":"","ocean_menu_link_active_background":"","ocean_menu_social_links_bg":"","ocean_menu_social_hover_links_bg":"","ocean_menu_social_links_color":"","ocean_menu_social_hover_links_color":"","ocean_disable_title":"default","ocean_disable_heading":"default","ocean_post_title":"","ocean_post_subheading":"","ocean_post_title_style":"","ocean_post_title_background_color":"","ocean_post_title_background":0,"ocean_post_title_bg_image_position":"","ocean_post_title_bg_image_attachment":"","ocean_post_title_bg_image_repeat":"","ocean_post_title_bg_image_size":"","ocean_post_title_height":0,"ocean_post_title_bg_overlay":0.5,"ocean_post_title_bg_overlay_color":"","ocean_disable_breadcrumbs":"default","ocean_breadcrumbs_color":"","ocean_breadcrumbs_separator_color":"","ocean_breadcrumbs_links_color":"","ocean_breadcrumbs_links_hover_color":"","ocean_display_footer_widgets":"default","ocean_display_footer_bottom":"default","ocean_custom_footer_template":"","ocean_post_oembed":"","ocean_post_self_hosted_media":"","ocean_post_video_embed":"","ocean_link_format":"","ocean_link_format_target":"self","ocean_quote_format":"","ocean_quote_format_link":"post","ocean_gallery_link_images":"on","ocean_gallery_id":[],"footnotes":""},"categories":[29,35,24,1],"tags":[],"class_list":["post-21502","post","type-post","status-publish","format-standard","has-post-thumbnail","hentry","category-aktualnosci-biuro-karier","category-aktualnosci-wains","category-ogloszenia-dla-studentow-psychologii","category-uncategorized","entry","has-media"],"yoast_head":"<!-- This site is optimized with the Yoast SEO plugin v23.7 - https:\/\/yoast.com\/wordpress\/plugins\/seo\/ -->\n<title>\u015arodowiskowy Dom Samopomocy w Kwietniewie nr 48, gmina Rychliki poszukuje PSYCHOLOGA - AMISNS<\/title>\n<meta name=\"robots\" content=\"noindex, follow, max-snippet:-1, max-image-preview:large, max-video-preview:-1\" \/>\n<meta property=\"og:locale\" content=\"pl_PL\" \/>\n<meta property=\"og:type\" content=\"article\" \/>\n<meta property=\"og:title\" content=\"\u015arodowiskowy Dom Samopomocy w Kwietniewie nr 48, gmina Rychliki poszukuje PSYCHOLOGA - AMISNS\" \/>\n<meta property=\"og:description\" content=\"\u015arodowiskowy Dom Samopomocy w Kwietniewie nr 48, gmina Rychliki poszukuje PSYCHOLOGA &#8211; w za\u0142\u0105czeniu oferta pracy, kt\u00f3ra jest r\u00f3wnie\u017c na stronie PUP w Elbl\u0105gu. Dom jest prowadzony przez Elbl\u0105skie Stowarzyszenie Organizator\u00f3w Pomocy Spo\u0142ecznej &#8211; w za\u0142\u0105czeniu ulotka Stowarzyszenia. Oferta w PUP Oferta Pracy Ulotka Stowarzyszenia\" \/>\n<meta property=\"og:url\" content=\"https:\/\/amisns.edu.pl\/stara-wersja\/srodowiskowy-dom-samopomocy-w-kwietniewie-nr-48-gmina-rychliki-poszukuje-psychologa-2\/\" \/>\n<meta property=\"og:site_name\" content=\"AMISNS\" \/>\n<meta property=\"article:publisher\" content=\"https:\/\/www.facebook.com\/AMiSNSElblag\" \/>\n<meta property=\"article:published_time\" content=\"2024-05-23T11:10:32+00:00\" \/>\n<meta property=\"article:modified_time\" content=\"2024-06-14T11:15:55+00:00\" \/>\n<meta property=\"og:image\" content=\"https:\/\/amisns.edu.pl\/stara-wersja\/wp-content\/uploads\/Cream-Black-Minimalist-Fair-Job-Facebook-Post-1.png\" \/>\n\t<meta property=\"og:image:width\" content=\"940\" \/>\n\t<meta property=\"og:image:height\" content=\"788\" \/>\n\t<meta property=\"og:image:type\" content=\"image\/png\" \/>\n<meta name=\"author\" content=\"Biuro promocji\" \/>\n<meta name=\"twitter:card\" content=\"summary_large_image\" \/>\n<meta name=\"twitter:label1\" content=\"Napisane przez\" \/>\n\t<meta name=\"twitter:data1\" content=\"Biuro promocji\" \/>\n\t<meta name=\"twitter:label2\" content=\"Szacowany czas czytania\" \/>\n\t<meta name=\"twitter:data2\" content=\"1 minuta\" \/>\n<script type=\"application\/ld+json\" class=\"yoast-schema-graph\">{\"@context\":\"https:\/\/schema.org\",\"@graph\":[{\"@type\":\"Article\",\"@id\":\"https:\/\/amisns.edu.pl\/stara-wersja\/srodowiskowy-dom-samopomocy-w-kwietniewie-nr-48-gmina-rychliki-poszukuje-psychologa-2\/#article\",\"isPartOf\":{\"@id\":\"https:\/\/amisns.edu.pl\/stara-wersja\/srodowiskowy-dom-samopomocy-w-kwietniewie-nr-48-gmina-rychliki-poszukuje-psychologa-2\/\"},\"author\":{\"name\":\"Biuro promocji\",\"@id\":\"https:\/\/amisns.edu.pl\/stara-wersja\/stara-wersja\/#\/schema\/person\/4868ddcf0f0d3f8b0c675e45540fd350\"},\"headline\":\"\u015arodowiskowy Dom Samopomocy w Kwietniewie nr 48, gmina Rychliki poszukuje PSYCHOLOGA\",\"datePublished\":\"2024-05-23T11:10:32+00:00\",\"dateModified\":\"2024-06-14T11:15:55+00:00\",\"mainEntityOfPage\":{\"@id\":\"https:\/\/amisns.edu.pl\/stara-wersja\/srodowiskowy-dom-samopomocy-w-kwietniewie-nr-48-gmina-rychliki-poszukuje-psychologa-2\/\"},\"wordCount\":62,\"publisher\":{\"@id\":\"https:\/\/amisns.edu.pl\/stara-wersja\/stara-wersja\/#organization\"},\"image\":{\"@id\":\"https:\/\/amisns.edu.pl\/stara-wersja\/srodowiskowy-dom-samopomocy-w-kwietniewie-nr-48-gmina-rychliki-poszukuje-psychologa-2\/#primaryimage\"},\"thumbnailUrl\":\"https:\/\/amisns.edu.pl\/stara-wersja\/wp-content\/uploads\/Cream-Black-Minimalist-Fair-Job-Facebook-Post-1.png\",\"articleSection\":[\"Aktualno\u015bci Biuro karier\",\"Aktualno\u015bci WAINS\",\"Og\u0142oszenia dla student\u00f3w Psychologii\",\"Uncategorized\"],\"inLanguage\":\"pl-PL\"},{\"@type\":\"WebPage\",\"@id\":\"https:\/\/amisns.edu.pl\/stara-wersja\/srodowiskowy-dom-samopomocy-w-kwietniewie-nr-48-gmina-rychliki-poszukuje-psychologa-2\/\",\"url\":\"https:\/\/amisns.edu.pl\/stara-wersja\/srodowiskowy-dom-samopomocy-w-kwietniewie-nr-48-gmina-rychliki-poszukuje-psychologa-2\/\",\"name\":\"\u015arodowiskowy Dom Samopomocy w Kwietniewie nr 48, gmina Rychliki poszukuje PSYCHOLOGA - AMISNS\",\"isPartOf\":{\"@id\":\"https:\/\/amisns.edu.pl\/stara-wersja\/stara-wersja\/#website\"},\"primaryImageOfPage\":{\"@id\":\"https:\/\/amisns.edu.pl\/stara-wersja\/srodowiskowy-dom-samopomocy-w-kwietniewie-nr-48-gmina-rychliki-poszukuje-psychologa-2\/#primaryimage\"},\"image\":{\"@id\":\"https:\/\/amisns.edu.pl\/stara-wersja\/srodowiskowy-dom-samopomocy-w-kwietniewie-nr-48-gmina-rychliki-poszukuje-psychologa-2\/#primaryimage\"},\"thumbnailUrl\":\"https:\/\/amisns.edu.pl\/stara-wersja\/wp-content\/uploads\/Cream-Black-Minimalist-Fair-Job-Facebook-Post-1.png\",\"datePublished\":\"2024-05-23T11:10:32+00:00\",\"dateModified\":\"2024-06-14T11:15:55+00:00\",\"breadcrumb\":{\"@id\":\"https:\/\/amisns.edu.pl\/stara-wersja\/srodowiskowy-dom-samopomocy-w-kwietniewie-nr-48-gmina-rychliki-poszukuje-psychologa-2\/#breadcrumb\"},\"inLanguage\":\"pl-PL\",\"potentialAction\":[{\"@type\":\"ReadAction\",\"target\":[\"https:\/\/amisns.edu.pl\/stara-wersja\/srodowiskowy-dom-samopomocy-w-kwietniewie-nr-48-gmina-rychliki-poszukuje-psychologa-2\/\"]}]},{\"@type\":\"ImageObject\",\"inLanguage\":\"pl-PL\",\"@id\":\"https:\/\/amisns.edu.pl\/stara-wersja\/srodowiskowy-dom-samopomocy-w-kwietniewie-nr-48-gmina-rychliki-poszukuje-psychologa-2\/#primaryimage\",\"url\":\"https:\/\/amisns.edu.pl\/stara-wersja\/wp-content\/uploads\/Cream-Black-Minimalist-Fair-Job-Facebook-Post-1.png\",\"contentUrl\":\"https:\/\/amisns.edu.pl\/stara-wersja\/wp-content\/uploads\/Cream-Black-Minimalist-Fair-Job-Facebook-Post-1.png\",\"width\":940,\"height\":788},{\"@type\":\"BreadcrumbList\",\"@id\":\"https:\/\/amisns.edu.pl\/stara-wersja\/srodowiskowy-dom-samopomocy-w-kwietniewie-nr-48-gmina-rychliki-poszukuje-psychologa-2\/#breadcrumb\",\"itemListElement\":[{\"@type\":\"ListItem\",\"position\":1,\"name\":\"Strona g\u0142\u00f3wna\",\"item\":\"https:\/\/amisns.edu.pl\/stara-wersja\/\"},{\"@type\":\"ListItem\",\"position\":2,\"name\":\"\u015arodowiskowy Dom Samopomocy w Kwietniewie nr 48, gmina Rychliki poszukuje PSYCHOLOGA\"}]},{\"@type\":\"WebSite\",\"@id\":\"https:\/\/amisns.edu.pl\/stara-wersja\/stara-wersja\/#website\",\"url\":\"https:\/\/amisns.edu.pl\/stara-wersja\/stara-wersja\/\",\"name\":\"AMISNS\",\"description\":\"Akademia Medycznych i Spo\u0142ecznych nauk stosowanych\",\"publisher\":{\"@id\":\"https:\/\/amisns.edu.pl\/stara-wersja\/stara-wersja\/#organization\"},\"potentialAction\":[{\"@type\":\"SearchAction\",\"target\":{\"@type\":\"EntryPoint\",\"urlTemplate\":\"https:\/\/amisns.edu.pl\/stara-wersja\/stara-wersja\/?s={search_term_string}\"},\"query-input\":{\"@type\":\"PropertyValueSpecification\",\"valueRequired\":true,\"valueName\":\"search_term_string\"}}],\"inLanguage\":\"pl-PL\"},{\"@type\":\"Organization\",\"@id\":\"https:\/\/amisns.edu.pl\/stara-wersja\/stara-wersja\/#organization\",\"name\":\"AMISNS\",\"url\":\"https:\/\/amisns.edu.pl\/stara-wersja\/stara-wersja\/\",\"logo\":{\"@type\":\"ImageObject\",\"inLanguage\":\"pl-PL\",\"@id\":\"https:\/\/amisns.edu.pl\/stara-wersja\/stara-wersja\/#\/schema\/logo\/image\/\",\"url\":\"https:\/\/amisns.edu.pl\/stara-wersja\/wp-content\/uploads\/2022\/12\/Znak-AMiSNS-na-strone-www-4k.png\",\"contentUrl\":\"https:\/\/amisns.edu.pl\/stara-wersja\/wp-content\/uploads\/2022\/12\/Znak-AMiSNS-na-strone-www-4k.png\",\"width\":1920,\"height\":523,\"caption\":\"AMISNS\"},\"image\":{\"@id\":\"https:\/\/amisns.edu.pl\/stara-wersja\/stara-wersja\/#\/schema\/logo\/image\/\"},\"sameAs\":[\"https:\/\/www.facebook.com\/AMiSNSElblag\"]},{\"@type\":\"Person\",\"@id\":\"https:\/\/amisns.edu.pl\/stara-wersja\/stara-wersja\/#\/schema\/person\/4868ddcf0f0d3f8b0c675e45540fd350\",\"name\":\"Biuro promocji\",\"image\":{\"@type\":\"ImageObject\",\"inLanguage\":\"pl-PL\",\"@id\":\"https:\/\/amisns.edu.pl\/stara-wersja\/stara-wersja\/#\/schema\/person\/image\/\",\"url\":\"https:\/\/secure.gravatar.com\/avatar\/ba1c61f2c67d3536a6e469d64619f0d0?s=96&d=mm&r=g\",\"contentUrl\":\"https:\/\/secure.gravatar.com\/avatar\/ba1c61f2c67d3536a6e469d64619f0d0?s=96&d=mm&r=g\",\"caption\":\"Biuro promocji\"},\"url\":\"https:\/\/amisns.edu.pl\/stara-wersja\/author\/biuro-promocji\/\"}]}<\/script>\n<!-- \/ Yoast SEO plugin. -->","yoast_head_json":{"title":"\u015arodowiskowy Dom Samopomocy w Kwietniewie nr 48, gmina Rychliki poszukuje PSYCHOLOGA - AMISNS","robots":{"index":"noindex","follow":"follow","max-snippet":"max-snippet:-1","max-image-preview":"max-image-preview:large","max-video-preview":"max-video-preview:-1"},"og_locale":"pl_PL","og_type":"article","og_title":"\u015arodowiskowy Dom Samopomocy w Kwietniewie nr 48, gmina Rychliki poszukuje PSYCHOLOGA - AMISNS","og_description":"\u015arodowiskowy Dom Samopomocy w Kwietniewie nr 48, gmina Rychliki poszukuje PSYCHOLOGA &#8211; w za\u0142\u0105czeniu oferta pracy, kt\u00f3ra jest r\u00f3wnie\u017c na stronie PUP w Elbl\u0105gu. Dom jest prowadzony przez Elbl\u0105skie Stowarzyszenie Organizator\u00f3w Pomocy Spo\u0142ecznej &#8211; w za\u0142\u0105czeniu ulotka Stowarzyszenia. Oferta w PUP Oferta Pracy Ulotka Stowarzyszenia","og_url":"https:\/\/amisns.edu.pl\/stara-wersja\/srodowiskowy-dom-samopomocy-w-kwietniewie-nr-48-gmina-rychliki-poszukuje-psychologa-2\/","og_site_name":"AMISNS","article_publisher":"https:\/\/www.facebook.com\/AMiSNSElblag","article_published_time":"2024-05-23T11:10:32+00:00","article_modified_time":"2024-06-14T11:15:55+00:00","og_image":[{"width":940,"height":788,"url":"https:\/\/amisns.edu.pl\/stara-wersja\/wp-content\/uploads\/Cream-Black-Minimalist-Fair-Job-Facebook-Post-1.png","type":"image\/png"}],"author":"Biuro promocji","twitter_card":"summary_large_image","twitter_misc":{"Napisane przez":"Biuro promocji","Szacowany czas czytania":"1 minuta"},"schema":{"@context":"https:\/\/schema.org","@graph":[{"@type":"Article","@id":"https:\/\/amisns.edu.pl\/stara-wersja\/srodowiskowy-dom-samopomocy-w-kwietniewie-nr-48-gmina-rychliki-poszukuje-psychologa-2\/#article","isPartOf":{"@id":"https:\/\/amisns.edu.pl\/stara-wersja\/srodowiskowy-dom-samopomocy-w-kwietniewie-nr-48-gmina-rychliki-poszukuje-psychologa-2\/"},"author":{"name":"Biuro promocji","@id":"https:\/\/amisns.edu.pl\/stara-wersja\/stara-wersja\/#\/schema\/person\/4868ddcf0f0d3f8b0c675e45540fd350"},"headline":"\u015arodowiskowy Dom Samopomocy w Kwietniewie nr 48, gmina Rychliki poszukuje PSYCHOLOGA","datePublished":"2024-05-23T11:10:32+00:00","dateModified":"2024-06-14T11:15:55+00:00","mainEntityOfPage":{"@id":"https:\/\/amisns.edu.pl\/stara-wersja\/srodowiskowy-dom-samopomocy-w-kwietniewie-nr-48-gmina-rychliki-poszukuje-psychologa-2\/"},"wordCount":62,"publisher":{"@id":"https:\/\/amisns.edu.pl\/stara-wersja\/stara-wersja\/#organization"},"image":{"@id":"https:\/\/amisns.edu.pl\/stara-wersja\/srodowiskowy-dom-samopomocy-w-kwietniewie-nr-48-gmina-rychliki-poszukuje-psychologa-2\/#primaryimage"},"thumbnailUrl":"https:\/\/amisns.edu.pl\/stara-wersja\/wp-content\/uploads\/Cream-Black-Minimalist-Fair-Job-Facebook-Post-1.png","articleSection":["Aktualno\u015bci Biuro karier","Aktualno\u015bci WAINS","Og\u0142oszenia dla student\u00f3w Psychologii","Uncategorized"],"inLanguage":"pl-PL"},{"@type":"WebPage","@id":"https:\/\/amisns.edu.pl\/stara-wersja\/srodowiskowy-dom-samopomocy-w-kwietniewie-nr-48-gmina-rychliki-poszukuje-psychologa-2\/","url":"https:\/\/amisns.edu.pl\/stara-wersja\/srodowiskowy-dom-samopomocy-w-kwietniewie-nr-48-gmina-rychliki-poszukuje-psychologa-2\/","name":"\u015arodowiskowy Dom Samopomocy w Kwietniewie nr 48, gmina Rychliki poszukuje PSYCHOLOGA - AMISNS","isPartOf":{"@id":"https:\/\/amisns.edu.pl\/stara-wersja\/stara-wersja\/#website"},"primaryImageOfPage":{"@id":"https:\/\/amisns.edu.pl\/stara-wersja\/srodowiskowy-dom-samopomocy-w-kwietniewie-nr-48-gmina-rychliki-poszukuje-psychologa-2\/#primaryimage"},"image":{"@id":"https:\/\/amisns.edu.pl\/stara-wersja\/srodowiskowy-dom-samopomocy-w-kwietniewie-nr-48-gmina-rychliki-poszukuje-psychologa-2\/#primaryimage"},"thumbnailUrl":"https:\/\/amisns.edu.pl\/stara-wersja\/wp-content\/uploads\/Cream-Black-Minimalist-Fair-Job-Facebook-Post-1.png","datePublished":"2024-05-23T11:10:32+00:00","dateModified":"2024-06-14T11:15:55+00:00","breadcrumb":{"@id":"https:\/\/amisns.edu.pl\/stara-wersja\/srodowiskowy-dom-samopomocy-w-kwietniewie-nr-48-gmina-rychliki-poszukuje-psychologa-2\/#breadcrumb"},"inLanguage":"pl-PL","potentialAction":[{"@type":"ReadAction","target":["https:\/\/amisns.edu.pl\/stara-wersja\/srodowiskowy-dom-samopomocy-w-kwietniewie-nr-48-gmina-rychliki-poszukuje-psychologa-2\/"]}]},{"@type":"ImageObject","inLanguage":"pl-PL","@id":"https:\/\/amisns.edu.pl\/stara-wersja\/srodowiskowy-dom-samopomocy-w-kwietniewie-nr-48-gmina-rychliki-poszukuje-psychologa-2\/#primaryimage","url":"https:\/\/amisns.edu.pl\/stara-wersja\/wp-content\/uploads\/Cream-Black-Minimalist-Fair-Job-Facebook-Post-1.png","contentUrl":"https:\/\/amisns.edu.pl\/stara-wersja\/wp-content\/uploads\/Cream-Black-Minimalist-Fair-Job-Facebook-Post-1.png","width":940,"height":788},{"@type":"BreadcrumbList","@id":"https:\/\/amisns.edu.pl\/stara-wersja\/srodowiskowy-dom-samopomocy-w-kwietniewie-nr-48-gmina-rychliki-poszukuje-psychologa-2\/#breadcrumb","itemListElement":[{"@type":"ListItem","position":1,"name":"Strona g\u0142\u00f3wna","item":"https:\/\/amisns.edu.pl\/stara-wersja\/"},{"@type":"ListItem","position":2,"name":"\u015arodowiskowy Dom Samopomocy w Kwietniewie nr 48, gmina Rychliki poszukuje PSYCHOLOGA"}]},{"@type":"WebSite","@id":"https:\/\/amisns.edu.pl\/stara-wersja\/stara-wersja\/#website","url":"https:\/\/amisns.edu.pl\/stara-wersja\/stara-wersja\/","name":"AMISNS","description":"Akademia Medycznych i Spo\u0142ecznych nauk stosowanych","publisher":{"@id":"https:\/\/amisns.edu.pl\/stara-wersja\/stara-wersja\/#organization"},"potentialAction":[{"@type":"SearchAction","target":{"@type":"EntryPoint","urlTemplate":"https:\/\/amisns.edu.pl\/stara-wersja\/stara-wersja\/?s={search_term_string}"},"query-input":{"@type":"PropertyValueSpecification","valueRequired":true,"valueName":"search_term_string"}}],"inLanguage":"pl-PL"},{"@type":"Organization","@id":"https:\/\/amisns.edu.pl\/stara-wersja\/stara-wersja\/#organization","name":"AMISNS","url":"https:\/\/amisns.edu.pl\/stara-wersja\/stara-wersja\/","logo":{"@type":"ImageObject","inLanguage":"pl-PL","@id":"https:\/\/amisns.edu.pl\/stara-wersja\/stara-wersja\/#\/schema\/logo\/image\/","url":"https:\/\/amisns.edu.pl\/stara-wersja\/wp-content\/uploads\/2022\/12\/Znak-AMiSNS-na-strone-www-4k.png","contentUrl":"https:\/\/amisns.edu.pl\/stara-wersja\/wp-content\/uploads\/2022\/12\/Znak-AMiSNS-na-strone-www-4k.png","width":1920,"height":523,"caption":"AMISNS"},"image":{"@id":"https:\/\/amisns.edu.pl\/stara-wersja\/stara-wersja\/#\/schema\/logo\/image\/"},"sameAs":["https:\/\/www.facebook.com\/AMiSNSElblag"]},{"@type":"Person","@id":"https:\/\/amisns.edu.pl\/stara-wersja\/stara-wersja\/#\/schema\/person\/4868ddcf0f0d3f8b0c675e45540fd350","name":"Biuro promocji","image":{"@type":"ImageObject","inLanguage":"pl-PL","@id":"https:\/\/amisns.edu.pl\/stara-wersja\/stara-wersja\/#\/schema\/person\/image\/","url":"https:\/\/secure.gravatar.com\/avatar\/ba1c61f2c67d3536a6e469d64619f0d0?s=96&d=mm&r=g","contentUrl":"https:\/\/secure.gravatar.com\/avatar\/ba1c61f2c67d3536a6e469d64619f0d0?s=96&d=mm&r=g","caption":"Biuro promocji"},"url":"https:\/\/amisns.edu.pl\/stara-wersja\/author\/biuro-promocji\/"}]}},"_links":{"self":[{"href":"https:\/\/amisns.edu.pl\/stara-wersja\/wp-json\/wp\/v2\/posts\/21502"}],"collection":[{"href":"https:\/\/amisns.edu.pl\/stara-wersja\/wp-json\/wp\/v2\/posts"}],"about":[{"href":"https:\/\/amisns.edu.pl\/stara-wersja\/wp-json\/wp\/v2\/types\/post"}],"author":[{"embeddable":true,"href":"https:\/\/amisns.edu.pl\/stara-wersja\/wp-json\/wp\/v2\/users\/2"}],"replies":[{"embeddable":true,"href":"https:\/\/amisns.edu.pl\/stara-wersja\/wp-json\/wp\/v2\/comments?post=21502"}],"version-history":[{"count":11,"href":"https:\/\/amisns.edu.pl\/stara-wersja\/wp-json\/wp\/v2\/posts\/21502\/revisions"}],"predecessor-version":[{"id":22451,"href":"https:\/\/amisns.edu.pl\/stara-wersja\/wp-json\/wp\/v2\/posts\/21502\/revisions\/22451"}],"wp:featuredmedia":[{"embeddable":true,"href":"https:\/\/amisns.edu.pl\/stara-wersja\/wp-json\/wp\/v2\/media\/21501"}],"wp:attachment":[{"href":"https:\/\/amisns.edu.pl\/stara-wersja\/wp-json\/wp\/v2\/media?parent=21502"}],"wp:term":[{"taxonomy":"category","embeddable":true,"href":"https:\/\/amisns.edu.pl\/stara-wersja\/wp-json\/wp\/v2\/categories?post=21502"},{"taxonomy":"post_tag","embeddable":true,"href":"https:\/\/amisns.edu.pl\/stara-wersja\/wp-json\/wp\/v2\/tags?post=21502"}],"curies":[{"name":"wp","href":"https:\/\/api.w.org\/{rel}","templated":true}]}}