{"id":22109,"date":"2024-06-07T14:28:03","date_gmt":"2024-06-07T13:28:03","guid":{"rendered":"https:\/\/amisns.edu.pl\/?p=22109"},"modified":"2024-06-07T14:32:37","modified_gmt":"2024-06-07T13:32:37","slug":"nadbaltyckie-centrum-rehabilitacji-poszukuje-fizjoterapeuty","status":"publish","type":"post","link":"https:\/\/amisns.edu.pl\/stara-wersja\/nadbaltyckie-centrum-rehabilitacji-poszukuje-fizjoterapeuty\/","title":{"rendered":"Nadba\u0142tyckie Centrum Rehabilitacji poszukuje Fizjoterapeuty"},"content":{"rendered":"\t\t<div data-elementor-type=\"wp-post\" data-elementor-id=\"22109\" class=\"elementor elementor-22109\" data-elementor-post-type=\"post\">\n\t\t\t\t\t\t<section class=\"elementor-section elementor-top-section elementor-element elementor-element-76c8c4c elementor-section-boxed elementor-section-height-default elementor-section-height-default\" data-id=\"76c8c4c\" data-element_type=\"section\">\n\t\t\t\t\t\t<div class=\"elementor-container elementor-column-gap-default\">\n\t\t\t\t\t<div class=\"elementor-column elementor-col-100 elementor-top-column elementor-element elementor-element-b5e292f\" data-id=\"b5e292f\" data-element_type=\"column\">\n\t\t\t<div class=\"elementor-widget-wrap elementor-element-populated\">\n\t\t\t\t\t\t<div class=\"elementor-element elementor-element-c2c2c49 elementor-widget elementor-widget-theme-post-featured-image elementor-widget-image\" data-id=\"c2c2c49\" data-element_type=\"widget\" data-widget_type=\"theme-post-featured-image.default\">\n\t\t\t\t<div class=\"elementor-widget-container\">\n\t\t\t\t\t\t\t\t\t\t\t\t\t<img fetchpriority=\"high\" decoding=\"async\" width=\"768\" height=\"644\" src=\"https:\/\/amisns.edu.pl\/stara-wersja\/wp-content\/uploads\/Cream-Black-Minimalist-Fair-Job-Facebook-Post-768x644.jpg\" class=\"attachment-medium_large size-medium_large wp-image-22108\" alt=\"\" srcset=\"https:\/\/amisns.edu.pl\/stara-wersja\/wp-content\/uploads\/Cream-Black-Minimalist-Fair-Job-Facebook-Post-768x644.jpg 768w, https:\/\/amisns.edu.pl\/stara-wersja\/wp-content\/uploads\/Cream-Black-Minimalist-Fair-Job-Facebook-Post.jpg 940w\" sizes=\"(max-width: 768px) 100vw, 768px\" \/>\t\t\t\t\t\t\t\t\t\t\t\t\t<\/div>\n\t\t\t\t<\/div>\n\t\t\t\t\t<\/div>\n\t\t<\/div>\n\t\t\t\t\t<\/div>\n\t\t<\/section>\n\t\t\t\t<section class=\"elementor-section elementor-top-section elementor-element elementor-element-abbe9da elementor-section-boxed elementor-section-height-default elementor-section-height-default\" data-id=\"abbe9da\" data-element_type=\"section\">\n\t\t\t\t\t\t<div class=\"elementor-container elementor-column-gap-default\">\n\t\t\t\t\t<div class=\"elementor-column elementor-col-100 elementor-top-column elementor-element elementor-element-850b16a\" data-id=\"850b16a\" data-element_type=\"column\">\n\t\t\t<div class=\"elementor-widget-wrap elementor-element-populated\">\n\t\t\t\t\t\t<div class=\"elementor-element elementor-element-d59ecd3 elementor-widget elementor-widget-theme-post-title elementor-page-title elementor-widget-heading\" data-id=\"d59ecd3\" data-element_type=\"widget\" data-widget_type=\"theme-post-title.default\">\n\t\t\t\t<div class=\"elementor-widget-container\">\n\t\t\t<h1 class=\"elementor-heading-title elementor-size-default\">Nadba\u0142tyckie Centrum Rehabilitacji poszukuje Fizjoterapeuty<\/h1>\t\t<\/div>\n\t\t\t\t<\/div>\n\t\t\t\t\t<\/div>\n\t\t<\/div>\n\t\t\t\t\t<\/div>\n\t\t<\/section>\n\t\t\t\t<section class=\"elementor-section elementor-top-section elementor-element elementor-element-06dba8e elementor-section-boxed elementor-section-height-default elementor-section-height-default\" data-id=\"06dba8e\" data-element_type=\"section\">\n\t\t\t\t\t\t<div class=\"elementor-container elementor-column-gap-default\">\n\t\t\t\t\t<div class=\"elementor-column elementor-col-100 elementor-top-column elementor-element elementor-element-12658dd\" data-id=\"12658dd\" data-element_type=\"column\">\n\t\t\t<div class=\"elementor-widget-wrap elementor-element-populated\">\n\t\t\t\t\t\t<div class=\"elementor-element elementor-element-3f4d041 elementor-widget elementor-widget-post-info\" data-id=\"3f4d041\" data-element_type=\"widget\" data-widget_type=\"post-info.default\">\n\t\t\t\t<div class=\"elementor-widget-container\">\n\t\t\t\t\t<ul class=\"elementor-inline-items elementor-icon-list-items elementor-post-info\">\n\t\t\t\t\t\t\t\t<li class=\"elementor-icon-list-item elementor-repeater-item-e96c65c elementor-inline-item\" itemprop=\"datePublished\">\n\t\t\t\t\t\t<a href=\"https:\/\/amisns.edu.pl\/stara-wersja\/2024\/06\/07\/\">\n\t\t\t\t\t\t\t\t\t\t\t<span class=\"elementor-icon-list-icon\">\n\t\t\t\t\t\t\t\t<i aria-hidden=\"true\" class=\"fas fa-calendar\"><\/i>\t\t\t\t\t\t\t<\/span>\n\t\t\t\t\t\t\t\t\t<span class=\"elementor-icon-list-text elementor-post-info__item elementor-post-info__item--type-date\">\n\t\t\t\t\t\t\t\t\t\t<time>7 czerwca, 2024<\/time>\t\t\t\t\t<\/span>\n\t\t\t\t\t\t\t\t\t<\/a>\n\t\t\t\t<\/li>\n\t\t\t\t<\/ul>\n\t\t\t\t<\/div>\n\t\t\t\t<\/div>\n\t\t\t\t\t<\/div>\n\t\t<\/div>\n\t\t\t\t\t<\/div>\n\t\t<\/section>\n\t\t\t\t<section class=\"elementor-section elementor-top-section elementor-element elementor-element-2050ba8 elementor-section-boxed elementor-section-height-default elementor-section-height-default\" data-id=\"2050ba8\" data-element_type=\"section\">\n\t\t\t\t\t\t<div class=\"elementor-container elementor-column-gap-default\">\n\t\t\t\t\t<div class=\"elementor-column elementor-col-100 elementor-top-column elementor-element elementor-element-76e0997\" data-id=\"76e0997\" data-element_type=\"column\">\n\t\t\t<div class=\"elementor-widget-wrap elementor-element-populated\">\n\t\t\t\t\t\t<div class=\"elementor-element elementor-element-0777747 elementor-widget elementor-widget-text-editor\" data-id=\"0777747\" data-element_type=\"widget\" data-widget_type=\"text-editor.default\">\n\t\t\t\t<div class=\"elementor-widget-container\">\n\t\t\t\t\t\t\t<p>Publikujemy tre\u015b\u0107 og\u0142oszenia o prace nades\u0142an\u0105 z Nadba\u0142tyckiego Centrum Rehabilitacji:<\/p><p>&#8222;Szukamy os\u00f3b zaanga\u017cowanych, odpowiedzialnych i ch\u0119tnych do rozwoju w zawodzie fizjoterapeuty. Nasze Centrum prowadzi rehabilitacj\u0119 lecznicz\u0105 w ramach prewencji rentowej ZUS dla pacjent\u00f3w ze schorzeniami narz\u0105du ruchu oraz uk\u0142adu oddechowego<br \/><br \/><strong>Oczekujemy:<\/strong><\/p><p>&#8211; wykszta\u0142cenia kierunkowego: dyplom licencjata lub magistra (mile widziane dodatkowe kursy i szkolenia)<br \/>&#8211; potwierdzonego prawa wykonywania zawodu<br \/>&#8211; wysokiej kultury osobistej<br \/>&#8211; empatii<br \/>&#8211; odpowiedzialno\u015bci i rzetelno\u015bci w wykonywaniu powierzonych obowi\u0105zk\u00f3w<br \/>&#8211; cierpliwo\u015bci i szacunku do pacjenta<br \/>&#8211; umiej\u0119tno\u015b\u0107 pracy w zespole<br \/><br \/><strong>Oferujemy:<\/strong><br \/>&#8211; umow\u0119 zlecenie \/ umow\u0119 o prac\u0119<br \/>&#8211; prac\u0119 w pe\u0142nym wymiarze godzin (8:30-16:05)<br \/>&#8211; sta\u0142e godziny pracy<br \/>&#8211; stabilne wynagrodzenie<br \/>&#8211; mo\u017cliwo\u015b\u0107 odbycia praktyk\/sta\u017cu<br \/>&#8211; mo\u017cliwo\u015b\u0107 finansowania kurs\u00f3w<br \/>&#8211; wynagrodzenie w zale\u017cno\u015bci od poziomu wykszta\u0142cenia ( <strong>5965,38 &#8211; 6473,07 z\u0142 \/brutto<\/strong> )<\/p><p>&#8211; prac\u0119 w du\u017cej i zr\u00f3\u017cnicowanej bazie zabiegowej (elektroterapia, laseroterapia, ciep\u0142olecznictwo, hydroterapia, krioterapia, kriosauna, szeroki wachlarz zaj\u0119\u0107 kinezyterapii) <br \/><br \/><strong>Kontakt:<\/strong><br \/>Osoby zainteresowane prac\u0105 prosimy o wys\u0142anie CV na adres:<\/p><p><br \/><a href=\"mailto:rehabilitacja@alma-centrum.pl\">rehabilitacja@alma-centrum.pl<\/a><\/p><p>lub nr tel. 693 709 539<\/p><p>\u00a0<\/p><p><strong>Prosimy o dodanie klauzuli:<\/strong><\/p><p>Wyra\u017cam zgod\u0119 na przetwarzanie moich danych osobowych w celu rekrutacji zgodnie z art. 6 ust. 1 lit. a Rozporz\u0105dzenia Parlamentu Europejskiego i Rady (UE) 2016\/679 z dnia 27 kwietnia 2016 r. w sprawie ochrony os\u00f3b fizycznych w zwi\u0105zku z przetwarzaniem danych osobowych i w sprawie swobodnego przep\u0142ywu takich danych oraz uchylenia dyrektywy 95\/46\/WE (og\u00f3lne rozporz\u0105dzenie o ochronie danych).&#8221;<\/p><p>Wszystkich zainteresowanych zapraszam do kontaktu.<\/p><p>Doradca Zawodowy\u00a0<\/p><p>mgr Angelika Jeleniewska<\/p><p>\u00a0<\/p>\t\t\t\t\t\t<\/div>\n\t\t\t\t<\/div>\n\t\t\t\t\t<\/div>\n\t\t<\/div>\n\t\t\t\t\t<\/div>\n\t\t<\/section>\n\t\t\t\t<\/div>\n\t\t","protected":false},"excerpt":{"rendered":"<p>Publikujemy tre\u015b\u0107 og\u0142oszenia o prace nades\u0142an\u0105 z Nadba\u0142tyckiego Centrum Rehabilitacji: &#8222;Szukamy os\u00f3b zaanga\u017cowanych, odpowiedzialnych i ch\u0119tnych do rozwoju w zawodzie fizjoterapeuty. Nasze Centrum prowadzi rehabilitacj\u0119 lecznicz\u0105 w ramach prewencji rentowej ZUS dla pacjent\u00f3w ze schorzeniami narz\u0105du ruchu oraz uk\u0142adu oddechowego Oczekujemy: &#8211; wykszta\u0142cenia kierunkowego: dyplom licencjata lub magistra (mile widziane dodatkowe kursy i szkolenia)&#8211; potwierdzonego [&hellip;]<\/p>\n","protected":false},"author":2,"featured_media":22108,"comment_status":"closed","ping_status":"closed","sticky":false,"template":"elementor_header_footer","format":"standard","meta":{"ocean_post_layout":"","ocean_both_sidebars_style":"","ocean_both_sidebars_content_width":0,"ocean_both_sidebars_sidebars_width":0,"ocean_sidebar":"","ocean_second_sidebar":"","ocean_disable_margins":"enable","ocean_add_body_class":"","ocean_shortcode_before_top_bar":"","ocean_shortcode_after_top_bar":"","ocean_shortcode_before_header":"","ocean_shortcode_after_header":"","ocean_has_shortcode":"","ocean_shortcode_after_title":"","ocean_shortcode_before_footer_widgets":"","ocean_shortcode_after_footer_widgets":"","ocean_shortcode_before_footer_bottom":"","ocean_shortcode_after_footer_bottom":"","ocean_display_top_bar":"default","ocean_display_header":"default","ocean_header_style":"","ocean_center_header_left_menu":"","ocean_custom_header_template":"","ocean_custom_logo":0,"ocean_custom_retina_logo":0,"ocean_custom_logo_max_width":0,"ocean_custom_logo_tablet_max_width":0,"ocean_custom_logo_mobile_max_width":0,"ocean_custom_logo_max_height":0,"ocean_custom_logo_tablet_max_height":0,"ocean_custom_logo_mobile_max_height":0,"ocean_header_custom_menu":"","ocean_menu_typo_font_family":"","ocean_menu_typo_font_subset":"","ocean_menu_typo_font_size":0,"ocean_menu_typo_font_size_tablet":0,"ocean_menu_typo_font_size_mobile":0,"ocean_menu_typo_font_size_unit":"px","ocean_menu_typo_font_weight":"","ocean_menu_typo_font_weight_tablet":"","ocean_menu_typo_font_weight_mobile":"","ocean_menu_typo_transform":"","ocean_menu_typo_transform_tablet":"","ocean_menu_typo_transform_mobile":"","ocean_menu_typo_line_height":0,"ocean_menu_typo_line_height_tablet":0,"ocean_menu_typo_line_height_mobile":0,"ocean_menu_typo_line_height_unit":"","ocean_menu_typo_spacing":0,"ocean_menu_typo_spacing_tablet":0,"ocean_menu_typo_spacing_mobile":0,"ocean_menu_typo_spacing_unit":"","ocean_menu_link_color":"","ocean_menu_link_color_hover":"","ocean_menu_link_color_active":"","ocean_menu_link_background":"","ocean_menu_link_hover_background":"","ocean_menu_link_active_background":"","ocean_menu_social_links_bg":"","ocean_menu_social_hover_links_bg":"","ocean_menu_social_links_color":"","ocean_menu_social_hover_links_color":"","ocean_disable_title":"default","ocean_disable_heading":"default","ocean_post_title":"","ocean_post_subheading":"","ocean_post_title_style":"","ocean_post_title_background_color":"","ocean_post_title_background":0,"ocean_post_title_bg_image_position":"","ocean_post_title_bg_image_attachment":"","ocean_post_title_bg_image_repeat":"","ocean_post_title_bg_image_size":"","ocean_post_title_height":0,"ocean_post_title_bg_overlay":0.5,"ocean_post_title_bg_overlay_color":"","ocean_disable_breadcrumbs":"default","ocean_breadcrumbs_color":"","ocean_breadcrumbs_separator_color":"","ocean_breadcrumbs_links_color":"","ocean_breadcrumbs_links_hover_color":"","ocean_display_footer_widgets":"default","ocean_display_footer_bottom":"default","ocean_custom_footer_template":"","ocean_post_oembed":"","ocean_post_self_hosted_media":"","ocean_post_video_embed":"","ocean_link_format":"","ocean_link_format_target":"self","ocean_quote_format":"","ocean_quote_format_link":"post","ocean_gallery_link_images":"on","ocean_gallery_id":[],"footnotes":""},"categories":[29,28,1],"tags":[],"class_list":["post-22109","post","type-post","status-publish","format-standard","has-post-thumbnail","hentry","category-aktualnosci-biuro-karier","category-glowne-aktualnosci","category-uncategorized","entry","has-media"],"yoast_head":"<!-- This site is optimized with the Yoast SEO plugin v23.7 - https:\/\/yoast.com\/wordpress\/plugins\/seo\/ -->\n<title>Nadba\u0142tyckie Centrum Rehabilitacji poszukuje Fizjoterapeuty - AMISNS<\/title>\n<meta name=\"robots\" content=\"noindex, follow, max-snippet:-1, max-image-preview:large, max-video-preview:-1\" \/>\n<meta property=\"og:locale\" content=\"pl_PL\" \/>\n<meta property=\"og:type\" content=\"article\" \/>\n<meta property=\"og:title\" content=\"Nadba\u0142tyckie Centrum Rehabilitacji poszukuje Fizjoterapeuty - AMISNS\" \/>\n<meta property=\"og:description\" content=\"Publikujemy tre\u015b\u0107 og\u0142oszenia o prace nades\u0142an\u0105 z Nadba\u0142tyckiego Centrum Rehabilitacji: &#8222;Szukamy os\u00f3b zaanga\u017cowanych, odpowiedzialnych i ch\u0119tnych do rozwoju w zawodzie fizjoterapeuty. Nasze Centrum prowadzi rehabilitacj\u0119 lecznicz\u0105 w ramach prewencji rentowej ZUS dla pacjent\u00f3w ze schorzeniami narz\u0105du ruchu oraz uk\u0142adu oddechowego Oczekujemy: &#8211; wykszta\u0142cenia kierunkowego: dyplom licencjata lub magistra (mile widziane dodatkowe kursy i szkolenia)&#8211; potwierdzonego [&hellip;]\" \/>\n<meta property=\"og:url\" content=\"https:\/\/amisns.edu.pl\/stara-wersja\/nadbaltyckie-centrum-rehabilitacji-poszukuje-fizjoterapeuty\/\" \/>\n<meta property=\"og:site_name\" content=\"AMISNS\" \/>\n<meta property=\"article:publisher\" content=\"https:\/\/www.facebook.com\/AMiSNSElblag\" \/>\n<meta property=\"article:published_time\" content=\"2024-06-07T13:28:03+00:00\" \/>\n<meta property=\"article:modified_time\" content=\"2024-06-07T13:32:37+00:00\" \/>\n<meta property=\"og:image\" content=\"https:\/\/amisns.edu.pl\/stara-wersja\/wp-content\/uploads\/Cream-Black-Minimalist-Fair-Job-Facebook-Post.jpg\" \/>\n\t<meta property=\"og:image:width\" content=\"940\" \/>\n\t<meta property=\"og:image:height\" content=\"788\" \/>\n\t<meta property=\"og:image:type\" content=\"image\/jpeg\" \/>\n<meta name=\"author\" content=\"Biuro promocji\" \/>\n<meta name=\"twitter:card\" content=\"summary_large_image\" \/>\n<meta name=\"twitter:label1\" content=\"Napisane przez\" \/>\n\t<meta name=\"twitter:data1\" content=\"Biuro promocji\" \/>\n\t<meta name=\"twitter:label2\" content=\"Szacowany czas czytania\" \/>\n\t<meta name=\"twitter:data2\" content=\"2 minuty\" \/>\n<script type=\"application\/ld+json\" class=\"yoast-schema-graph\">{\"@context\":\"https:\/\/schema.org\",\"@graph\":[{\"@type\":\"Article\",\"@id\":\"https:\/\/amisns.edu.pl\/stara-wersja\/nadbaltyckie-centrum-rehabilitacji-poszukuje-fizjoterapeuty\/#article\",\"isPartOf\":{\"@id\":\"https:\/\/amisns.edu.pl\/stara-wersja\/nadbaltyckie-centrum-rehabilitacji-poszukuje-fizjoterapeuty\/\"},\"author\":{\"name\":\"Biuro promocji\",\"@id\":\"https:\/\/amisns.edu.pl\/stara-wersja\/stara-wersja\/#\/schema\/person\/4868ddcf0f0d3f8b0c675e45540fd350\"},\"headline\":\"Nadba\u0142tyckie Centrum Rehabilitacji poszukuje Fizjoterapeuty\",\"datePublished\":\"2024-06-07T13:28:03+00:00\",\"dateModified\":\"2024-06-07T13:32:37+00:00\",\"mainEntityOfPage\":{\"@id\":\"https:\/\/amisns.edu.pl\/stara-wersja\/nadbaltyckie-centrum-rehabilitacji-poszukuje-fizjoterapeuty\/\"},\"wordCount\":258,\"publisher\":{\"@id\":\"https:\/\/amisns.edu.pl\/stara-wersja\/stara-wersja\/#organization\"},\"image\":{\"@id\":\"https:\/\/amisns.edu.pl\/stara-wersja\/nadbaltyckie-centrum-rehabilitacji-poszukuje-fizjoterapeuty\/#primaryimage\"},\"thumbnailUrl\":\"https:\/\/amisns.edu.pl\/stara-wersja\/wp-content\/uploads\/Cream-Black-Minimalist-Fair-Job-Facebook-Post.jpg\",\"articleSection\":[\"Aktualno\u015bci Biuro karier\",\"G\u0142\u00f3wne aktualno\u015bci\",\"Uncategorized\"],\"inLanguage\":\"pl-PL\"},{\"@type\":\"WebPage\",\"@id\":\"https:\/\/amisns.edu.pl\/stara-wersja\/nadbaltyckie-centrum-rehabilitacji-poszukuje-fizjoterapeuty\/\",\"url\":\"https:\/\/amisns.edu.pl\/stara-wersja\/nadbaltyckie-centrum-rehabilitacji-poszukuje-fizjoterapeuty\/\",\"name\":\"Nadba\u0142tyckie Centrum Rehabilitacji poszukuje Fizjoterapeuty - AMISNS\",\"isPartOf\":{\"@id\":\"https:\/\/amisns.edu.pl\/stara-wersja\/stara-wersja\/#website\"},\"primaryImageOfPage\":{\"@id\":\"https:\/\/amisns.edu.pl\/stara-wersja\/nadbaltyckie-centrum-rehabilitacji-poszukuje-fizjoterapeuty\/#primaryimage\"},\"image\":{\"@id\":\"https:\/\/amisns.edu.pl\/stara-wersja\/nadbaltyckie-centrum-rehabilitacji-poszukuje-fizjoterapeuty\/#primaryimage\"},\"thumbnailUrl\":\"https:\/\/amisns.edu.pl\/stara-wersja\/wp-content\/uploads\/Cream-Black-Minimalist-Fair-Job-Facebook-Post.jpg\",\"datePublished\":\"2024-06-07T13:28:03+00:00\",\"dateModified\":\"2024-06-07T13:32:37+00:00\",\"breadcrumb\":{\"@id\":\"https:\/\/amisns.edu.pl\/stara-wersja\/nadbaltyckie-centrum-rehabilitacji-poszukuje-fizjoterapeuty\/#breadcrumb\"},\"inLanguage\":\"pl-PL\",\"potentialAction\":[{\"@type\":\"ReadAction\",\"target\":[\"https:\/\/amisns.edu.pl\/stara-wersja\/nadbaltyckie-centrum-rehabilitacji-poszukuje-fizjoterapeuty\/\"]}]},{\"@type\":\"ImageObject\",\"inLanguage\":\"pl-PL\",\"@id\":\"https:\/\/amisns.edu.pl\/stara-wersja\/nadbaltyckie-centrum-rehabilitacji-poszukuje-fizjoterapeuty\/#primaryimage\",\"url\":\"https:\/\/amisns.edu.pl\/stara-wersja\/wp-content\/uploads\/Cream-Black-Minimalist-Fair-Job-Facebook-Post.jpg\",\"contentUrl\":\"https:\/\/amisns.edu.pl\/stara-wersja\/wp-content\/uploads\/Cream-Black-Minimalist-Fair-Job-Facebook-Post.jpg\",\"width\":940,\"height\":788},{\"@type\":\"BreadcrumbList\",\"@id\":\"https:\/\/amisns.edu.pl\/stara-wersja\/nadbaltyckie-centrum-rehabilitacji-poszukuje-fizjoterapeuty\/#breadcrumb\",\"itemListElement\":[{\"@type\":\"ListItem\",\"position\":1,\"name\":\"Strona g\u0142\u00f3wna\",\"item\":\"https:\/\/amisns.edu.pl\/stara-wersja\/\"},{\"@type\":\"ListItem\",\"position\":2,\"name\":\"Nadba\u0142tyckie Centrum Rehabilitacji poszukuje Fizjoterapeuty\"}]},{\"@type\":\"WebSite\",\"@id\":\"https:\/\/amisns.edu.pl\/stara-wersja\/stara-wersja\/#website\",\"url\":\"https:\/\/amisns.edu.pl\/stara-wersja\/stara-wersja\/\",\"name\":\"AMISNS\",\"description\":\"Akademia Medycznych i Spo\u0142ecznych nauk stosowanych\",\"publisher\":{\"@id\":\"https:\/\/amisns.edu.pl\/stara-wersja\/stara-wersja\/#organization\"},\"potentialAction\":[{\"@type\":\"SearchAction\",\"target\":{\"@type\":\"EntryPoint\",\"urlTemplate\":\"https:\/\/amisns.edu.pl\/stara-wersja\/stara-wersja\/?s={search_term_string}\"},\"query-input\":{\"@type\":\"PropertyValueSpecification\",\"valueRequired\":true,\"valueName\":\"search_term_string\"}}],\"inLanguage\":\"pl-PL\"},{\"@type\":\"Organization\",\"@id\":\"https:\/\/amisns.edu.pl\/stara-wersja\/stara-wersja\/#organization\",\"name\":\"AMISNS\",\"url\":\"https:\/\/amisns.edu.pl\/stara-wersja\/stara-wersja\/\",\"logo\":{\"@type\":\"ImageObject\",\"inLanguage\":\"pl-PL\",\"@id\":\"https:\/\/amisns.edu.pl\/stara-wersja\/stara-wersja\/#\/schema\/logo\/image\/\",\"url\":\"https:\/\/amisns.edu.pl\/stara-wersja\/wp-content\/uploads\/2022\/12\/Znak-AMiSNS-na-strone-www-4k.png\",\"contentUrl\":\"https:\/\/amisns.edu.pl\/stara-wersja\/wp-content\/uploads\/2022\/12\/Znak-AMiSNS-na-strone-www-4k.png\",\"width\":1920,\"height\":523,\"caption\":\"AMISNS\"},\"image\":{\"@id\":\"https:\/\/amisns.edu.pl\/stara-wersja\/stara-wersja\/#\/schema\/logo\/image\/\"},\"sameAs\":[\"https:\/\/www.facebook.com\/AMiSNSElblag\"]},{\"@type\":\"Person\",\"@id\":\"https:\/\/amisns.edu.pl\/stara-wersja\/stara-wersja\/#\/schema\/person\/4868ddcf0f0d3f8b0c675e45540fd350\",\"name\":\"Biuro promocji\",\"image\":{\"@type\":\"ImageObject\",\"inLanguage\":\"pl-PL\",\"@id\":\"https:\/\/amisns.edu.pl\/stara-wersja\/stara-wersja\/#\/schema\/person\/image\/\",\"url\":\"https:\/\/secure.gravatar.com\/avatar\/ba1c61f2c67d3536a6e469d64619f0d0?s=96&d=mm&r=g\",\"contentUrl\":\"https:\/\/secure.gravatar.com\/avatar\/ba1c61f2c67d3536a6e469d64619f0d0?s=96&d=mm&r=g\",\"caption\":\"Biuro promocji\"},\"url\":\"https:\/\/amisns.edu.pl\/stara-wersja\/author\/biuro-promocji\/\"}]}<\/script>\n<!-- \/ Yoast SEO plugin. -->","yoast_head_json":{"title":"Nadba\u0142tyckie Centrum Rehabilitacji poszukuje Fizjoterapeuty - AMISNS","robots":{"index":"noindex","follow":"follow","max-snippet":"max-snippet:-1","max-image-preview":"max-image-preview:large","max-video-preview":"max-video-preview:-1"},"og_locale":"pl_PL","og_type":"article","og_title":"Nadba\u0142tyckie Centrum Rehabilitacji poszukuje Fizjoterapeuty - AMISNS","og_description":"Publikujemy tre\u015b\u0107 og\u0142oszenia o prace nades\u0142an\u0105 z Nadba\u0142tyckiego Centrum Rehabilitacji: &#8222;Szukamy os\u00f3b zaanga\u017cowanych, odpowiedzialnych i ch\u0119tnych do rozwoju w zawodzie fizjoterapeuty. Nasze Centrum prowadzi rehabilitacj\u0119 lecznicz\u0105 w ramach prewencji rentowej ZUS dla pacjent\u00f3w ze schorzeniami narz\u0105du ruchu oraz uk\u0142adu oddechowego Oczekujemy: &#8211; wykszta\u0142cenia kierunkowego: dyplom licencjata lub magistra (mile widziane dodatkowe kursy i szkolenia)&#8211; potwierdzonego [&hellip;]","og_url":"https:\/\/amisns.edu.pl\/stara-wersja\/nadbaltyckie-centrum-rehabilitacji-poszukuje-fizjoterapeuty\/","og_site_name":"AMISNS","article_publisher":"https:\/\/www.facebook.com\/AMiSNSElblag","article_published_time":"2024-06-07T13:28:03+00:00","article_modified_time":"2024-06-07T13:32:37+00:00","og_image":[{"width":940,"height":788,"url":"https:\/\/amisns.edu.pl\/stara-wersja\/wp-content\/uploads\/Cream-Black-Minimalist-Fair-Job-Facebook-Post.jpg","type":"image\/jpeg"}],"author":"Biuro promocji","twitter_card":"summary_large_image","twitter_misc":{"Napisane przez":"Biuro promocji","Szacowany czas czytania":"2 minuty"},"schema":{"@context":"https:\/\/schema.org","@graph":[{"@type":"Article","@id":"https:\/\/amisns.edu.pl\/stara-wersja\/nadbaltyckie-centrum-rehabilitacji-poszukuje-fizjoterapeuty\/#article","isPartOf":{"@id":"https:\/\/amisns.edu.pl\/stara-wersja\/nadbaltyckie-centrum-rehabilitacji-poszukuje-fizjoterapeuty\/"},"author":{"name":"Biuro promocji","@id":"https:\/\/amisns.edu.pl\/stara-wersja\/stara-wersja\/#\/schema\/person\/4868ddcf0f0d3f8b0c675e45540fd350"},"headline":"Nadba\u0142tyckie Centrum Rehabilitacji poszukuje Fizjoterapeuty","datePublished":"2024-06-07T13:28:03+00:00","dateModified":"2024-06-07T13:32:37+00:00","mainEntityOfPage":{"@id":"https:\/\/amisns.edu.pl\/stara-wersja\/nadbaltyckie-centrum-rehabilitacji-poszukuje-fizjoterapeuty\/"},"wordCount":258,"publisher":{"@id":"https:\/\/amisns.edu.pl\/stara-wersja\/stara-wersja\/#organization"},"image":{"@id":"https:\/\/amisns.edu.pl\/stara-wersja\/nadbaltyckie-centrum-rehabilitacji-poszukuje-fizjoterapeuty\/#primaryimage"},"thumbnailUrl":"https:\/\/amisns.edu.pl\/stara-wersja\/wp-content\/uploads\/Cream-Black-Minimalist-Fair-Job-Facebook-Post.jpg","articleSection":["Aktualno\u015bci Biuro karier","G\u0142\u00f3wne aktualno\u015bci","Uncategorized"],"inLanguage":"pl-PL"},{"@type":"WebPage","@id":"https:\/\/amisns.edu.pl\/stara-wersja\/nadbaltyckie-centrum-rehabilitacji-poszukuje-fizjoterapeuty\/","url":"https:\/\/amisns.edu.pl\/stara-wersja\/nadbaltyckie-centrum-rehabilitacji-poszukuje-fizjoterapeuty\/","name":"Nadba\u0142tyckie Centrum Rehabilitacji poszukuje Fizjoterapeuty - AMISNS","isPartOf":{"@id":"https:\/\/amisns.edu.pl\/stara-wersja\/stara-wersja\/#website"},"primaryImageOfPage":{"@id":"https:\/\/amisns.edu.pl\/stara-wersja\/nadbaltyckie-centrum-rehabilitacji-poszukuje-fizjoterapeuty\/#primaryimage"},"image":{"@id":"https:\/\/amisns.edu.pl\/stara-wersja\/nadbaltyckie-centrum-rehabilitacji-poszukuje-fizjoterapeuty\/#primaryimage"},"thumbnailUrl":"https:\/\/amisns.edu.pl\/stara-wersja\/wp-content\/uploads\/Cream-Black-Minimalist-Fair-Job-Facebook-Post.jpg","datePublished":"2024-06-07T13:28:03+00:00","dateModified":"2024-06-07T13:32:37+00:00","breadcrumb":{"@id":"https:\/\/amisns.edu.pl\/stara-wersja\/nadbaltyckie-centrum-rehabilitacji-poszukuje-fizjoterapeuty\/#breadcrumb"},"inLanguage":"pl-PL","potentialAction":[{"@type":"ReadAction","target":["https:\/\/amisns.edu.pl\/stara-wersja\/nadbaltyckie-centrum-rehabilitacji-poszukuje-fizjoterapeuty\/"]}]},{"@type":"ImageObject","inLanguage":"pl-PL","@id":"https:\/\/amisns.edu.pl\/stara-wersja\/nadbaltyckie-centrum-rehabilitacji-poszukuje-fizjoterapeuty\/#primaryimage","url":"https:\/\/amisns.edu.pl\/stara-wersja\/wp-content\/uploads\/Cream-Black-Minimalist-Fair-Job-Facebook-Post.jpg","contentUrl":"https:\/\/amisns.edu.pl\/stara-wersja\/wp-content\/uploads\/Cream-Black-Minimalist-Fair-Job-Facebook-Post.jpg","width":940,"height":788},{"@type":"BreadcrumbList","@id":"https:\/\/amisns.edu.pl\/stara-wersja\/nadbaltyckie-centrum-rehabilitacji-poszukuje-fizjoterapeuty\/#breadcrumb","itemListElement":[{"@type":"ListItem","position":1,"name":"Strona g\u0142\u00f3wna","item":"https:\/\/amisns.edu.pl\/stara-wersja\/"},{"@type":"ListItem","position":2,"name":"Nadba\u0142tyckie Centrum Rehabilitacji poszukuje Fizjoterapeuty"}]},{"@type":"WebSite","@id":"https:\/\/amisns.edu.pl\/stara-wersja\/stara-wersja\/#website","url":"https:\/\/amisns.edu.pl\/stara-wersja\/stara-wersja\/","name":"AMISNS","description":"Akademia Medycznych i Spo\u0142ecznych nauk stosowanych","publisher":{"@id":"https:\/\/amisns.edu.pl\/stara-wersja\/stara-wersja\/#organization"},"potentialAction":[{"@type":"SearchAction","target":{"@type":"EntryPoint","urlTemplate":"https:\/\/amisns.edu.pl\/stara-wersja\/stara-wersja\/?s={search_term_string}"},"query-input":{"@type":"PropertyValueSpecification","valueRequired":true,"valueName":"search_term_string"}}],"inLanguage":"pl-PL"},{"@type":"Organization","@id":"https:\/\/amisns.edu.pl\/stara-wersja\/stara-wersja\/#organization","name":"AMISNS","url":"https:\/\/amisns.edu.pl\/stara-wersja\/stara-wersja\/","logo":{"@type":"ImageObject","inLanguage":"pl-PL","@id":"https:\/\/amisns.edu.pl\/stara-wersja\/stara-wersja\/#\/schema\/logo\/image\/","url":"https:\/\/amisns.edu.pl\/stara-wersja\/wp-content\/uploads\/2022\/12\/Znak-AMiSNS-na-strone-www-4k.png","contentUrl":"https:\/\/amisns.edu.pl\/stara-wersja\/wp-content\/uploads\/2022\/12\/Znak-AMiSNS-na-strone-www-4k.png","width":1920,"height":523,"caption":"AMISNS"},"image":{"@id":"https:\/\/amisns.edu.pl\/stara-wersja\/stara-wersja\/#\/schema\/logo\/image\/"},"sameAs":["https:\/\/www.facebook.com\/AMiSNSElblag"]},{"@type":"Person","@id":"https:\/\/amisns.edu.pl\/stara-wersja\/stara-wersja\/#\/schema\/person\/4868ddcf0f0d3f8b0c675e45540fd350","name":"Biuro promocji","image":{"@type":"ImageObject","inLanguage":"pl-PL","@id":"https:\/\/amisns.edu.pl\/stara-wersja\/stara-wersja\/#\/schema\/person\/image\/","url":"https:\/\/secure.gravatar.com\/avatar\/ba1c61f2c67d3536a6e469d64619f0d0?s=96&d=mm&r=g","contentUrl":"https:\/\/secure.gravatar.com\/avatar\/ba1c61f2c67d3536a6e469d64619f0d0?s=96&d=mm&r=g","caption":"Biuro promocji"},"url":"https:\/\/amisns.edu.pl\/stara-wersja\/author\/biuro-promocji\/"}]}},"_links":{"self":[{"href":"https:\/\/amisns.edu.pl\/stara-wersja\/wp-json\/wp\/v2\/posts\/22109"}],"collection":[{"href":"https:\/\/amisns.edu.pl\/stara-wersja\/wp-json\/wp\/v2\/posts"}],"about":[{"href":"https:\/\/amisns.edu.pl\/stara-wersja\/wp-json\/wp\/v2\/types\/post"}],"author":[{"embeddable":true,"href":"https:\/\/amisns.edu.pl\/stara-wersja\/wp-json\/wp\/v2\/users\/2"}],"replies":[{"embeddable":true,"href":"https:\/\/amisns.edu.pl\/stara-wersja\/wp-json\/wp\/v2\/comments?post=22109"}],"version-history":[{"count":4,"href":"https:\/\/amisns.edu.pl\/stara-wersja\/wp-json\/wp\/v2\/posts\/22109\/revisions"}],"predecessor-version":[{"id":22113,"href":"https:\/\/amisns.edu.pl\/stara-wersja\/wp-json\/wp\/v2\/posts\/22109\/revisions\/22113"}],"wp:featuredmedia":[{"embeddable":true,"href":"https:\/\/amisns.edu.pl\/stara-wersja\/wp-json\/wp\/v2\/media\/22108"}],"wp:attachment":[{"href":"https:\/\/amisns.edu.pl\/stara-wersja\/wp-json\/wp\/v2\/media?parent=22109"}],"wp:term":[{"taxonomy":"category","embeddable":true,"href":"https:\/\/amisns.edu.pl\/stara-wersja\/wp-json\/wp\/v2\/categories?post=22109"},{"taxonomy":"post_tag","embeddable":true,"href":"https:\/\/amisns.edu.pl\/stara-wersja\/wp-json\/wp\/v2\/tags?post=22109"}],"curies":[{"name":"wp","href":"https:\/\/api.w.org\/{rel}","templated":true}]}}