{"id":23646,"date":"2024-07-23T09:17:50","date_gmt":"2024-07-23T08:17:50","guid":{"rendered":"https:\/\/amisns.edu.pl\/?p=23646"},"modified":"2024-07-23T11:48:55","modified_gmt":"2024-07-23T10:48:55","slug":"praktyki-medyczne-w-szpitalu-w-mirano-studenci-amisns-szkola-sie-pod-okiem-wloskich-specjalistow","status":"publish","type":"post","link":"https:\/\/amisns.edu.pl\/stara-wersja\/praktyki-medyczne-w-szpitalu-w-mirano-studenci-amisns-szkola-sie-pod-okiem-wloskich-specjalistow\/","title":{"rendered":"Praktyki medyczne w Szpitalu w Mirano. Studenci AMiSNS szkol\u0105 si\u0119 pod okiem w\u0142oskich specjalist\u00f3w!"},"content":{"rendered":"\t\t<div data-elementor-type=\"wp-post\" data-elementor-id=\"23646\" class=\"elementor elementor-23646\" data-elementor-post-type=\"post\">\n\t\t\t\t\t\t<section class=\"elementor-section elementor-top-section elementor-element elementor-element-40de204 elementor-section-boxed elementor-section-height-default elementor-section-height-default\" data-id=\"40de204\" data-element_type=\"section\">\n\t\t\t\t\t\t<div class=\"elementor-container elementor-column-gap-default\">\n\t\t\t\t\t<div class=\"elementor-column elementor-col-100 elementor-top-column elementor-element elementor-element-14fe957\" data-id=\"14fe957\" data-element_type=\"column\">\n\t\t\t<div class=\"elementor-widget-wrap elementor-element-populated\">\n\t\t\t\t\t\t<div class=\"elementor-element elementor-element-0a6b2c7 elementor-widget elementor-widget-theme-post-featured-image elementor-widget-image\" data-id=\"0a6b2c7\" data-element_type=\"widget\" data-widget_type=\"theme-post-featured-image.default\">\n\t\t\t\t<div class=\"elementor-widget-container\">\n\t\t\t\t\t\t\t\t\t\t\t\t\t<img fetchpriority=\"high\" decoding=\"async\" width=\"768\" height=\"837\" src=\"https:\/\/amisns.edu.pl\/stara-wersja\/wp-content\/uploads\/448745696_1842305009513969_3718160438188574741_n-1-768x837.jpg\" class=\"attachment-medium_large size-medium_large wp-image-23667\" alt=\"\" srcset=\"https:\/\/amisns.edu.pl\/stara-wersja\/wp-content\/uploads\/448745696_1842305009513969_3718160438188574741_n-1-768x837.jpg 768w, https:\/\/amisns.edu.pl\/stara-wersja\/wp-content\/uploads\/448745696_1842305009513969_3718160438188574741_n-1-918x1000.jpg 918w, https:\/\/amisns.edu.pl\/stara-wersja\/wp-content\/uploads\/448745696_1842305009513969_3718160438188574741_n-1.jpg 991w\" sizes=\"(max-width: 768px) 100vw, 768px\" \/>\t\t\t\t\t\t\t\t\t\t\t\t\t<\/div>\n\t\t\t\t<\/div>\n\t\t\t\t\t<\/div>\n\t\t<\/div>\n\t\t\t\t\t<\/div>\n\t\t<\/section>\n\t\t\t\t<section class=\"elementor-section elementor-top-section elementor-element elementor-element-ead9040 elementor-section-boxed elementor-section-height-default elementor-section-height-default\" data-id=\"ead9040\" data-element_type=\"section\">\n\t\t\t\t\t\t<div class=\"elementor-container elementor-column-gap-default\">\n\t\t\t\t\t<div class=\"elementor-column elementor-col-100 elementor-top-column elementor-element elementor-element-3e5994c\" data-id=\"3e5994c\" data-element_type=\"column\">\n\t\t\t<div class=\"elementor-widget-wrap elementor-element-populated\">\n\t\t\t\t\t\t<div class=\"elementor-element elementor-element-47f442c elementor-widget elementor-widget-theme-post-title elementor-page-title elementor-widget-heading\" data-id=\"47f442c\" data-element_type=\"widget\" data-widget_type=\"theme-post-title.default\">\n\t\t\t\t<div class=\"elementor-widget-container\">\n\t\t\t<h1 class=\"elementor-heading-title elementor-size-default\">Praktyki medyczne w Szpitalu w Mirano. Studenci AMiSNS szkol\u0105 si\u0119 pod okiem w\u0142oskich specjalist\u00f3w!<\/h1>\t\t<\/div>\n\t\t\t\t<\/div>\n\t\t\t\t\t<\/div>\n\t\t<\/div>\n\t\t\t\t\t<\/div>\n\t\t<\/section>\n\t\t\t\t<section class=\"elementor-section elementor-top-section elementor-element elementor-element-2aeadd3 elementor-section-boxed elementor-section-height-default elementor-section-height-default\" data-id=\"2aeadd3\" data-element_type=\"section\">\n\t\t\t\t\t\t<div class=\"elementor-container elementor-column-gap-default\">\n\t\t\t\t\t<div class=\"elementor-column elementor-col-100 elementor-top-column elementor-element elementor-element-12e429e\" data-id=\"12e429e\" data-element_type=\"column\">\n\t\t\t<div class=\"elementor-widget-wrap elementor-element-populated\">\n\t\t\t\t\t\t<div class=\"elementor-element elementor-element-64b6237 elementor-widget elementor-widget-post-info\" data-id=\"64b6237\" data-element_type=\"widget\" data-widget_type=\"post-info.default\">\n\t\t\t\t<div class=\"elementor-widget-container\">\n\t\t\t\t\t<ul class=\"elementor-inline-items elementor-icon-list-items elementor-post-info\">\n\t\t\t\t\t\t\t\t<li class=\"elementor-icon-list-item elementor-repeater-item-e96c65c elementor-inline-item\" itemprop=\"datePublished\">\n\t\t\t\t\t\t<a href=\"https:\/\/amisns.edu.pl\/stara-wersja\/2024\/07\/23\/\">\n\t\t\t\t\t\t\t\t\t\t\t<span class=\"elementor-icon-list-icon\">\n\t\t\t\t\t\t\t\t<i aria-hidden=\"true\" class=\"fas fa-calendar\"><\/i>\t\t\t\t\t\t\t<\/span>\n\t\t\t\t\t\t\t\t\t<span class=\"elementor-icon-list-text elementor-post-info__item elementor-post-info__item--type-date\">\n\t\t\t\t\t\t\t\t\t\t<time>23 lipca, 2024<\/time>\t\t\t\t\t<\/span>\n\t\t\t\t\t\t\t\t\t<\/a>\n\t\t\t\t<\/li>\n\t\t\t\t<\/ul>\n\t\t\t\t<\/div>\n\t\t\t\t<\/div>\n\t\t\t\t\t<\/div>\n\t\t<\/div>\n\t\t\t\t\t<\/div>\n\t\t<\/section>\n\t\t\t\t<section class=\"elementor-section elementor-top-section elementor-element elementor-element-6d498e7 elementor-section-boxed elementor-section-height-default elementor-section-height-default\" data-id=\"6d498e7\" data-element_type=\"section\">\n\t\t\t\t\t\t<div class=\"elementor-container elementor-column-gap-default\">\n\t\t\t\t\t<div class=\"elementor-column elementor-col-100 elementor-top-column elementor-element elementor-element-7fe35f0\" data-id=\"7fe35f0\" data-element_type=\"column\">\n\t\t\t<div class=\"elementor-widget-wrap elementor-element-populated\">\n\t\t\t\t\t\t<div class=\"elementor-element elementor-element-f309df0 elementor-widget elementor-widget-text-editor\" data-id=\"f309df0\" data-element_type=\"widget\" data-widget_type=\"text-editor.default\">\n\t\t\t\t<div class=\"elementor-widget-container\">\n\t\t\t\t\t\t\t<p>Z rado\u015bci\u0105 informujemy, \u017ce studenci pierwszego i drugiego roku <strong>kierunku lekarskiego<\/strong> Akademii Medycznych i Spo\u0142ecznych Nauk Stosowanych (AMiSNS) rozpocz\u0119li praktyki w Szpitalu w Mirano we W\u0142oszech. To wyj\u0105tkowe do\u015bwiadczenie sta\u0142o si\u0119 mo\u017cliwe dzi\u0119ki wsp\u00f3\u0142pracy nawi\u0105zanej przez <strong>profesora Luigi Marano &#8211; Pe\u0142nomocnika rektora ds. rozwoju wsp\u00f3\u0142pracy mi\u0119dzynarodowej AMiSNS &#8211; z dr Biagio Epifani, dyrektorem Oddzia\u0142u Ratunkowego Szpitala w Mirano<\/strong>, oraz otwarto\u015bci na tak\u0105 wsp\u00f3\u0142prac\u0119 ze strony <strong>dr Edgardo Contato, dyrektora generalnego Azienda ULSS 3 Serenissima del Veneto.<\/strong> Wa\u017cn\u0105 rol\u0119 w umo\u017cliwieniu realizacji praktyk, i tym samym pog\u0142\u0119bieniu wiedzy i umiej\u0119tno\u015bci w mi\u0119dzynarodowym \u015brodowisku medycznym, odegra\u0142o <strong>wsparcie finansowe z Programu Erasmus+.<\/strong><\/p><p>Praktyki, kt\u00f3re rozpocz\u0119\u0142y si\u0119 15 lipca 2024 roku, umo\u017cliwiaj\u0105 naszym studentom zapoznanie si\u0119 z nowoczesnymi metodami leczenia oraz standardami opieki zdrowotnej we W\u0142oszech. Dzi\u0119ki wsparciu i go\u015bcinno\u015bci w\u0142oskich profesjonalist\u00f3w studenci zdobywaj\u0105 bezcenne do\u015bwiadczenie, kt\u00f3re na pewno przyczyni si\u0119 do ich rozwoju zawodowego. Opr\u00f3cz intensywnej nauki i praktyki, studenci maj\u0105 okazj\u0119 sp\u0119dza\u0107 czas podziwiaj\u0105c w\u0142osk\u0105 architektur\u0119 i przyrod\u0119. Studenci zwiedzili ju\u017c urokliwe miasta takie jak Wenecja i Padwa, a tak\u017ce odwiedzili presti\u017cowy <strong>Uniwersytet Padewski<\/strong> (w\u0142. Universit\u00e0 degli Studi di Padova). Te wycieczki, poza walorami turystycznymi, stanowi\u0142y doskona\u0142\u0105 okazj\u0119 do poszerzenia horyzont\u00f3w kulturowych i naukowych.<\/p><p>Jeste\u015bmy dumni, \u017ce nasi studenci mog\u0105 korzysta\u0107 z mo\u017cliwo\u015bci kszta\u0142cenia za granic\u0105. Serdecznie dzi\u0119kujemy Szpitalowi w Mirano za ciep\u0142e przyj\u0119cie i profesjonaln\u0105 opiek\u0119 nad naszymi praktykantami. Zar\u00f3wno go\u015bcinno\u015b\u0107 W\u0142och\u00f3w, jak i profesjonalizm personelu szpitala w Mirano, spotka\u0142y si\u0119 z ogromnym uznaniem naszych student\u00f3w.<\/p><p>Drodzy studenci &#8211; \u017cyczymy wam dalszych sukces\u00f3w, owocnych do\u015bwiadcze\u0144 podczas praktyk i powrotu do Polski z nowymi umiej\u0119tno\u015bciami oraz niezapomnianymi wspomnieniami!<\/p><p><strong>Zapraszamy do udzia\u0142u w Programie Erasmus+. Wi\u0119cej informacji w zak\u0142adce <a href=\"https:\/\/amisns.edu.pl\/homepage\/dla-studenta\/erasmus\/\">Erasmus+<\/a> oraz w Biurze ds. Wsp\u00f3\u0142pracy Mi\u0119dzynarodowej.<\/strong><\/p><p><strong>Akademia Medycznych i Spo\u0142ecznych Nauk Stosowanych<\/strong><\/p><p><strong>ul. Lotnicza 2<\/strong><\/p><p><strong>82-300 Elbl\u0105g<\/strong><\/p><p><strong>budynek C, pok\u00f3j 020<\/strong><\/p>\t\t\t\t\t\t<\/div>\n\t\t\t\t<\/div>\n\t\t\t\t\t<\/div>\n\t\t<\/div>\n\t\t\t\t\t<\/div>\n\t\t<\/section>\n\t\t\t\t<section class=\"elementor-section elementor-top-section elementor-element elementor-element-b04a58e elementor-section-boxed elementor-section-height-default elementor-section-height-default\" data-id=\"b04a58e\" data-element_type=\"section\">\n\t\t\t\t\t\t<div class=\"elementor-container elementor-column-gap-default\">\n\t\t\t\t\t<div class=\"elementor-column elementor-col-100 elementor-top-column elementor-element elementor-element-42f8f34\" data-id=\"42f8f34\" data-element_type=\"column\">\n\t\t\t<div class=\"elementor-widget-wrap elementor-element-populated\">\n\t\t\t\t\t\t<div class=\"elementor-element elementor-element-055fc93 elementor-widget elementor-widget-gallery\" data-id=\"055fc93\" data-element_type=\"widget\" data-settings=\"{&quot;lazyload&quot;:&quot;yes&quot;,&quot;gallery_layout&quot;:&quot;grid&quot;,&quot;columns&quot;:4,&quot;columns_tablet&quot;:2,&quot;columns_mobile&quot;:1,&quot;gap&quot;:{&quot;unit&quot;:&quot;px&quot;,&quot;size&quot;:10,&quot;sizes&quot;:[]},&quot;gap_tablet&quot;:{&quot;unit&quot;:&quot;px&quot;,&quot;size&quot;:10,&quot;sizes&quot;:[]},&quot;gap_mobile&quot;:{&quot;unit&quot;:&quot;px&quot;,&quot;size&quot;:10,&quot;sizes&quot;:[]},&quot;link_to&quot;:&quot;file&quot;,&quot;aspect_ratio&quot;:&quot;3:2&quot;,&quot;overlay_background&quot;:&quot;yes&quot;,&quot;content_hover_animation&quot;:&quot;fade-in&quot;}\" data-widget_type=\"gallery.default\">\n\t\t\t\t<div class=\"elementor-widget-container\">\n\t\t\t\t\t<div class=\"elementor-gallery__container\">\n\t\t\t\t\t\t\t<a class=\"e-gallery-item elementor-gallery-item elementor-animated-content\" href=\"https:\/\/amisns.edu.pl\/stara-wersja\/wp-content\/uploads\/448745696_1842305009513969_3718160438188574741_n-1.jpg\" data-elementor-open-lightbox=\"yes\" data-elementor-lightbox-slideshow=\"055fc93\" data-elementor-lightbox-title=\"448745696_1842305009513969_3718160438188574741_n\" data-e-action-hash=\"#elementor-action%3Aaction%3Dlightbox%26settings%3DeyJpZCI6MjM2NjcsInVybCI6Imh0dHBzOlwvXC9hbWlzbnMuZWR1LnBsXC9zdGFyYS13ZXJzamFcL3dwLWNvbnRlbnRcL3VwbG9hZHNcLzQ0ODc0NTY5Nl8xODQyMzA1MDA5NTEzOTY5XzM3MTgxNjA0MzgxODg1NzQ3NDFfbi0xLmpwZyIsInNsaWRlc2hvdyI6IjA1NWZjOTMifQ%3D%3D\">\n\t\t\t\t\t<div class=\"e-gallery-image elementor-gallery-item__image\" data-thumbnail=\"https:\/\/amisns.edu.pl\/stara-wersja\/wp-content\/uploads\/448745696_1842305009513969_3718160438188574741_n-1.jpg\" data-width=\"991\" data-height=\"1080\" aria-label=\"\" role=\"img\" ><\/div>\n\t\t\t\t\t\t\t\t\t\t\t<div class=\"elementor-gallery-item__overlay\"><\/div>\n\t\t\t\t\t\t\t\t\t\t\t\t\t\t<\/a>\n\t\t\t\t\t\t\t<a class=\"e-gallery-item elementor-gallery-item elementor-animated-content\" href=\"https:\/\/amisns.edu.pl\/stara-wersja\/wp-content\/uploads\/449782721_454804220761152_6111423434640202506_n.jpg\" data-elementor-open-lightbox=\"yes\" data-elementor-lightbox-slideshow=\"055fc93\" data-elementor-lightbox-title=\"449782721_454804220761152_6111423434640202506_n\" data-e-action-hash=\"#elementor-action%3Aaction%3Dlightbox%26settings%3DeyJpZCI6MjM2NTEsInVybCI6Imh0dHBzOlwvXC9hbWlzbnMuZWR1LnBsXC9zdGFyYS13ZXJzamFcL3dwLWNvbnRlbnRcL3VwbG9hZHNcLzQ0OTc4MjcyMV80NTQ4MDQyMjA3NjExNTJfNjExMTQyMzQzNDY0MDIwMjUwNl9uLmpwZyIsInNsaWRlc2hvdyI6IjA1NWZjOTMifQ%3D%3D\">\n\t\t\t\t\t<div class=\"e-gallery-image elementor-gallery-item__image\" data-thumbnail=\"https:\/\/amisns.edu.pl\/stara-wersja\/wp-content\/uploads\/449782721_454804220761152_6111423434640202506_n.jpg\" data-width=\"1440\" data-height=\"1080\" aria-label=\"\" role=\"img\" ><\/div>\n\t\t\t\t\t\t\t\t\t\t\t<div class=\"elementor-gallery-item__overlay\"><\/div>\n\t\t\t\t\t\t\t\t\t\t\t\t\t\t<\/a>\n\t\t\t\t\t\t\t<a class=\"e-gallery-item elementor-gallery-item elementor-animated-content\" href=\"https:\/\/amisns.edu.pl\/stara-wersja\/wp-content\/uploads\/450748917_996902478426970_4206372798677458236_n.jpg\" data-elementor-open-lightbox=\"yes\" data-elementor-lightbox-slideshow=\"055fc93\" data-elementor-lightbox-title=\"450748917_996902478426970_4206372798677458236_n\" data-e-action-hash=\"#elementor-action%3Aaction%3Dlightbox%26settings%3DeyJpZCI6MjM2NjAsInVybCI6Imh0dHBzOlwvXC9hbWlzbnMuZWR1LnBsXC9zdGFyYS13ZXJzamFcL3dwLWNvbnRlbnRcL3VwbG9hZHNcLzQ1MDc0ODkxN185OTY5MDI0Nzg0MjY5NzBfNDIwNjM3Mjc5ODY3NzQ1ODIzNl9uLmpwZyIsInNsaWRlc2hvdyI6IjA1NWZjOTMifQ%3D%3D\">\n\t\t\t\t\t<div class=\"e-gallery-image elementor-gallery-item__image\" data-thumbnail=\"https:\/\/amisns.edu.pl\/stara-wersja\/wp-content\/uploads\/450748917_996902478426970_4206372798677458236_n.jpg\" data-width=\"810\" data-height=\"1080\" aria-label=\"\" role=\"img\" ><\/div>\n\t\t\t\t\t\t\t\t\t\t\t<div class=\"elementor-gallery-item__overlay\"><\/div>\n\t\t\t\t\t\t\t\t\t\t\t\t\t\t<\/a>\n\t\t\t\t\t\t\t<a class=\"e-gallery-item elementor-gallery-item elementor-animated-content\" href=\"https:\/\/amisns.edu.pl\/stara-wersja\/wp-content\/uploads\/450396605_858784442766026_1641973069805944081_n.jpg\" data-elementor-open-lightbox=\"yes\" data-elementor-lightbox-slideshow=\"055fc93\" data-elementor-lightbox-title=\"450396605_858784442766026_1641973069805944081_n\" data-e-action-hash=\"#elementor-action%3Aaction%3Dlightbox%26settings%3DeyJpZCI6MjM2NTgsInVybCI6Imh0dHBzOlwvXC9hbWlzbnMuZWR1LnBsXC9zdGFyYS13ZXJzamFcL3dwLWNvbnRlbnRcL3VwbG9hZHNcLzQ1MDM5NjYwNV84NTg3ODQ0NDI3NjYwMjZfMTY0MTk3MzA2OTgwNTk0NDA4MV9uLmpwZyIsInNsaWRlc2hvdyI6IjA1NWZjOTMifQ%3D%3D\">\n\t\t\t\t\t<div class=\"e-gallery-image elementor-gallery-item__image\" data-thumbnail=\"https:\/\/amisns.edu.pl\/stara-wersja\/wp-content\/uploads\/450396605_858784442766026_1641973069805944081_n.jpg\" data-width=\"810\" data-height=\"1080\" aria-label=\"\" role=\"img\" ><\/div>\n\t\t\t\t\t\t\t\t\t\t\t<div class=\"elementor-gallery-item__overlay\"><\/div>\n\t\t\t\t\t\t\t\t\t\t\t\t\t\t<\/a>\n\t\t\t\t\t\t\t<a class=\"e-gallery-item elementor-gallery-item elementor-animated-content\" href=\"https:\/\/amisns.edu.pl\/stara-wersja\/wp-content\/uploads\/449264398_463034786499066_7084390709798411800_n.jpg\" data-elementor-open-lightbox=\"yes\" data-elementor-lightbox-slideshow=\"055fc93\" data-elementor-lightbox-title=\"449264398_463034786499066_7084390709798411800_n\" data-e-action-hash=\"#elementor-action%3Aaction%3Dlightbox%26settings%3DeyJpZCI6MjM2NDksInVybCI6Imh0dHBzOlwvXC9hbWlzbnMuZWR1LnBsXC9zdGFyYS13ZXJzamFcL3dwLWNvbnRlbnRcL3VwbG9hZHNcLzQ0OTI2NDM5OF80NjMwMzQ3ODY0OTkwNjZfNzA4NDM5MDcwOTc5ODQxMTgwMF9uLmpwZyIsInNsaWRlc2hvdyI6IjA1NWZjOTMifQ%3D%3D\">\n\t\t\t\t\t<div class=\"e-gallery-image elementor-gallery-item__image\" data-thumbnail=\"https:\/\/amisns.edu.pl\/stara-wersja\/wp-content\/uploads\/449264398_463034786499066_7084390709798411800_n.jpg\" data-width=\"810\" data-height=\"1080\" aria-label=\"\" role=\"img\" ><\/div>\n\t\t\t\t\t\t\t\t\t\t\t<div class=\"elementor-gallery-item__overlay\"><\/div>\n\t\t\t\t\t\t\t\t\t\t\t\t\t\t<\/a>\n\t\t\t\t\t\t\t<a class=\"e-gallery-item elementor-gallery-item elementor-animated-content\" href=\"https:\/\/amisns.edu.pl\/stara-wersja\/wp-content\/uploads\/449195263_942544850961830_1662930997281654967_n.jpg\" data-elementor-open-lightbox=\"yes\" data-elementor-lightbox-slideshow=\"055fc93\" data-elementor-lightbox-title=\"449195263_942544850961830_1662930997281654967_n\" data-e-action-hash=\"#elementor-action%3Aaction%3Dlightbox%26settings%3DeyJpZCI6MjM2NDgsInVybCI6Imh0dHBzOlwvXC9hbWlzbnMuZWR1LnBsXC9zdGFyYS13ZXJzamFcL3dwLWNvbnRlbnRcL3VwbG9hZHNcLzQ0OTE5NTI2M185NDI1NDQ4NTA5NjE4MzBfMTY2MjkzMDk5NzI4MTY1NDk2N19uLmpwZyIsInNsaWRlc2hvdyI6IjA1NWZjOTMifQ%3D%3D\">\n\t\t\t\t\t<div class=\"e-gallery-image elementor-gallery-item__image\" data-thumbnail=\"https:\/\/amisns.edu.pl\/stara-wersja\/wp-content\/uploads\/449195263_942544850961830_1662930997281654967_n.jpg\" data-width=\"807\" data-height=\"1080\" aria-label=\"\" role=\"img\" ><\/div>\n\t\t\t\t\t\t\t\t\t\t\t<div class=\"elementor-gallery-item__overlay\"><\/div>\n\t\t\t\t\t\t\t\t\t\t\t\t\t\t<\/a>\n\t\t\t\t\t\t\t<a class=\"e-gallery-item elementor-gallery-item elementor-animated-content\" href=\"https:\/\/amisns.edu.pl\/stara-wersja\/wp-content\/uploads\/450181330_500825129089273_694160041259460216_n.jpg\" data-elementor-open-lightbox=\"yes\" data-elementor-lightbox-slideshow=\"055fc93\" data-elementor-lightbox-title=\"450181330_500825129089273_694160041259460216_n\" data-e-action-hash=\"#elementor-action%3Aaction%3Dlightbox%26settings%3DeyJpZCI6MjM2NTMsInVybCI6Imh0dHBzOlwvXC9hbWlzbnMuZWR1LnBsXC9zdGFyYS13ZXJzamFcL3dwLWNvbnRlbnRcL3VwbG9hZHNcLzQ1MDE4MTMzMF81MDA4MjUxMjkwODkyNzNfNjk0MTYwMDQxMjU5NDYwMjE2X24uanBnIiwic2xpZGVzaG93IjoiMDU1ZmM5MyJ9\">\n\t\t\t\t\t<div class=\"e-gallery-image elementor-gallery-item__image\" data-thumbnail=\"https:\/\/amisns.edu.pl\/stara-wersja\/wp-content\/uploads\/450181330_500825129089273_694160041259460216_n.jpg\" data-width=\"801\" data-height=\"1080\" aria-label=\"\" role=\"img\" ><\/div>\n\t\t\t\t\t\t\t\t\t\t\t<div class=\"elementor-gallery-item__overlay\"><\/div>\n\t\t\t\t\t\t\t\t\t\t\t\t\t\t<\/a>\n\t\t\t\t\t\t\t<a class=\"e-gallery-item elementor-gallery-item elementor-animated-content\" href=\"https:\/\/amisns.edu.pl\/stara-wersja\/wp-content\/uploads\/450390950_777152544569960_1188893631300535629_n.jpg\" data-elementor-open-lightbox=\"yes\" data-elementor-lightbox-slideshow=\"055fc93\" data-elementor-lightbox-title=\"450390950_777152544569960_1188893631300535629_n\" data-e-action-hash=\"#elementor-action%3Aaction%3Dlightbox%26settings%3DeyJpZCI6MjM2NTcsInVybCI6Imh0dHBzOlwvXC9hbWlzbnMuZWR1LnBsXC9zdGFyYS13ZXJzamFcL3dwLWNvbnRlbnRcL3VwbG9hZHNcLzQ1MDM5MDk1MF83NzcxNTI1NDQ1Njk5NjBfMTE4ODg5MzYzMTMwMDUzNTYyOV9uLmpwZyIsInNsaWRlc2hvdyI6IjA1NWZjOTMifQ%3D%3D\">\n\t\t\t\t\t<div class=\"e-gallery-image elementor-gallery-item__image\" data-thumbnail=\"https:\/\/amisns.edu.pl\/stara-wersja\/wp-content\/uploads\/450390950_777152544569960_1188893631300535629_n.jpg\" data-width=\"1440\" data-height=\"1080\" aria-label=\"\" role=\"img\" ><\/div>\n\t\t\t\t\t\t\t\t\t\t\t<div class=\"elementor-gallery-item__overlay\"><\/div>\n\t\t\t\t\t\t\t\t\t\t\t\t\t\t<\/a>\n\t\t\t\t\t\t\t<a class=\"e-gallery-item elementor-gallery-item elementor-animated-content\" href=\"https:\/\/amisns.edu.pl\/stara-wersja\/wp-content\/uploads\/450259779_504972242068407_1229880847529720436_n.jpg\" data-elementor-open-lightbox=\"yes\" data-elementor-lightbox-slideshow=\"055fc93\" data-elementor-lightbox-title=\"450259779_504972242068407_1229880847529720436_n\" data-e-action-hash=\"#elementor-action%3Aaction%3Dlightbox%26settings%3DeyJpZCI6MjM2NTQsInVybCI6Imh0dHBzOlwvXC9hbWlzbnMuZWR1LnBsXC9zdGFyYS13ZXJzamFcL3dwLWNvbnRlbnRcL3VwbG9hZHNcLzQ1MDI1OTc3OV81MDQ5NzIyNDIwNjg0MDdfMTIyOTg4MDg0NzUyOTcyMDQzNl9uLmpwZyIsInNsaWRlc2hvdyI6IjA1NWZjOTMifQ%3D%3D\">\n\t\t\t\t\t<div class=\"e-gallery-image elementor-gallery-item__image\" data-thumbnail=\"https:\/\/amisns.edu.pl\/stara-wersja\/wp-content\/uploads\/450259779_504972242068407_1229880847529720436_n.jpg\" data-width=\"760\" data-height=\"1080\" aria-label=\"\" role=\"img\" ><\/div>\n\t\t\t\t\t\t\t\t\t\t\t<div class=\"elementor-gallery-item__overlay\"><\/div>\n\t\t\t\t\t\t\t\t\t\t\t\t\t\t<\/a>\n\t\t\t\t\t\t\t<a class=\"e-gallery-item elementor-gallery-item elementor-animated-content\" href=\"https:\/\/amisns.edu.pl\/stara-wersja\/wp-content\/uploads\/451135752_385940174076368_7704281656131736319_n.jpg\" data-elementor-open-lightbox=\"yes\" data-elementor-lightbox-slideshow=\"055fc93\" data-elementor-lightbox-title=\"451135752_385940174076368_7704281656131736319_n\" data-e-action-hash=\"#elementor-action%3Aaction%3Dlightbox%26settings%3DeyJpZCI6MjM2NjUsInVybCI6Imh0dHBzOlwvXC9hbWlzbnMuZWR1LnBsXC9zdGFyYS13ZXJzamFcL3dwLWNvbnRlbnRcL3VwbG9hZHNcLzQ1MTEzNTc1Ml8zODU5NDAxNzQwNzYzNjhfNzcwNDI4MTY1NjEzMTczNjMxOV9uLmpwZyIsInNsaWRlc2hvdyI6IjA1NWZjOTMifQ%3D%3D\">\n\t\t\t\t\t<div class=\"e-gallery-image elementor-gallery-item__image\" data-thumbnail=\"https:\/\/amisns.edu.pl\/stara-wersja\/wp-content\/uploads\/451135752_385940174076368_7704281656131736319_n.jpg\" data-width=\"809\" data-height=\"1080\" aria-label=\"\" role=\"img\" ><\/div>\n\t\t\t\t\t\t\t\t\t\t\t<div class=\"elementor-gallery-item__overlay\"><\/div>\n\t\t\t\t\t\t\t\t\t\t\t\t\t\t<\/a>\n\t\t\t\t\t\t\t<a class=\"e-gallery-item elementor-gallery-item elementor-animated-content\" href=\"https:\/\/amisns.edu.pl\/stara-wersja\/wp-content\/uploads\/451135738_387210020608908_1324301773862402460_n.jpg\" data-elementor-open-lightbox=\"yes\" data-elementor-lightbox-slideshow=\"055fc93\" data-elementor-lightbox-title=\"451135738_387210020608908_1324301773862402460_n\" data-e-action-hash=\"#elementor-action%3Aaction%3Dlightbox%26settings%3DeyJpZCI6MjM2NjQsInVybCI6Imh0dHBzOlwvXC9hbWlzbnMuZWR1LnBsXC9zdGFyYS13ZXJzamFcL3dwLWNvbnRlbnRcL3VwbG9hZHNcLzQ1MTEzNTczOF8zODcyMTAwMjA2MDg5MDhfMTMyNDMwMTc3Mzg2MjQwMjQ2MF9uLmpwZyIsInNsaWRlc2hvdyI6IjA1NWZjOTMifQ%3D%3D\">\n\t\t\t\t\t<div class=\"e-gallery-image elementor-gallery-item__image\" data-thumbnail=\"https:\/\/amisns.edu.pl\/stara-wersja\/wp-content\/uploads\/451135738_387210020608908_1324301773862402460_n.jpg\" data-width=\"814\" data-height=\"1080\" aria-label=\"\" role=\"img\" ><\/div>\n\t\t\t\t\t\t\t\t\t\t\t<div class=\"elementor-gallery-item__overlay\"><\/div>\n\t\t\t\t\t\t\t\t\t\t\t\t\t\t<\/a>\n\t\t\t\t\t\t\t<a class=\"e-gallery-item elementor-gallery-item elementor-animated-content\" href=\"https:\/\/amisns.edu.pl\/stara-wersja\/wp-content\/uploads\/451046320_1007213257510504_8648740736225447034_n.jpg\" data-elementor-open-lightbox=\"yes\" data-elementor-lightbox-slideshow=\"055fc93\" data-elementor-lightbox-title=\"451046320_1007213257510504_8648740736225447034_n\" data-e-action-hash=\"#elementor-action%3Aaction%3Dlightbox%26settings%3DeyJpZCI6MjM2NjMsInVybCI6Imh0dHBzOlwvXC9hbWlzbnMuZWR1LnBsXC9zdGFyYS13ZXJzamFcL3dwLWNvbnRlbnRcL3VwbG9hZHNcLzQ1MTA0NjMyMF8xMDA3MjEzMjU3NTEwNTA0Xzg2NDg3NDA3MzYyMjU0NDcwMzRfbi5qcGciLCJzbGlkZXNob3ciOiIwNTVmYzkzIn0%3D\">\n\t\t\t\t\t<div class=\"e-gallery-image elementor-gallery-item__image\" data-thumbnail=\"https:\/\/amisns.edu.pl\/stara-wersja\/wp-content\/uploads\/451046320_1007213257510504_8648740736225447034_n.jpg\" data-width=\"967\" data-height=\"1080\" aria-label=\"\" role=\"img\" ><\/div>\n\t\t\t\t\t\t\t\t\t\t\t<div class=\"elementor-gallery-item__overlay\"><\/div>\n\t\t\t\t\t\t\t\t\t\t\t\t\t\t<\/a>\n\t\t\t\t\t\t\t<a class=\"e-gallery-item elementor-gallery-item elementor-animated-content\" href=\"https:\/\/amisns.edu.pl\/stara-wersja\/wp-content\/uploads\/451041829_1172712724014055_3422282150658442694_n.jpg\" data-elementor-open-lightbox=\"yes\" data-elementor-lightbox-slideshow=\"055fc93\" data-elementor-lightbox-title=\"451041829_1172712724014055_3422282150658442694_n\" data-e-action-hash=\"#elementor-action%3Aaction%3Dlightbox%26settings%3DeyJpZCI6MjM2NjIsInVybCI6Imh0dHBzOlwvXC9hbWlzbnMuZWR1LnBsXC9zdGFyYS13ZXJzamFcL3dwLWNvbnRlbnRcL3VwbG9hZHNcLzQ1MTA0MTgyOV8xMTcyNzEyNzI0MDE0MDU1XzM0MjIyODIxNTA2NTg0NDI2OTRfbi5qcGciLCJzbGlkZXNob3ciOiIwNTVmYzkzIn0%3D\">\n\t\t\t\t\t<div class=\"e-gallery-image elementor-gallery-item__image\" data-thumbnail=\"https:\/\/amisns.edu.pl\/stara-wersja\/wp-content\/uploads\/451041829_1172712724014055_3422282150658442694_n.jpg\" data-width=\"797\" data-height=\"1080\" aria-label=\"\" role=\"img\" ><\/div>\n\t\t\t\t\t\t\t\t\t\t\t<div class=\"elementor-gallery-item__overlay\"><\/div>\n\t\t\t\t\t\t\t\t\t\t\t\t\t\t<\/a>\n\t\t\t\t\t\t\t<a class=\"e-gallery-item elementor-gallery-item elementor-animated-content\" href=\"https:\/\/amisns.edu.pl\/stara-wersja\/wp-content\/uploads\/451016858_3848261592085605_5901894437569209784_n.jpg\" data-elementor-open-lightbox=\"yes\" data-elementor-lightbox-slideshow=\"055fc93\" data-elementor-lightbox-title=\"451016858_3848261592085605_5901894437569209784_n\" data-e-action-hash=\"#elementor-action%3Aaction%3Dlightbox%26settings%3DeyJpZCI6MjM2NjEsInVybCI6Imh0dHBzOlwvXC9hbWlzbnMuZWR1LnBsXC9zdGFyYS13ZXJzamFcL3dwLWNvbnRlbnRcL3VwbG9hZHNcLzQ1MTAxNjg1OF8zODQ4MjYxNTkyMDg1NjA1XzU5MDE4OTQ0Mzc1NjkyMDk3ODRfbi5qcGciLCJzbGlkZXNob3ciOiIwNTVmYzkzIn0%3D\">\n\t\t\t\t\t<div class=\"e-gallery-image elementor-gallery-item__image\" data-thumbnail=\"https:\/\/amisns.edu.pl\/stara-wersja\/wp-content\/uploads\/451016858_3848261592085605_5901894437569209784_n.jpg\" data-width=\"810\" data-height=\"1080\" aria-label=\"\" role=\"img\" ><\/div>\n\t\t\t\t\t\t\t\t\t\t\t<div class=\"elementor-gallery-item__overlay\"><\/div>\n\t\t\t\t\t\t\t\t\t\t\t\t\t\t<\/a>\n\t\t\t\t\t\t\t<a class=\"e-gallery-item elementor-gallery-item elementor-animated-content\" href=\"https:\/\/amisns.edu.pl\/stara-wersja\/wp-content\/uploads\/450737074_990059532614565_2470145141499115306_n.jpg\" data-elementor-open-lightbox=\"yes\" data-elementor-lightbox-slideshow=\"055fc93\" data-elementor-lightbox-title=\"450737074_990059532614565_2470145141499115306_n\" data-e-action-hash=\"#elementor-action%3Aaction%3Dlightbox%26settings%3DeyJpZCI6MjM2NTksInVybCI6Imh0dHBzOlwvXC9hbWlzbnMuZWR1LnBsXC9zdGFyYS13ZXJzamFcL3dwLWNvbnRlbnRcL3VwbG9hZHNcLzQ1MDczNzA3NF85OTAwNTk1MzI2MTQ1NjVfMjQ3MDE0NTE0MTQ5OTExNTMwNl9uLmpwZyIsInNsaWRlc2hvdyI6IjA1NWZjOTMifQ%3D%3D\">\n\t\t\t\t\t<div class=\"e-gallery-image elementor-gallery-item__image\" data-thumbnail=\"https:\/\/amisns.edu.pl\/stara-wersja\/wp-content\/uploads\/450737074_990059532614565_2470145141499115306_n.jpg\" data-width=\"1489\" data-height=\"1080\" aria-label=\"\" role=\"img\" ><\/div>\n\t\t\t\t\t\t\t\t\t\t\t<div class=\"elementor-gallery-item__overlay\"><\/div>\n\t\t\t\t\t\t\t\t\t\t\t\t\t\t<\/a>\n\t\t\t\t\t\t\t<a class=\"e-gallery-item elementor-gallery-item elementor-animated-content\" href=\"https:\/\/amisns.edu.pl\/stara-wersja\/wp-content\/uploads\/449627447_3180086788788318_1421704823760272780_n.jpg\" data-elementor-open-lightbox=\"yes\" data-elementor-lightbox-slideshow=\"055fc93\" data-elementor-lightbox-title=\"449627447_3180086788788318_1421704823760272780_n\" data-e-action-hash=\"#elementor-action%3Aaction%3Dlightbox%26settings%3DeyJpZCI6MjM2NTAsInVybCI6Imh0dHBzOlwvXC9hbWlzbnMuZWR1LnBsXC9zdGFyYS13ZXJzamFcL3dwLWNvbnRlbnRcL3VwbG9hZHNcLzQ0OTYyNzQ0N18zMTgwMDg2Nzg4Nzg4MzE4XzE0MjE3MDQ4MjM3NjAyNzI3ODBfbi5qcGciLCJzbGlkZXNob3ciOiIwNTVmYzkzIn0%3D\">\n\t\t\t\t\t<div class=\"e-gallery-image elementor-gallery-item__image\" data-thumbnail=\"https:\/\/amisns.edu.pl\/stara-wersja\/wp-content\/uploads\/449627447_3180086788788318_1421704823760272780_n.jpg\" data-width=\"810\" data-height=\"1080\" aria-label=\"\" role=\"img\" ><\/div>\n\t\t\t\t\t\t\t\t\t\t\t<div class=\"elementor-gallery-item__overlay\"><\/div>\n\t\t\t\t\t\t\t\t\t\t\t\t\t\t<\/a>\n\t\t\t\t\t\t\t<a class=\"e-gallery-item elementor-gallery-item elementor-animated-content\" href=\"https:\/\/amisns.edu.pl\/stara-wersja\/wp-content\/uploads\/450059081_1034769274720575_5696988096833655907_n.jpg\" data-elementor-open-lightbox=\"yes\" data-elementor-lightbox-slideshow=\"055fc93\" data-elementor-lightbox-title=\"450059081_1034769274720575_5696988096833655907_n\" data-e-action-hash=\"#elementor-action%3Aaction%3Dlightbox%26settings%3DeyJpZCI6MjM2NTIsInVybCI6Imh0dHBzOlwvXC9hbWlzbnMuZWR1LnBsXC9zdGFyYS13ZXJzamFcL3dwLWNvbnRlbnRcL3VwbG9hZHNcLzQ1MDA1OTA4MV8xMDM0NzY5Mjc0NzIwNTc1XzU2OTY5ODgwOTY4MzM2NTU5MDdfbi5qcGciLCJzbGlkZXNob3ciOiIwNTVmYzkzIn0%3D\">\n\t\t\t\t\t<div class=\"e-gallery-image elementor-gallery-item__image\" data-thumbnail=\"https:\/\/amisns.edu.pl\/stara-wersja\/wp-content\/uploads\/450059081_1034769274720575_5696988096833655907_n.jpg\" data-width=\"851\" data-height=\"1080\" aria-label=\"\" role=\"img\" ><\/div>\n\t\t\t\t\t\t\t\t\t\t\t<div class=\"elementor-gallery-item__overlay\"><\/div>\n\t\t\t\t\t\t\t\t\t\t\t\t\t\t<\/a>\n\t\t\t\t\t\t\t<a class=\"e-gallery-item elementor-gallery-item elementor-animated-content\" href=\"https:\/\/amisns.edu.pl\/stara-wersja\/wp-content\/uploads\/450382493_1527320477882436_3866818128951405993_n.jpg\" data-elementor-open-lightbox=\"yes\" data-elementor-lightbox-slideshow=\"055fc93\" data-elementor-lightbox-title=\"450382493_1527320477882436_3866818128951405993_n\" data-e-action-hash=\"#elementor-action%3Aaction%3Dlightbox%26settings%3DeyJpZCI6MjM2NTUsInVybCI6Imh0dHBzOlwvXC9hbWlzbnMuZWR1LnBsXC9zdGFyYS13ZXJzamFcL3dwLWNvbnRlbnRcL3VwbG9hZHNcLzQ1MDM4MjQ5M18xNTI3MzIwNDc3ODgyNDM2XzM4NjY4MTgxMjg5NTE0MDU5OTNfbi5qcGciLCJzbGlkZXNob3ciOiIwNTVmYzkzIn0%3D\">\n\t\t\t\t\t<div class=\"e-gallery-image elementor-gallery-item__image\" data-thumbnail=\"https:\/\/amisns.edu.pl\/stara-wersja\/wp-content\/uploads\/450382493_1527320477882436_3866818128951405993_n.jpg\" data-width=\"1440\" data-height=\"1080\" aria-label=\"\" role=\"img\" ><\/div>\n\t\t\t\t\t\t\t\t\t\t\t<div class=\"elementor-gallery-item__overlay\"><\/div>\n\t\t\t\t\t\t\t\t\t\t\t\t\t\t<\/a>\n\t\t\t\t\t\t\t<a class=\"e-gallery-item elementor-gallery-item elementor-animated-content\" href=\"https:\/\/amisns.edu.pl\/stara-wersja\/wp-content\/uploads\/450386835_848914713829745_9137099712882064627_n.jpg\" data-elementor-open-lightbox=\"yes\" data-elementor-lightbox-slideshow=\"055fc93\" data-elementor-lightbox-title=\"450386835_848914713829745_9137099712882064627_n\" data-e-action-hash=\"#elementor-action%3Aaction%3Dlightbox%26settings%3DeyJpZCI6MjM2NTYsInVybCI6Imh0dHBzOlwvXC9hbWlzbnMuZWR1LnBsXC9zdGFyYS13ZXJzamFcL3dwLWNvbnRlbnRcL3VwbG9hZHNcLzQ1MDM4NjgzNV84NDg5MTQ3MTM4Mjk3NDVfOTEzNzA5OTcxMjg4MjA2NDYyN19uLmpwZyIsInNsaWRlc2hvdyI6IjA1NWZjOTMifQ%3D%3D\">\n\t\t\t\t\t<div class=\"e-gallery-image elementor-gallery-item__image\" data-thumbnail=\"https:\/\/amisns.edu.pl\/stara-wersja\/wp-content\/uploads\/450386835_848914713829745_9137099712882064627_n.jpg\" data-width=\"1440\" data-height=\"1080\" aria-label=\"\" role=\"img\" ><\/div>\n\t\t\t\t\t\t\t\t\t\t\t<div class=\"elementor-gallery-item__overlay\"><\/div>\n\t\t\t\t\t\t\t\t\t\t\t\t\t\t<\/a>\n\t\t\t\t\t<\/div>\n\t\t\t<\/div>\n\t\t\t\t<\/div>\n\t\t\t\t\t<\/div>\n\t\t<\/div>\n\t\t\t\t\t<\/div>\n\t\t<\/section>\n\t\t\t\t<section class=\"elementor-section elementor-top-section elementor-element elementor-element-0c5a666 elementor-section-boxed elementor-section-height-default elementor-section-height-default\" data-id=\"0c5a666\" data-element_type=\"section\">\n\t\t\t\t\t\t<div class=\"elementor-container elementor-column-gap-default\">\n\t\t\t\t\t<div class=\"elementor-column elementor-col-100 elementor-top-column elementor-element elementor-element-9b2442e\" data-id=\"9b2442e\" data-element_type=\"column\">\n\t\t\t<div class=\"elementor-widget-wrap elementor-element-populated\">\n\t\t\t\t\t\t<div class=\"elementor-element elementor-element-0ab665d elementor-widget-divider--view-line elementor-widget elementor-widget-divider\" data-id=\"0ab665d\" data-element_type=\"widget\" data-widget_type=\"divider.default\">\n\t\t\t\t<div class=\"elementor-widget-container\">\n\t\t\t\t\t<div class=\"elementor-divider\">\n\t\t\t<span class=\"elementor-divider-separator\">\n\t\t\t\t\t\t<\/span>\n\t\t<\/div>\n\t\t\t\t<\/div>\n\t\t\t\t<\/div>\n\t\t\t\t\t<\/div>\n\t\t<\/div>\n\t\t\t\t\t<\/div>\n\t\t<\/section>\n\t\t\t\t<section class=\"elementor-section elementor-top-section elementor-element elementor-element-33c1b01 elementor-section-boxed elementor-section-height-default elementor-section-height-default\" data-id=\"33c1b01\" data-element_type=\"section\">\n\t\t\t\t\t\t<div class=\"elementor-container elementor-column-gap-default\">\n\t\t\t\t\t<div class=\"elementor-column elementor-col-100 elementor-top-column elementor-element elementor-element-0a00fcc\" data-id=\"0a00fcc\" data-element_type=\"column\">\n\t\t\t<div class=\"elementor-widget-wrap elementor-element-populated\">\n\t\t\t\t\t\t<div class=\"elementor-element elementor-element-f5927db elementor-grid-3 elementor-grid-tablet-2 elementor-grid-mobile-1 elementor-posts--thumbnail-top elementor-widget elementor-widget-posts\" data-id=\"f5927db\" data-element_type=\"widget\" data-settings=\"{&quot;classic_columns&quot;:&quot;3&quot;,&quot;classic_columns_tablet&quot;:&quot;2&quot;,&quot;classic_columns_mobile&quot;:&quot;1&quot;,&quot;classic_row_gap&quot;:{&quot;unit&quot;:&quot;px&quot;,&quot;size&quot;:35,&quot;sizes&quot;:[]},&quot;classic_row_gap_tablet&quot;:{&quot;unit&quot;:&quot;px&quot;,&quot;size&quot;:&quot;&quot;,&quot;sizes&quot;:[]},&quot;classic_row_gap_mobile&quot;:{&quot;unit&quot;:&quot;px&quot;,&quot;size&quot;:&quot;&quot;,&quot;sizes&quot;:[]}}\" data-widget_type=\"posts.classic\">\n\t\t\t\t<div class=\"elementor-widget-container\">\n\t\t\t\t\t<div class=\"elementor-posts-container elementor-posts elementor-posts--skin-classic elementor-grid\">\n\t\t\t\t<article class=\"elementor-post elementor-grid-item post-24993 post type-post status-publish format-standard has-post-thumbnail hentry category-glowne-aktualnosci category-uncategorized entry has-media\">\n\t\t\t\t<a class=\"elementor-post__thumbnail__link\" href=\"https:\/\/amisns.edu.pl\/stara-wersja\/wazna-informacja-dla-nowych-studentow\/\" tabindex=\"-1\" >\n\t\t\t<div class=\"elementor-post__thumbnail\"><img decoding=\"async\" width=\"1080\" height=\"1080\" src=\"https:\/\/amisns.edu.pl\/stara-wersja\/wp-content\/uploads\/Zolty-Ciemnoczerwony-Fioletowy-Nowoczesny-Karuzela-Post-na-Instagram-\u2013-edukacja-finansowa.png\" class=\"attachment-medium size-medium wp-image-24994\" alt=\"\" srcset=\"https:\/\/amisns.edu.pl\/stara-wersja\/wp-content\/uploads\/Zolty-Ciemnoczerwony-Fioletowy-Nowoczesny-Karuzela-Post-na-Instagram-\u2013-edukacja-finansowa.png 1080w, https:\/\/amisns.edu.pl\/stara-wersja\/wp-content\/uploads\/Zolty-Ciemnoczerwony-Fioletowy-Nowoczesny-Karuzela-Post-na-Instagram-\u2013-edukacja-finansowa-1000x1000.png 1000w, https:\/\/amisns.edu.pl\/stara-wersja\/wp-content\/uploads\/Zolty-Ciemnoczerwony-Fioletowy-Nowoczesny-Karuzela-Post-na-Instagram-\u2013-edukacja-finansowa-768x768.png 768w, https:\/\/amisns.edu.pl\/stara-wersja\/wp-content\/uploads\/Zolty-Ciemnoczerwony-Fioletowy-Nowoczesny-Karuzela-Post-na-Instagram-\u2013-edukacja-finansowa-600x600.png 600w\" sizes=\"(max-width: 1080px) 100vw, 1080px\" \/><\/div>\n\t\t<\/a>\n\t\t\t\t<div class=\"elementor-post__text\">\n\t\t\t\t<h3 class=\"elementor-post__title\">\n\t\t\t<a href=\"https:\/\/amisns.edu.pl\/stara-wersja\/wazna-informacja-dla-nowych-studentow\/\" >\n\t\t\t\tWa\u017cna informacja dla nowych student\u00f3w!\t\t\t<\/a>\n\t\t<\/h3>\n\t\t\t\t<div class=\"elementor-post__meta-data\">\n\t\t\t\t\t<span class=\"elementor-post-date\">\n\t\t\t04\/10\/2024\t\t<\/span>\n\t\t\t\t<span class=\"elementor-post-avatar\">\n\t\t\tBrak komentarzy\t\t<\/span>\n\t\t\t\t<\/div>\n\t\t\t\t<div class=\"elementor-post__excerpt\">\n\t\t\t<p>Drodzy Studenci! Je\u017celi w tym roku rozpoczynacie kszta\u0142cenie w AMiSNS, pragniemy przypomnie\u0107 o obowi\u0105zku zg\u0142oszenia si\u0119 do swojego Dziekanatu w celu podpisania \u015blubowania. Prosimy o<\/p>\n\t\t<\/div>\n\t\t\n\t\t<a class=\"elementor-post__read-more\" href=\"https:\/\/amisns.edu.pl\/stara-wersja\/wazna-informacja-dla-nowych-studentow\/\" aria-label=\"Read more about Wa\u017cna informacja dla nowych student\u00f3w!\" tabindex=\"-1\" >\n\t\t\tCzytaj wi\u0119cej \u00bb\t\t<\/a>\n\n\t\t\t\t<\/div>\n\t\t\t\t<\/article>\n\t\t\t\t<article class=\"elementor-post elementor-grid-item post-24987 post type-post status-publish format-standard has-post-thumbnail hentry category-glowne-aktualnosci category-uncategorized entry has-media\">\n\t\t\t\t<a class=\"elementor-post__thumbnail__link\" href=\"https:\/\/amisns.edu.pl\/stara-wersja\/godziny-pracy-dzialow-akademii-w-dniach-5-6-pazdziernika\/\" tabindex=\"-1\" >\n\t\t\t<div class=\"elementor-post__thumbnail\"><img decoding=\"async\" width=\"1080\" height=\"1080\" src=\"https:\/\/amisns.edu.pl\/stara-wersja\/wp-content\/uploads\/godziny-pracy-na-3-pazdizerniak.png\" class=\"attachment-medium size-medium wp-image-24982\" alt=\"\" srcset=\"https:\/\/amisns.edu.pl\/stara-wersja\/wp-content\/uploads\/godziny-pracy-na-3-pazdizerniak.png 1080w, https:\/\/amisns.edu.pl\/stara-wersja\/wp-content\/uploads\/godziny-pracy-na-3-pazdizerniak-1000x1000.png 1000w, https:\/\/amisns.edu.pl\/stara-wersja\/wp-content\/uploads\/godziny-pracy-na-3-pazdizerniak-768x768.png 768w, https:\/\/amisns.edu.pl\/stara-wersja\/wp-content\/uploads\/godziny-pracy-na-3-pazdizerniak-600x600.png 600w\" sizes=\"(max-width: 1080px) 100vw, 1080px\" \/><\/div>\n\t\t<\/a>\n\t\t\t\t<div class=\"elementor-post__text\">\n\t\t\t\t<h3 class=\"elementor-post__title\">\n\t\t\t<a href=\"https:\/\/amisns.edu.pl\/stara-wersja\/godziny-pracy-dzialow-akademii-w-dniach-5-6-pazdziernika\/\" >\n\t\t\t\tGodziny pracy dzia\u0142\u00f3w Akademii w dniach 5-6 pa\u017adziernika\t\t\t<\/a>\n\t\t<\/h3>\n\t\t\t\t<div class=\"elementor-post__meta-data\">\n\t\t\t\t\t<span class=\"elementor-post-date\">\n\t\t\t04\/10\/2024\t\t<\/span>\n\t\t\t\t<span class=\"elementor-post-avatar\">\n\t\t\tBrak komentarzy\t\t<\/span>\n\t\t\t\t<\/div>\n\t\t\t\t<div class=\"elementor-post__excerpt\">\n\t\t\t<p>Ju\u017c jutro, w sobot\u0119 o godzinie 10:00 odb\u0119dzie si\u0119 uroczysta Inauguracja Roku Akademickiego 2024\/2025. Serdecznie zapraszamy!\u00a05 i 6 pa\u017adziernika jednostki organizacyjne uczelni b\u0119d\u0105 czynne w<\/p>\n\t\t<\/div>\n\t\t\n\t\t<a class=\"elementor-post__read-more\" href=\"https:\/\/amisns.edu.pl\/stara-wersja\/godziny-pracy-dzialow-akademii-w-dniach-5-6-pazdziernika\/\" aria-label=\"Read more about Godziny pracy dzia\u0142\u00f3w Akademii w dniach 5-6 pa\u017adziernika\" tabindex=\"-1\" >\n\t\t\tCzytaj wi\u0119cej \u00bb\t\t<\/a>\n\n\t\t\t\t<\/div>\n\t\t\t\t<\/article>\n\t\t\t\t<article class=\"elementor-post elementor-grid-item post-24980 post type-post status-publish format-standard has-post-thumbnail hentry category-glowne-aktualnosci category-uncategorized entry has-media\">\n\t\t\t\t<a class=\"elementor-post__thumbnail__link\" href=\"https:\/\/amisns.edu.pl\/stara-wersja\/nieczynna-stolowka-amisns\/\" tabindex=\"-1\" >\n\t\t\t<div class=\"elementor-post__thumbnail\"><img loading=\"lazy\" decoding=\"async\" width=\"940\" height=\"788\" src=\"https:\/\/amisns.edu.pl\/stara-wersja\/wp-content\/uploads\/fgbvf.png\" class=\"attachment-medium size-medium wp-image-24981\" alt=\"\" srcset=\"https:\/\/amisns.edu.pl\/stara-wersja\/wp-content\/uploads\/fgbvf.png 940w, https:\/\/amisns.edu.pl\/stara-wersja\/wp-content\/uploads\/fgbvf-768x644.png 768w\" sizes=\"(max-width: 940px) 100vw, 940px\" \/><\/div>\n\t\t<\/a>\n\t\t\t\t<div class=\"elementor-post__text\">\n\t\t\t\t<h3 class=\"elementor-post__title\">\n\t\t\t<a href=\"https:\/\/amisns.edu.pl\/stara-wersja\/nieczynna-stolowka-amisns\/\" >\n\t\t\t\tNieczynna Sto\u0142\u00f3wka AMiSNS\t\t\t<\/a>\n\t\t<\/h3>\n\t\t\t\t<div class=\"elementor-post__meta-data\">\n\t\t\t\t\t<span class=\"elementor-post-date\">\n\t\t\t04\/10\/2024\t\t<\/span>\n\t\t\t\t<span class=\"elementor-post-avatar\">\n\t\t\tBrak komentarzy\t\t<\/span>\n\t\t\t\t<\/div>\n\t\t\t\t<div class=\"elementor-post__excerpt\">\n\t\t\t\t\t<\/div>\n\t\t\n\t\t<a class=\"elementor-post__read-more\" href=\"https:\/\/amisns.edu.pl\/stara-wersja\/nieczynna-stolowka-amisns\/\" aria-label=\"Read more about Nieczynna Sto\u0142\u00f3wka AMiSNS\" tabindex=\"-1\" >\n\t\t\tCzytaj wi\u0119cej \u00bb\t\t<\/a>\n\n\t\t\t\t<\/div>\n\t\t\t\t<\/article>\n\t\t\t\t<article class=\"elementor-post elementor-grid-item post-24966 post type-post status-publish format-standard has-post-thumbnail hentry category-glowne-aktualnosci entry has-media\">\n\t\t\t\t<a class=\"elementor-post__thumbnail__link\" href=\"https:\/\/amisns.edu.pl\/stara-wersja\/ogloszenie-listy-rankingowej-czwartej-rekrutacji-kierunek-lekarski-rok-akademicki-2024-2025\/\" tabindex=\"-1\" >\n\t\t\t<div class=\"elementor-post__thumbnail\"><img loading=\"lazy\" decoding=\"async\" width=\"940\" height=\"788\" src=\"https:\/\/amisns.edu.pl\/stara-wersja\/wp-content\/uploads\/Kierunek-lekarski-6.jpg\" class=\"attachment-medium size-medium wp-image-24965\" alt=\"\" srcset=\"https:\/\/amisns.edu.pl\/stara-wersja\/wp-content\/uploads\/Kierunek-lekarski-6.jpg 940w, https:\/\/amisns.edu.pl\/stara-wersja\/wp-content\/uploads\/Kierunek-lekarski-6-768x644.jpg 768w\" sizes=\"(max-width: 940px) 100vw, 940px\" \/><\/div>\n\t\t<\/a>\n\t\t\t\t<div class=\"elementor-post__text\">\n\t\t\t\t<h3 class=\"elementor-post__title\">\n\t\t\t<a href=\"https:\/\/amisns.edu.pl\/stara-wersja\/ogloszenie-listy-rankingowej-czwartej-rekrutacji-kierunek-lekarski-rok-akademicki-2024-2025\/\" >\n\t\t\t\tOg\u0142oszenie listy rankingowej czwartej rekrutacji \u2013 kierunek lekarski, rok akademicki 2024\/2025\t\t\t<\/a>\n\t\t<\/h3>\n\t\t\t\t<div class=\"elementor-post__meta-data\">\n\t\t\t\t\t<span class=\"elementor-post-date\">\n\t\t\t02\/10\/2024\t\t<\/span>\n\t\t\t\t<span class=\"elementor-post-avatar\">\n\t\t\tBrak komentarzy\t\t<\/span>\n\t\t\t\t<\/div>\n\t\t\t\t<div class=\"elementor-post__excerpt\">\n\t\t\t<p>Szanowni Kandydaci, poni\u017cej przedstawiamy list\u0119 os\u00f3b, kt\u00f3re zakwalifikowa\u0142y si\u0119 na kierunek lekarski w czwartej turze rekrutacji na rok akademicki 2024\/2025.\u00a0 Lista rankingowa zawiera identyfikatory, kt\u00f3re<\/p>\n\t\t<\/div>\n\t\t\n\t\t<a class=\"elementor-post__read-more\" href=\"https:\/\/amisns.edu.pl\/stara-wersja\/ogloszenie-listy-rankingowej-czwartej-rekrutacji-kierunek-lekarski-rok-akademicki-2024-2025\/\" aria-label=\"Read more about Og\u0142oszenie listy rankingowej czwartej rekrutacji \u2013 kierunek lekarski, rok akademicki 2024\/2025\" tabindex=\"-1\" >\n\t\t\tCzytaj wi\u0119cej \u00bb\t\t<\/a>\n\n\t\t\t\t<\/div>\n\t\t\t\t<\/article>\n\t\t\t\t<article class=\"elementor-post elementor-grid-item post-24954 post type-post status-publish format-standard has-post-thumbnail hentry category-glowne-aktualnosci entry has-media\">\n\t\t\t\t<a class=\"elementor-post__thumbnail__link\" href=\"https:\/\/amisns.edu.pl\/stara-wersja\/ruszyl-nabor-wnioskow-stypendialnych-na-rok-akademicki-2024-2025\/\" tabindex=\"-1\" >\n\t\t\t<div class=\"elementor-post__thumbnail\"><img loading=\"lazy\" decoding=\"async\" width=\"1080\" height=\"1080\" src=\"https:\/\/amisns.edu.pl\/stara-wersja\/wp-content\/uploads\/Stypendia-20242025-1.jpg\" class=\"attachment-medium size-medium wp-image-24959\" alt=\"\" srcset=\"https:\/\/amisns.edu.pl\/stara-wersja\/wp-content\/uploads\/Stypendia-20242025-1.jpg 1080w, https:\/\/amisns.edu.pl\/stara-wersja\/wp-content\/uploads\/Stypendia-20242025-1-1000x1000.jpg 1000w, https:\/\/amisns.edu.pl\/stara-wersja\/wp-content\/uploads\/Stypendia-20242025-1-768x768.jpg 768w, https:\/\/amisns.edu.pl\/stara-wersja\/wp-content\/uploads\/Stypendia-20242025-1-600x600.jpg 600w\" sizes=\"(max-width: 1080px) 100vw, 1080px\" \/><\/div>\n\t\t<\/a>\n\t\t\t\t<div class=\"elementor-post__text\">\n\t\t\t\t<h3 class=\"elementor-post__title\">\n\t\t\t<a href=\"https:\/\/amisns.edu.pl\/stara-wersja\/ruszyl-nabor-wnioskow-stypendialnych-na-rok-akademicki-2024-2025\/\" >\n\t\t\t\tRuszy\u0142 nab\u00f3r wniosk\u00f3w stypendialnych na rok akademicki 2024\/2025\t\t\t<\/a>\n\t\t<\/h3>\n\t\t\t\t<div class=\"elementor-post__meta-data\">\n\t\t\t\t\t<span class=\"elementor-post-date\">\n\t\t\t01\/10\/2024\t\t<\/span>\n\t\t\t\t<span class=\"elementor-post-avatar\">\n\t\t\tBrak komentarzy\t\t<\/span>\n\t\t\t\t<\/div>\n\t\t\t\t<div class=\"elementor-post__excerpt\">\n\t\t\t<p>Studenci Akademii Medycznych i Spo\u0142ecznych Nauk Stosowanych mog\u0105 ju\u017c sk\u0142ada\u0107 wnioski o stypendia. Oferujemy wsparcie finansowe w formie:\u00a0 stypendi\u00f3w socjalnych dla os\u00f3b niepe\u0142nosprawnych, rektora, ministra<\/p>\n\t\t<\/div>\n\t\t\n\t\t<a class=\"elementor-post__read-more\" href=\"https:\/\/amisns.edu.pl\/stara-wersja\/ruszyl-nabor-wnioskow-stypendialnych-na-rok-akademicki-2024-2025\/\" aria-label=\"Read more about Ruszy\u0142 nab\u00f3r wniosk\u00f3w stypendialnych na rok akademicki 2024\/2025\" tabindex=\"-1\" >\n\t\t\tCzytaj wi\u0119cej \u00bb\t\t<\/a>\n\n\t\t\t\t<\/div>\n\t\t\t\t<\/article>\n\t\t\t\t<article class=\"elementor-post elementor-grid-item post-24920 post type-post status-publish format-standard has-post-thumbnail hentry category-glowne-aktualnosci entry has-media\">\n\t\t\t\t<a class=\"elementor-post__thumbnail__link\" href=\"https:\/\/amisns.edu.pl\/stara-wersja\/przedluzona-rekrutacja-na-studia-w-akademii-medycznych-i-spolecznych-nauk-stosowanych-trwa-do-19-pazdziernika\/\" tabindex=\"-1\" >\n\t\t\t<div class=\"elementor-post__thumbnail\"><img loading=\"lazy\" decoding=\"async\" width=\"940\" height=\"788\" src=\"https:\/\/amisns.edu.pl\/stara-wersja\/wp-content\/uploads\/Bez-tytulu-Post-na-Facebooka-1.jpg\" class=\"attachment-medium size-medium wp-image-24921\" alt=\"\" srcset=\"https:\/\/amisns.edu.pl\/stara-wersja\/wp-content\/uploads\/Bez-tytulu-Post-na-Facebooka-1.jpg 940w, https:\/\/amisns.edu.pl\/stara-wersja\/wp-content\/uploads\/Bez-tytulu-Post-na-Facebooka-1-768x644.jpg 768w\" sizes=\"(max-width: 940px) 100vw, 940px\" \/><\/div>\n\t\t<\/a>\n\t\t\t\t<div class=\"elementor-post__text\">\n\t\t\t\t<h3 class=\"elementor-post__title\">\n\t\t\t<a href=\"https:\/\/amisns.edu.pl\/stara-wersja\/przedluzona-rekrutacja-na-studia-w-akademii-medycznych-i-spolecznych-nauk-stosowanych-trwa-do-19-pazdziernika\/\" >\n\t\t\t\tPrzed\u0142u\u017cona rekrutacja na studia w Akademii Medycznych i Spo\u0142ecznych Nauk Stosowanych \u2013 trwa do 19 pa\u017adziernika!\t\t\t<\/a>\n\t\t<\/h3>\n\t\t\t\t<div class=\"elementor-post__meta-data\">\n\t\t\t\t\t<span class=\"elementor-post-date\">\n\t\t\t30\/09\/2024\t\t<\/span>\n\t\t\t\t<span class=\"elementor-post-avatar\">\n\t\t\tBrak komentarzy\t\t<\/span>\n\t\t\t\t<\/div>\n\t\t\t\t<div class=\"elementor-post__excerpt\">\n\t\t\t<p>Drodzy Kandydaci!Z rado\u015bci\u0105 informujemy, \u017ce Akademia Medycznych i Spo\u0142ecznych Nauk Stosowanych przed\u0142u\u017cy\u0142a rekrutacj\u0119 na studia do 19 pa\u017adziernika. To doskona\u0142a okazja, aby do\u0142\u0105czy\u0107 do grona<\/p>\n\t\t<\/div>\n\t\t\n\t\t<a class=\"elementor-post__read-more\" href=\"https:\/\/amisns.edu.pl\/stara-wersja\/przedluzona-rekrutacja-na-studia-w-akademii-medycznych-i-spolecznych-nauk-stosowanych-trwa-do-19-pazdziernika\/\" aria-label=\"Read more about Przed\u0142u\u017cona rekrutacja na studia w Akademii Medycznych i Spo\u0142ecznych Nauk Stosowanych \u2013 trwa do 19 pa\u017adziernika!\" tabindex=\"-1\" >\n\t\t\tCzytaj wi\u0119cej \u00bb\t\t<\/a>\n\n\t\t\t\t<\/div>\n\t\t\t\t<\/article>\n\t\t\t\t<\/div>\n\t\t\n\t\t\t\t<\/div>\n\t\t\t\t<\/div>\n\t\t\t\t\t<\/div>\n\t\t<\/div>\n\t\t\t\t\t<\/div>\n\t\t<\/section>\n\t\t\t\t<\/div>\n\t\t","protected":false},"excerpt":{"rendered":"<p>Z rado\u015bci\u0105 informujemy, \u017ce studenci pierwszego i drugiego roku kierunku lekarskiego Akademii Medycznych i Spo\u0142ecznych Nauk Stosowanych (AMiSNS) rozpocz\u0119li praktyki w Szpitalu w Mirano we W\u0142oszech. To wyj\u0105tkowe do\u015bwiadczenie sta\u0142o si\u0119 mo\u017cliwe dzi\u0119ki wsp\u00f3\u0142pracy nawi\u0105zanej przez profesora Luigi Marano &#8211; Pe\u0142nomocnika rektora ds. rozwoju wsp\u00f3\u0142pracy mi\u0119dzynarodowej AMiSNS &#8211; z dr Biagio Epifani, dyrektorem Oddzia\u0142u Ratunkowego [&hellip;]<\/p>\n","protected":false},"author":2,"featured_media":23667,"comment_status":"closed","ping_status":"closed","sticky":false,"template":"elementor_header_footer","format":"standard","meta":{"ocean_post_layout":"","ocean_both_sidebars_style":"","ocean_both_sidebars_content_width":0,"ocean_both_sidebars_sidebars_width":0,"ocean_sidebar":"","ocean_second_sidebar":"","ocean_disable_margins":"enable","ocean_add_body_class":"","ocean_shortcode_before_top_bar":"","ocean_shortcode_after_top_bar":"","ocean_shortcode_before_header":"","ocean_shortcode_after_header":"","ocean_has_shortcode":"","ocean_shortcode_after_title":"","ocean_shortcode_before_footer_widgets":"","ocean_shortcode_after_footer_widgets":"","ocean_shortcode_before_footer_bottom":"","ocean_shortcode_after_footer_bottom":"","ocean_display_top_bar":"default","ocean_display_header":"default","ocean_header_style":"","ocean_center_header_left_menu":"","ocean_custom_header_template":"","ocean_custom_logo":0,"ocean_custom_retina_logo":0,"ocean_custom_logo_max_width":0,"ocean_custom_logo_tablet_max_width":0,"ocean_custom_logo_mobile_max_width":0,"ocean_custom_logo_max_height":0,"ocean_custom_logo_tablet_max_height":0,"ocean_custom_logo_mobile_max_height":0,"ocean_header_custom_menu":"","ocean_menu_typo_font_family":"","ocean_menu_typo_font_subset":"","ocean_menu_typo_font_size":0,"ocean_menu_typo_font_size_tablet":0,"ocean_menu_typo_font_size_mobile":0,"ocean_menu_typo_font_size_unit":"px","ocean_menu_typo_font_weight":"","ocean_menu_typo_font_weight_tablet":"","ocean_menu_typo_font_weight_mobile":"","ocean_menu_typo_transform":"","ocean_menu_typo_transform_tablet":"","ocean_menu_typo_transform_mobile":"","ocean_menu_typo_line_height":0,"ocean_menu_typo_line_height_tablet":0,"ocean_menu_typo_line_height_mobile":0,"ocean_menu_typo_line_height_unit":"","ocean_menu_typo_spacing":0,"ocean_menu_typo_spacing_tablet":0,"ocean_menu_typo_spacing_mobile":0,"ocean_menu_typo_spacing_unit":"","ocean_menu_link_color":"","ocean_menu_link_color_hover":"","ocean_menu_link_color_active":"","ocean_menu_link_background":"","ocean_menu_link_hover_background":"","ocean_menu_link_active_background":"","ocean_menu_social_links_bg":"","ocean_menu_social_hover_links_bg":"","ocean_menu_social_links_color":"","ocean_menu_social_hover_links_color":"","ocean_disable_title":"default","ocean_disable_heading":"default","ocean_post_title":"","ocean_post_subheading":"","ocean_post_title_style":"","ocean_post_title_background_color":"","ocean_post_title_background":0,"ocean_post_title_bg_image_position":"","ocean_post_title_bg_image_attachment":"","ocean_post_title_bg_image_repeat":"","ocean_post_title_bg_image_size":"","ocean_post_title_height":0,"ocean_post_title_bg_overlay":0.5,"ocean_post_title_bg_overlay_color":"","ocean_disable_breadcrumbs":"default","ocean_breadcrumbs_color":"","ocean_breadcrumbs_separator_color":"","ocean_breadcrumbs_links_color":"","ocean_breadcrumbs_links_hover_color":"","ocean_display_footer_widgets":"default","ocean_display_footer_bottom":"default","ocean_custom_footer_template":"","ocean_post_oembed":"","ocean_post_self_hosted_media":"","ocean_post_video_embed":"","ocean_link_format":"","ocean_link_format_target":"self","ocean_quote_format":"","ocean_quote_format_link":"post","ocean_gallery_link_images":"on","ocean_gallery_id":[],"footnotes":""},"categories":[34,36,28,27,1],"tags":[],"class_list":["post-23646","post","type-post","status-publish","format-standard","has-post-thumbnail","hentry","category-aktulnosci-wlek","category-erasmus","category-glowne-aktualnosci","category-ogloszenia-dla-studentow-lekarskiego","category-uncategorized","entry","has-media"],"yoast_head":"<!-- This site is optimized with the Yoast SEO plugin v23.7 - https:\/\/yoast.com\/wordpress\/plugins\/seo\/ -->\n<title>Praktyki medyczne w Szpitalu w Mirano. Studenci AMiSNS szkol\u0105 si\u0119 pod okiem w\u0142oskich specjalist\u00f3w! - AMISNS<\/title>\n<meta name=\"robots\" content=\"noindex, follow, max-snippet:-1, max-image-preview:large, max-video-preview:-1\" \/>\n<meta property=\"og:locale\" content=\"pl_PL\" \/>\n<meta property=\"og:type\" content=\"article\" \/>\n<meta property=\"og:title\" content=\"Praktyki medyczne w Szpitalu w Mirano. Studenci AMiSNS szkol\u0105 si\u0119 pod okiem w\u0142oskich specjalist\u00f3w! - AMISNS\" \/>\n<meta property=\"og:description\" content=\"Z rado\u015bci\u0105 informujemy, \u017ce studenci pierwszego i drugiego roku kierunku lekarskiego Akademii Medycznych i Spo\u0142ecznych Nauk Stosowanych (AMiSNS) rozpocz\u0119li praktyki w Szpitalu w Mirano we W\u0142oszech. To wyj\u0105tkowe do\u015bwiadczenie sta\u0142o si\u0119 mo\u017cliwe dzi\u0119ki wsp\u00f3\u0142pracy nawi\u0105zanej przez profesora Luigi Marano &#8211; Pe\u0142nomocnika rektora ds. rozwoju wsp\u00f3\u0142pracy mi\u0119dzynarodowej AMiSNS &#8211; z dr Biagio Epifani, dyrektorem Oddzia\u0142u Ratunkowego [&hellip;]\" \/>\n<meta property=\"og:url\" content=\"https:\/\/amisns.edu.pl\/stara-wersja\/praktyki-medyczne-w-szpitalu-w-mirano-studenci-amisns-szkola-sie-pod-okiem-wloskich-specjalistow\/\" \/>\n<meta property=\"og:site_name\" content=\"AMISNS\" \/>\n<meta property=\"article:publisher\" content=\"https:\/\/www.facebook.com\/AMiSNSElblag\" \/>\n<meta property=\"article:published_time\" content=\"2024-07-23T08:17:50+00:00\" \/>\n<meta property=\"article:modified_time\" content=\"2024-07-23T10:48:55+00:00\" \/>\n<meta property=\"og:image\" content=\"https:\/\/amisns.edu.pl\/stara-wersja\/wp-content\/uploads\/448745696_1842305009513969_3718160438188574741_n-1.jpg\" \/>\n\t<meta property=\"og:image:width\" content=\"991\" \/>\n\t<meta property=\"og:image:height\" content=\"1080\" \/>\n\t<meta property=\"og:image:type\" content=\"image\/jpeg\" \/>\n<meta name=\"author\" content=\"Biuro promocji\" \/>\n<meta name=\"twitter:card\" content=\"summary_large_image\" \/>\n<meta name=\"twitter:label1\" content=\"Napisane przez\" \/>\n\t<meta name=\"twitter:data1\" content=\"Biuro promocji\" \/>\n\t<meta name=\"twitter:label2\" content=\"Szacowany czas czytania\" \/>\n\t<meta name=\"twitter:data2\" content=\"7 minut\" \/>\n<script type=\"application\/ld+json\" class=\"yoast-schema-graph\">{\"@context\":\"https:\/\/schema.org\",\"@graph\":[{\"@type\":\"Article\",\"@id\":\"https:\/\/amisns.edu.pl\/stara-wersja\/praktyki-medyczne-w-szpitalu-w-mirano-studenci-amisns-szkola-sie-pod-okiem-wloskich-specjalistow\/#article\",\"isPartOf\":{\"@id\":\"https:\/\/amisns.edu.pl\/stara-wersja\/praktyki-medyczne-w-szpitalu-w-mirano-studenci-amisns-szkola-sie-pod-okiem-wloskich-specjalistow\/\"},\"author\":{\"name\":\"Biuro promocji\",\"@id\":\"https:\/\/amisns.edu.pl\/stara-wersja\/stara-wersja\/#\/schema\/person\/4868ddcf0f0d3f8b0c675e45540fd350\"},\"headline\":\"Praktyki medyczne w Szpitalu w Mirano. Studenci AMiSNS szkol\u0105 si\u0119 pod okiem w\u0142oskich specjalist\u00f3w!\",\"datePublished\":\"2024-07-23T08:17:50+00:00\",\"dateModified\":\"2024-07-23T10:48:55+00:00\",\"mainEntityOfPage\":{\"@id\":\"https:\/\/amisns.edu.pl\/stara-wersja\/praktyki-medyczne-w-szpitalu-w-mirano-studenci-amisns-szkola-sie-pod-okiem-wloskich-specjalistow\/\"},\"wordCount\":367,\"publisher\":{\"@id\":\"https:\/\/amisns.edu.pl\/stara-wersja\/stara-wersja\/#organization\"},\"image\":{\"@id\":\"https:\/\/amisns.edu.pl\/stara-wersja\/praktyki-medyczne-w-szpitalu-w-mirano-studenci-amisns-szkola-sie-pod-okiem-wloskich-specjalistow\/#primaryimage\"},\"thumbnailUrl\":\"https:\/\/amisns.edu.pl\/stara-wersja\/wp-content\/uploads\/448745696_1842305009513969_3718160438188574741_n-1.jpg\",\"articleSection\":[\"Aktulno\u015bci WLEK\",\"Erasmus\",\"G\u0142\u00f3wne aktualno\u015bci\",\"Og\u0142oszenia dla student\u00f3w Lekarskiego\",\"Uncategorized\"],\"inLanguage\":\"pl-PL\"},{\"@type\":\"WebPage\",\"@id\":\"https:\/\/amisns.edu.pl\/stara-wersja\/praktyki-medyczne-w-szpitalu-w-mirano-studenci-amisns-szkola-sie-pod-okiem-wloskich-specjalistow\/\",\"url\":\"https:\/\/amisns.edu.pl\/stara-wersja\/praktyki-medyczne-w-szpitalu-w-mirano-studenci-amisns-szkola-sie-pod-okiem-wloskich-specjalistow\/\",\"name\":\"Praktyki medyczne w Szpitalu w Mirano. Studenci AMiSNS szkol\u0105 si\u0119 pod okiem w\u0142oskich specjalist\u00f3w! - AMISNS\",\"isPartOf\":{\"@id\":\"https:\/\/amisns.edu.pl\/stara-wersja\/stara-wersja\/#website\"},\"primaryImageOfPage\":{\"@id\":\"https:\/\/amisns.edu.pl\/stara-wersja\/praktyki-medyczne-w-szpitalu-w-mirano-studenci-amisns-szkola-sie-pod-okiem-wloskich-specjalistow\/#primaryimage\"},\"image\":{\"@id\":\"https:\/\/amisns.edu.pl\/stara-wersja\/praktyki-medyczne-w-szpitalu-w-mirano-studenci-amisns-szkola-sie-pod-okiem-wloskich-specjalistow\/#primaryimage\"},\"thumbnailUrl\":\"https:\/\/amisns.edu.pl\/stara-wersja\/wp-content\/uploads\/448745696_1842305009513969_3718160438188574741_n-1.jpg\",\"datePublished\":\"2024-07-23T08:17:50+00:00\",\"dateModified\":\"2024-07-23T10:48:55+00:00\",\"breadcrumb\":{\"@id\":\"https:\/\/amisns.edu.pl\/stara-wersja\/praktyki-medyczne-w-szpitalu-w-mirano-studenci-amisns-szkola-sie-pod-okiem-wloskich-specjalistow\/#breadcrumb\"},\"inLanguage\":\"pl-PL\",\"potentialAction\":[{\"@type\":\"ReadAction\",\"target\":[\"https:\/\/amisns.edu.pl\/stara-wersja\/praktyki-medyczne-w-szpitalu-w-mirano-studenci-amisns-szkola-sie-pod-okiem-wloskich-specjalistow\/\"]}]},{\"@type\":\"ImageObject\",\"inLanguage\":\"pl-PL\",\"@id\":\"https:\/\/amisns.edu.pl\/stara-wersja\/praktyki-medyczne-w-szpitalu-w-mirano-studenci-amisns-szkola-sie-pod-okiem-wloskich-specjalistow\/#primaryimage\",\"url\":\"https:\/\/amisns.edu.pl\/stara-wersja\/wp-content\/uploads\/448745696_1842305009513969_3718160438188574741_n-1.jpg\",\"contentUrl\":\"https:\/\/amisns.edu.pl\/stara-wersja\/wp-content\/uploads\/448745696_1842305009513969_3718160438188574741_n-1.jpg\",\"width\":991,\"height\":1080},{\"@type\":\"BreadcrumbList\",\"@id\":\"https:\/\/amisns.edu.pl\/stara-wersja\/praktyki-medyczne-w-szpitalu-w-mirano-studenci-amisns-szkola-sie-pod-okiem-wloskich-specjalistow\/#breadcrumb\",\"itemListElement\":[{\"@type\":\"ListItem\",\"position\":1,\"name\":\"Strona g\u0142\u00f3wna\",\"item\":\"https:\/\/amisns.edu.pl\/stara-wersja\/\"},{\"@type\":\"ListItem\",\"position\":2,\"name\":\"Praktyki medyczne w Szpitalu w Mirano. Studenci AMiSNS szkol\u0105 si\u0119 pod okiem w\u0142oskich specjalist\u00f3w!\"}]},{\"@type\":\"WebSite\",\"@id\":\"https:\/\/amisns.edu.pl\/stara-wersja\/stara-wersja\/#website\",\"url\":\"https:\/\/amisns.edu.pl\/stara-wersja\/stara-wersja\/\",\"name\":\"AMISNS\",\"description\":\"Akademia Medycznych i Spo\u0142ecznych nauk stosowanych\",\"publisher\":{\"@id\":\"https:\/\/amisns.edu.pl\/stara-wersja\/stara-wersja\/#organization\"},\"potentialAction\":[{\"@type\":\"SearchAction\",\"target\":{\"@type\":\"EntryPoint\",\"urlTemplate\":\"https:\/\/amisns.edu.pl\/stara-wersja\/stara-wersja\/?s={search_term_string}\"},\"query-input\":{\"@type\":\"PropertyValueSpecification\",\"valueRequired\":true,\"valueName\":\"search_term_string\"}}],\"inLanguage\":\"pl-PL\"},{\"@type\":\"Organization\",\"@id\":\"https:\/\/amisns.edu.pl\/stara-wersja\/stara-wersja\/#organization\",\"name\":\"AMISNS\",\"url\":\"https:\/\/amisns.edu.pl\/stara-wersja\/stara-wersja\/\",\"logo\":{\"@type\":\"ImageObject\",\"inLanguage\":\"pl-PL\",\"@id\":\"https:\/\/amisns.edu.pl\/stara-wersja\/stara-wersja\/#\/schema\/logo\/image\/\",\"url\":\"https:\/\/amisns.edu.pl\/stara-wersja\/wp-content\/uploads\/2022\/12\/Znak-AMiSNS-na-strone-www-4k.png\",\"contentUrl\":\"https:\/\/amisns.edu.pl\/stara-wersja\/wp-content\/uploads\/2022\/12\/Znak-AMiSNS-na-strone-www-4k.png\",\"width\":1920,\"height\":523,\"caption\":\"AMISNS\"},\"image\":{\"@id\":\"https:\/\/amisns.edu.pl\/stara-wersja\/stara-wersja\/#\/schema\/logo\/image\/\"},\"sameAs\":[\"https:\/\/www.facebook.com\/AMiSNSElblag\"]},{\"@type\":\"Person\",\"@id\":\"https:\/\/amisns.edu.pl\/stara-wersja\/stara-wersja\/#\/schema\/person\/4868ddcf0f0d3f8b0c675e45540fd350\",\"name\":\"Biuro promocji\",\"image\":{\"@type\":\"ImageObject\",\"inLanguage\":\"pl-PL\",\"@id\":\"https:\/\/amisns.edu.pl\/stara-wersja\/stara-wersja\/#\/schema\/person\/image\/\",\"url\":\"https:\/\/secure.gravatar.com\/avatar\/ba1c61f2c67d3536a6e469d64619f0d0?s=96&d=mm&r=g\",\"contentUrl\":\"https:\/\/secure.gravatar.com\/avatar\/ba1c61f2c67d3536a6e469d64619f0d0?s=96&d=mm&r=g\",\"caption\":\"Biuro promocji\"},\"url\":\"https:\/\/amisns.edu.pl\/stara-wersja\/author\/biuro-promocji\/\"}]}<\/script>\n<!-- \/ Yoast SEO plugin. -->","yoast_head_json":{"title":"Praktyki medyczne w Szpitalu w Mirano. Studenci AMiSNS szkol\u0105 si\u0119 pod okiem w\u0142oskich specjalist\u00f3w! - AMISNS","robots":{"index":"noindex","follow":"follow","max-snippet":"max-snippet:-1","max-image-preview":"max-image-preview:large","max-video-preview":"max-video-preview:-1"},"og_locale":"pl_PL","og_type":"article","og_title":"Praktyki medyczne w Szpitalu w Mirano. Studenci AMiSNS szkol\u0105 si\u0119 pod okiem w\u0142oskich specjalist\u00f3w! - AMISNS","og_description":"Z rado\u015bci\u0105 informujemy, \u017ce studenci pierwszego i drugiego roku kierunku lekarskiego Akademii Medycznych i Spo\u0142ecznych Nauk Stosowanych (AMiSNS) rozpocz\u0119li praktyki w Szpitalu w Mirano we W\u0142oszech. To wyj\u0105tkowe do\u015bwiadczenie sta\u0142o si\u0119 mo\u017cliwe dzi\u0119ki wsp\u00f3\u0142pracy nawi\u0105zanej przez profesora Luigi Marano &#8211; Pe\u0142nomocnika rektora ds. rozwoju wsp\u00f3\u0142pracy mi\u0119dzynarodowej AMiSNS &#8211; z dr Biagio Epifani, dyrektorem Oddzia\u0142u Ratunkowego [&hellip;]","og_url":"https:\/\/amisns.edu.pl\/stara-wersja\/praktyki-medyczne-w-szpitalu-w-mirano-studenci-amisns-szkola-sie-pod-okiem-wloskich-specjalistow\/","og_site_name":"AMISNS","article_publisher":"https:\/\/www.facebook.com\/AMiSNSElblag","article_published_time":"2024-07-23T08:17:50+00:00","article_modified_time":"2024-07-23T10:48:55+00:00","og_image":[{"width":991,"height":1080,"url":"https:\/\/amisns.edu.pl\/stara-wersja\/wp-content\/uploads\/448745696_1842305009513969_3718160438188574741_n-1.jpg","type":"image\/jpeg"}],"author":"Biuro promocji","twitter_card":"summary_large_image","twitter_misc":{"Napisane przez":"Biuro promocji","Szacowany czas czytania":"7 minut"},"schema":{"@context":"https:\/\/schema.org","@graph":[{"@type":"Article","@id":"https:\/\/amisns.edu.pl\/stara-wersja\/praktyki-medyczne-w-szpitalu-w-mirano-studenci-amisns-szkola-sie-pod-okiem-wloskich-specjalistow\/#article","isPartOf":{"@id":"https:\/\/amisns.edu.pl\/stara-wersja\/praktyki-medyczne-w-szpitalu-w-mirano-studenci-amisns-szkola-sie-pod-okiem-wloskich-specjalistow\/"},"author":{"name":"Biuro promocji","@id":"https:\/\/amisns.edu.pl\/stara-wersja\/stara-wersja\/#\/schema\/person\/4868ddcf0f0d3f8b0c675e45540fd350"},"headline":"Praktyki medyczne w Szpitalu w Mirano. Studenci AMiSNS szkol\u0105 si\u0119 pod okiem w\u0142oskich specjalist\u00f3w!","datePublished":"2024-07-23T08:17:50+00:00","dateModified":"2024-07-23T10:48:55+00:00","mainEntityOfPage":{"@id":"https:\/\/amisns.edu.pl\/stara-wersja\/praktyki-medyczne-w-szpitalu-w-mirano-studenci-amisns-szkola-sie-pod-okiem-wloskich-specjalistow\/"},"wordCount":367,"publisher":{"@id":"https:\/\/amisns.edu.pl\/stara-wersja\/stara-wersja\/#organization"},"image":{"@id":"https:\/\/amisns.edu.pl\/stara-wersja\/praktyki-medyczne-w-szpitalu-w-mirano-studenci-amisns-szkola-sie-pod-okiem-wloskich-specjalistow\/#primaryimage"},"thumbnailUrl":"https:\/\/amisns.edu.pl\/stara-wersja\/wp-content\/uploads\/448745696_1842305009513969_3718160438188574741_n-1.jpg","articleSection":["Aktulno\u015bci WLEK","Erasmus","G\u0142\u00f3wne aktualno\u015bci","Og\u0142oszenia dla student\u00f3w Lekarskiego","Uncategorized"],"inLanguage":"pl-PL"},{"@type":"WebPage","@id":"https:\/\/amisns.edu.pl\/stara-wersja\/praktyki-medyczne-w-szpitalu-w-mirano-studenci-amisns-szkola-sie-pod-okiem-wloskich-specjalistow\/","url":"https:\/\/amisns.edu.pl\/stara-wersja\/praktyki-medyczne-w-szpitalu-w-mirano-studenci-amisns-szkola-sie-pod-okiem-wloskich-specjalistow\/","name":"Praktyki medyczne w Szpitalu w Mirano. Studenci AMiSNS szkol\u0105 si\u0119 pod okiem w\u0142oskich specjalist\u00f3w! - AMISNS","isPartOf":{"@id":"https:\/\/amisns.edu.pl\/stara-wersja\/stara-wersja\/#website"},"primaryImageOfPage":{"@id":"https:\/\/amisns.edu.pl\/stara-wersja\/praktyki-medyczne-w-szpitalu-w-mirano-studenci-amisns-szkola-sie-pod-okiem-wloskich-specjalistow\/#primaryimage"},"image":{"@id":"https:\/\/amisns.edu.pl\/stara-wersja\/praktyki-medyczne-w-szpitalu-w-mirano-studenci-amisns-szkola-sie-pod-okiem-wloskich-specjalistow\/#primaryimage"},"thumbnailUrl":"https:\/\/amisns.edu.pl\/stara-wersja\/wp-content\/uploads\/448745696_1842305009513969_3718160438188574741_n-1.jpg","datePublished":"2024-07-23T08:17:50+00:00","dateModified":"2024-07-23T10:48:55+00:00","breadcrumb":{"@id":"https:\/\/amisns.edu.pl\/stara-wersja\/praktyki-medyczne-w-szpitalu-w-mirano-studenci-amisns-szkola-sie-pod-okiem-wloskich-specjalistow\/#breadcrumb"},"inLanguage":"pl-PL","potentialAction":[{"@type":"ReadAction","target":["https:\/\/amisns.edu.pl\/stara-wersja\/praktyki-medyczne-w-szpitalu-w-mirano-studenci-amisns-szkola-sie-pod-okiem-wloskich-specjalistow\/"]}]},{"@type":"ImageObject","inLanguage":"pl-PL","@id":"https:\/\/amisns.edu.pl\/stara-wersja\/praktyki-medyczne-w-szpitalu-w-mirano-studenci-amisns-szkola-sie-pod-okiem-wloskich-specjalistow\/#primaryimage","url":"https:\/\/amisns.edu.pl\/stara-wersja\/wp-content\/uploads\/448745696_1842305009513969_3718160438188574741_n-1.jpg","contentUrl":"https:\/\/amisns.edu.pl\/stara-wersja\/wp-content\/uploads\/448745696_1842305009513969_3718160438188574741_n-1.jpg","width":991,"height":1080},{"@type":"BreadcrumbList","@id":"https:\/\/amisns.edu.pl\/stara-wersja\/praktyki-medyczne-w-szpitalu-w-mirano-studenci-amisns-szkola-sie-pod-okiem-wloskich-specjalistow\/#breadcrumb","itemListElement":[{"@type":"ListItem","position":1,"name":"Strona g\u0142\u00f3wna","item":"https:\/\/amisns.edu.pl\/stara-wersja\/"},{"@type":"ListItem","position":2,"name":"Praktyki medyczne w Szpitalu w Mirano. Studenci AMiSNS szkol\u0105 si\u0119 pod okiem w\u0142oskich specjalist\u00f3w!"}]},{"@type":"WebSite","@id":"https:\/\/amisns.edu.pl\/stara-wersja\/stara-wersja\/#website","url":"https:\/\/amisns.edu.pl\/stara-wersja\/stara-wersja\/","name":"AMISNS","description":"Akademia Medycznych i Spo\u0142ecznych nauk stosowanych","publisher":{"@id":"https:\/\/amisns.edu.pl\/stara-wersja\/stara-wersja\/#organization"},"potentialAction":[{"@type":"SearchAction","target":{"@type":"EntryPoint","urlTemplate":"https:\/\/amisns.edu.pl\/stara-wersja\/stara-wersja\/?s={search_term_string}"},"query-input":{"@type":"PropertyValueSpecification","valueRequired":true,"valueName":"search_term_string"}}],"inLanguage":"pl-PL"},{"@type":"Organization","@id":"https:\/\/amisns.edu.pl\/stara-wersja\/stara-wersja\/#organization","name":"AMISNS","url":"https:\/\/amisns.edu.pl\/stara-wersja\/stara-wersja\/","logo":{"@type":"ImageObject","inLanguage":"pl-PL","@id":"https:\/\/amisns.edu.pl\/stara-wersja\/stara-wersja\/#\/schema\/logo\/image\/","url":"https:\/\/amisns.edu.pl\/stara-wersja\/wp-content\/uploads\/2022\/12\/Znak-AMiSNS-na-strone-www-4k.png","contentUrl":"https:\/\/amisns.edu.pl\/stara-wersja\/wp-content\/uploads\/2022\/12\/Znak-AMiSNS-na-strone-www-4k.png","width":1920,"height":523,"caption":"AMISNS"},"image":{"@id":"https:\/\/amisns.edu.pl\/stara-wersja\/stara-wersja\/#\/schema\/logo\/image\/"},"sameAs":["https:\/\/www.facebook.com\/AMiSNSElblag"]},{"@type":"Person","@id":"https:\/\/amisns.edu.pl\/stara-wersja\/stara-wersja\/#\/schema\/person\/4868ddcf0f0d3f8b0c675e45540fd350","name":"Biuro promocji","image":{"@type":"ImageObject","inLanguage":"pl-PL","@id":"https:\/\/amisns.edu.pl\/stara-wersja\/stara-wersja\/#\/schema\/person\/image\/","url":"https:\/\/secure.gravatar.com\/avatar\/ba1c61f2c67d3536a6e469d64619f0d0?s=96&d=mm&r=g","contentUrl":"https:\/\/secure.gravatar.com\/avatar\/ba1c61f2c67d3536a6e469d64619f0d0?s=96&d=mm&r=g","caption":"Biuro promocji"},"url":"https:\/\/amisns.edu.pl\/stara-wersja\/author\/biuro-promocji\/"}]}},"_links":{"self":[{"href":"https:\/\/amisns.edu.pl\/stara-wersja\/wp-json\/wp\/v2\/posts\/23646"}],"collection":[{"href":"https:\/\/amisns.edu.pl\/stara-wersja\/wp-json\/wp\/v2\/posts"}],"about":[{"href":"https:\/\/amisns.edu.pl\/stara-wersja\/wp-json\/wp\/v2\/types\/post"}],"author":[{"embeddable":true,"href":"https:\/\/amisns.edu.pl\/stara-wersja\/wp-json\/wp\/v2\/users\/2"}],"replies":[{"embeddable":true,"href":"https:\/\/amisns.edu.pl\/stara-wersja\/wp-json\/wp\/v2\/comments?post=23646"}],"version-history":[{"count":34,"href":"https:\/\/amisns.edu.pl\/stara-wersja\/wp-json\/wp\/v2\/posts\/23646\/revisions"}],"predecessor-version":[{"id":23702,"href":"https:\/\/amisns.edu.pl\/stara-wersja\/wp-json\/wp\/v2\/posts\/23646\/revisions\/23702"}],"wp:featuredmedia":[{"embeddable":true,"href":"https:\/\/amisns.edu.pl\/stara-wersja\/wp-json\/wp\/v2\/media\/23667"}],"wp:attachment":[{"href":"https:\/\/amisns.edu.pl\/stara-wersja\/wp-json\/wp\/v2\/media?parent=23646"}],"wp:term":[{"taxonomy":"category","embeddable":true,"href":"https:\/\/amisns.edu.pl\/stara-wersja\/wp-json\/wp\/v2\/categories?post=23646"},{"taxonomy":"post_tag","embeddable":true,"href":"https:\/\/amisns.edu.pl\/stara-wersja\/wp-json\/wp\/v2\/tags?post=23646"}],"curies":[{"name":"wp","href":"https:\/\/api.w.org\/{rel}","templated":true}]}}