{"id":4439,"date":"2022-12-19T22:09:13","date_gmt":"2022-12-19T21:09:13","guid":{"rendered":"http:\/\/wordpress2247503.home.pl\/public_html\/amisns.edu.pl\/?p=4439"},"modified":"2023-01-11T22:14:17","modified_gmt":"2023-01-11T21:14:17","slug":"co-przyniesie-erasmus-w-2023-roku","status":"publish","type":"post","link":"https:\/\/amisns.edu.pl\/stara-wersja\/co-przyniesie-erasmus-w-2023-roku\/","title":{"rendered":"Co przyniesie Erasmus+ w 2023 roku?"},"content":{"rendered":"\t\t<div data-elementor-type=\"wp-post\" data-elementor-id=\"4439\" class=\"elementor elementor-4439\" data-elementor-post-type=\"post\">\n\t\t\t\t\t\t<section class=\"elementor-section elementor-top-section elementor-element elementor-element-224bfe4 elementor-section-boxed elementor-section-height-default elementor-section-height-default\" data-id=\"224bfe4\" data-element_type=\"section\">\n\t\t\t\t\t\t<div class=\"elementor-container elementor-column-gap-default\">\n\t\t\t\t\t<div class=\"elementor-column elementor-col-100 elementor-top-column elementor-element elementor-element-a1a7a89\" data-id=\"a1a7a89\" data-element_type=\"column\">\n\t\t\t<div class=\"elementor-widget-wrap elementor-element-populated\">\n\t\t\t\t\t\t<div class=\"elementor-element elementor-element-f63fd62 elementor-widget elementor-widget-theme-post-featured-image elementor-widget-image\" data-id=\"f63fd62\" data-element_type=\"widget\" data-widget_type=\"theme-post-featured-image.default\">\n\t\t\t\t<div class=\"elementor-widget-container\">\n\t\t\t\t\t\t\t\t\t\t\t\t\t<img fetchpriority=\"high\" decoding=\"async\" width=\"768\" height=\"432\" src=\"https:\/\/amisns.edu.pl\/stara-wersja\/wp-content\/uploads\/2022\/12\/Artykul-07.12.2022-r-Erasmus2-768x432.jpg\" class=\"attachment-medium_large size-medium_large wp-image-2398\" alt=\"\" srcset=\"https:\/\/amisns.edu.pl\/stara-wersja\/wp-content\/uploads\/2022\/12\/Artykul-07.12.2022-r-Erasmus2-768x432.jpg 768w, https:\/\/amisns.edu.pl\/stara-wersja\/wp-content\/uploads\/2022\/12\/Artykul-07.12.2022-r-Erasmus2-300x169.jpg 300w, https:\/\/amisns.edu.pl\/stara-wersja\/wp-content\/uploads\/2022\/12\/Artykul-07.12.2022-r-Erasmus2-1024x576.jpg 1024w, https:\/\/amisns.edu.pl\/stara-wersja\/wp-content\/uploads\/2022\/12\/Artykul-07.12.2022-r-Erasmus2-1536x864.jpg 1536w, https:\/\/amisns.edu.pl\/stara-wersja\/wp-content\/uploads\/2022\/12\/Artykul-07.12.2022-r-Erasmus2-800x450.jpg 800w, https:\/\/amisns.edu.pl\/stara-wersja\/wp-content\/uploads\/2022\/12\/Artykul-07.12.2022-r-Erasmus2.jpg 2000w\" sizes=\"(max-width: 768px) 100vw, 768px\" \/>\t\t\t\t\t\t\t\t\t\t\t\t\t<\/div>\n\t\t\t\t<\/div>\n\t\t\t\t\t<\/div>\n\t\t<\/div>\n\t\t\t\t\t<\/div>\n\t\t<\/section>\n\t\t\t\t<section class=\"elementor-section elementor-top-section elementor-element elementor-element-f8af03b elementor-section-boxed elementor-section-height-default elementor-section-height-default\" data-id=\"f8af03b\" data-element_type=\"section\">\n\t\t\t\t\t\t<div class=\"elementor-container elementor-column-gap-default\">\n\t\t\t\t\t<div class=\"elementor-column elementor-col-100 elementor-top-column elementor-element elementor-element-d5fd8d3\" data-id=\"d5fd8d3\" data-element_type=\"column\">\n\t\t\t<div class=\"elementor-widget-wrap elementor-element-populated\">\n\t\t\t\t\t\t<div class=\"elementor-element elementor-element-99e536c elementor-widget elementor-widget-theme-post-title elementor-page-title elementor-widget-heading\" data-id=\"99e536c\" data-element_type=\"widget\" data-widget_type=\"theme-post-title.default\">\n\t\t\t\t<div class=\"elementor-widget-container\">\n\t\t\t<h1 class=\"elementor-heading-title elementor-size-default\">Co przyniesie Erasmus+ w 2023 roku?<\/h1>\t\t<\/div>\n\t\t\t\t<\/div>\n\t\t\t\t\t<\/div>\n\t\t<\/div>\n\t\t\t\t\t<\/div>\n\t\t<\/section>\n\t\t\t\t<section class=\"elementor-section elementor-top-section elementor-element elementor-element-4798436 elementor-section-boxed elementor-section-height-default elementor-section-height-default\" data-id=\"4798436\" data-element_type=\"section\">\n\t\t\t\t\t\t<div class=\"elementor-container elementor-column-gap-default\">\n\t\t\t\t\t<div class=\"elementor-column elementor-col-100 elementor-top-column elementor-element elementor-element-80f21a6\" data-id=\"80f21a6\" data-element_type=\"column\">\n\t\t\t<div class=\"elementor-widget-wrap elementor-element-populated\">\n\t\t\t\t\t\t<div class=\"elementor-element elementor-element-57971bd elementor-widget elementor-widget-post-info\" data-id=\"57971bd\" data-element_type=\"widget\" data-widget_type=\"post-info.default\">\n\t\t\t\t<div class=\"elementor-widget-container\">\n\t\t\t\t\t<ul class=\"elementor-inline-items elementor-icon-list-items elementor-post-info\">\n\t\t\t\t\t\t\t\t<li class=\"elementor-icon-list-item elementor-repeater-item-9ec1d93 elementor-inline-item\" itemprop=\"datePublished\">\n\t\t\t\t\t\t<a href=\"https:\/\/amisns.edu.pl\/stara-wersja\/2022\/12\/19\/\">\n\t\t\t\t\t\t\t\t\t\t\t<span class=\"elementor-icon-list-icon\">\n\t\t\t\t\t\t\t\t<i aria-hidden=\"true\" class=\"fas fa-calendar\"><\/i>\t\t\t\t\t\t\t<\/span>\n\t\t\t\t\t\t\t\t\t<span class=\"elementor-icon-list-text elementor-post-info__item elementor-post-info__item--type-date\">\n\t\t\t\t\t\t\t\t\t\t<time>19 grudnia, 2022<\/time>\t\t\t\t\t<\/span>\n\t\t\t\t\t\t\t\t\t<\/a>\n\t\t\t\t<\/li>\n\t\t\t\t<\/ul>\n\t\t\t\t<\/div>\n\t\t\t\t<\/div>\n\t\t\t\t\t<\/div>\n\t\t<\/div>\n\t\t\t\t\t<\/div>\n\t\t<\/section>\n\t\t\t\t<section class=\"elementor-section elementor-top-section elementor-element elementor-element-57d708a elementor-section-boxed elementor-section-height-default elementor-section-height-default\" data-id=\"57d708a\" data-element_type=\"section\">\n\t\t\t\t\t\t<div class=\"elementor-container elementor-column-gap-default\">\n\t\t\t\t\t<div class=\"elementor-column elementor-col-100 elementor-top-column elementor-element elementor-element-f7484ee\" data-id=\"f7484ee\" data-element_type=\"column\">\n\t\t\t<div class=\"elementor-widget-wrap elementor-element-populated\">\n\t\t\t\t\t\t<div class=\"elementor-element elementor-element-a8b3ae5 elementor-widget elementor-widget-text-editor\" data-id=\"a8b3ae5\" data-element_type=\"widget\" data-widget_type=\"text-editor.default\">\n\t\t\t\t<div class=\"elementor-widget-container\">\n\t\t\t\t\t\t\t<p>Koordynator Programu Erasmus+ w Akademii Medycznych i Spo\u0142ecznych Nauk Stosowanych pan Tomasz Mendrek w dniu 07.12.2022 r. uczestniczy\u0142 w kolejnym wydarzeniu z cyklu spotka\u0144, przybli\u017caj\u0105cym nadchodz\u0105ce zmiany w programie Erasmus+ w konkursie wniosk\u00f3w na rok 2023. Spotkanie, podobnie jak poprzednie, odby\u0142o si\u0119 w Bibliotece Uniwersytetu Gda\u0144skiego. Opr\u00f3cz oferty Programu zaprezentowane zosta\u0142y r\u00f3wnie\u017c perspektywy, jakie niesie ze sob\u0105 Europejski Korpus Solidarno\u015bci.<\/p><p>Podczas spotkania potencjalni wnioskodawcy zostali zaznajomieni z informacjami na temat mobilno\u015bci i projekt\u00f3w mo\u017cliwych do zrealizowania w ramach programu Erasmus+ i Europejskiego Korpusu Solidarno\u015bci z naciskiem na zasady konkursu obowi\u0105zuj\u0105ce w roku 2023.<\/p><p>W ramach prezentacji przedstawiono m.in. zasady realizacji: projekt\u00f3w mobilno\u015bci, partnerstw wsp\u00f3\u0142pracy i innych typ\u00f3w projekt\u00f3w (m.in. partnerstwa na ma\u0142\u0105 skal\u0119, skierowanych do wszystkich sektor\u00f3w Programu Erasmus+ (w ramach Akcji 2), akcji charakterystycznych dla sektor\u00f3w, jak np. dzia\u0142ania wspieraj\u0105ce uczestnictwo m\u0142odzie\u017cy, DiscoverEU, europejskie imprezy sportowe oraz budowanie potencja\u0142u w dziedzinie sportu, projekt\u00f3w Europejskiego Korpusu Solidarno\u015bci \u2013 mi\u0119dzynarodowych oraz lokalnych projekt\u00f3w wolontariackich.<\/p><p>Szczeg\u00f3\u0142owy program spotkania przedstawiamy poni\u017cej:<\/p><p>\u201eEuropejski Korpus Solidarno\u015bci \u2013 mo\u017cliwo\u015bci realizacji wysokojako\u015bciowych projekt\u00f3w wolontariatu mi\u0119dzynarodowego i lokalnego\u201d (Julia Czubek Erasmus+, InnHUB Gda\u0144sk),<br \/>\u201eJak zrealizowa\u0107 projekt wolontariatu dofinansowany z Europejskiego Korpusu Solidarno\u015bci?\u201d (Magdalena Herszkowicz, Centrum Wsp\u00f3\u0142pracy M\u0142odzie\u017cy Gdynia),<br \/>\u201eCharakterystyka Partnerstw wsp\u00f3\u0142pracy oraz partnerstw na ma\u0142\u0105 skal\u0119 w sektorach Programu Erasmus+\u201d (Anna Kowalczyk, Sektor Edukacja Szkolna Narodowa Agencja Programu Erasmus+ i Europejskiego Korpusu Solidarno\u015bci),<br \/>\u201eJak zrealizowa\u0107 projekt w ramach partnerstw na rzecz wsp\u00f3\u0142pracy? Przyk\u0142ad projektu do\u015bwiadczonego beneficjenta\u201d (Katolickie Liceum Og\u00f3lnokszta\u0142c\u0105ce w Chojnicach),<br \/>\u201eJak zrealizowa\u0107 projekt w ramach partnerstw na rzecz wsp\u00f3\u0142pracy? Ze szczeg\u00f3lnym uwzgl\u0119dnieniem zagro\u017ce\u0144 przy doborze partner\u00f3w i raportu ko\u0144cowego. Przyk\u0142ad projektu do\u015bwiadczonego beneficjenta\u201d (Narz\u0119dzia pracy z seniorami w sporcie Klub Sportowy Beniaminek, Starogard Gda\u0144ski),<br \/>\u201eSzkolenia mi\u0119dzynarodowe Erasmus+ (TCA \u2013 Training and Cooperation Activities)\u201d (Anna Musiaka \u2013 Ostrowska Zesp\u00f3\u0142 TCA Narodowa Agencja Programu Erasmus+ i Europejskiego Korpusu Solidarno\u015bci),<br \/>\u201eBran\u017cowe Centra Umiej\u0119tno\u015bci\u201d (Patrycja Makowska \u2013 Zesp\u00f3\u0142 POWER, Narodowa Agencja Programu Erasmus+ i Europejskiego Korpusu Solidarno\u015bci),<br \/>Zorganizowane wydarzenie po raz kolejny pozwoli\u0142o uzyska\u0107 szersz\u0105 perspektyw\u0119 na kolejne lata, jak r\u00f3wnie\u017c pozna\u0107 zarys nadchodz\u0105cych zmian jakie Komisja Europejska wprowadzi\u0142a w istniej\u0105cym ju\u017c od ponad 20 lat programie Erasmus+.<\/p><p>Warto nadmieni\u0107, \u017ce Europejski bud\u017cet programu na lata 2021\u20132027 wynosi 26,2 miliarda euro \u2013 to oko\u0142o 13 miliard\u00f3w euro wi\u0119cej ni\u017c w poprzedniej perspektywie finansowej.<\/p><p>Spotkanie odby\u0142o si\u0119 w ramach dzia\u0142alno\u015bci Erasmus+ InnHUB Gda\u0144sk stworzonym w partnerstwie z Uniwersytetem Gda\u0144skim i wsp\u00f3\u0142pracy z uczelniami pomorskimi, kt\u00f3re przyst\u0105pi\u0142y do Porozumienia na rzecz wspierania pomorskich innowacji poprzez Program Erasmus+.<\/p><p>Wi\u0119cej szczeg\u00f3\u0142owych informacji znajd\u0105 Pa\u0144stwo na oficjalnej stronie, po\u015bwi\u0119conej programowi Erasmus+:<\/p><p><a href=\"https:\/\/erasmusplus.org.pl\/\" target=\"_blank\" rel=\"noopener\">erasmusplus.org.pl\/<\/a><\/p><p>\u00a0<\/p><p>W przypadku pyta\u0144 dotycz\u0105cych programu Erasmus+, w szczeg\u00f3lno\u015bci zwi\u0105zanych z nowym konkursem wniosk\u00f3w na rok 2023, zapraszamy do kontaktu z koordynatorami projektu osobi\u015bcie w AMiSNS (budynek C, pok\u00f3j 020) drog\u0105 mailow\u0105 lub telefonicznie:<\/p><p><img decoding=\"async\" class=\"emoji\" role=\"img\" draggable=\"false\" src=\"https:\/\/s.w.org\/images\/core\/emoji\/14.0.0\/svg\/1f4e7.svg\" alt=\"\ud83d\udce7\" \/> erasmus@amisns.edu.pl<\/p><p><img decoding=\"async\" class=\"emoji\" role=\"img\" draggable=\"false\" src=\"https:\/\/s.w.org\/images\/core\/emoji\/14.0.0\/svg\/1f4de.svg\" alt=\"\ud83d\udcde\" \/> 451 177 575<\/p>\t\t\t\t\t\t<\/div>\n\t\t\t\t<\/div>\n\t\t\t\t\t<\/div>\n\t\t<\/div>\n\t\t\t\t\t<\/div>\n\t\t<\/section>\n\t\t\t\t<section class=\"elementor-section elementor-top-section elementor-element elementor-element-d4b1f2f elementor-section-boxed elementor-section-height-default elementor-section-height-default\" data-id=\"d4b1f2f\" data-element_type=\"section\">\n\t\t\t\t\t\t<div class=\"elementor-container elementor-column-gap-default\">\n\t\t\t\t\t<div class=\"elementor-column elementor-col-100 elementor-top-column elementor-element elementor-element-852b47f\" data-id=\"852b47f\" data-element_type=\"column\">\n\t\t\t<div class=\"elementor-widget-wrap elementor-element-populated\">\n\t\t\t\t\t\t<div class=\"elementor-element elementor-element-2ca7e5b elementor-widget-divider--view-line elementor-widget elementor-widget-divider\" data-id=\"2ca7e5b\" data-element_type=\"widget\" data-widget_type=\"divider.default\">\n\t\t\t\t<div class=\"elementor-widget-container\">\n\t\t\t\t\t<div class=\"elementor-divider\">\n\t\t\t<span class=\"elementor-divider-separator\">\n\t\t\t\t\t\t<\/span>\n\t\t<\/div>\n\t\t\t\t<\/div>\n\t\t\t\t<\/div>\n\t\t\t\t\t<\/div>\n\t\t<\/div>\n\t\t\t\t\t<\/div>\n\t\t<\/section>\n\t\t\t\t<section class=\"elementor-section elementor-top-section elementor-element elementor-element-451937c elementor-section-boxed elementor-section-height-default elementor-section-height-default\" data-id=\"451937c\" data-element_type=\"section\">\n\t\t\t\t\t\t<div class=\"elementor-container elementor-column-gap-default\">\n\t\t\t\t\t<div class=\"elementor-column elementor-col-100 elementor-top-column elementor-element elementor-element-2256969\" data-id=\"2256969\" data-element_type=\"column\">\n\t\t\t<div class=\"elementor-widget-wrap elementor-element-populated\">\n\t\t\t\t\t\t<div class=\"elementor-element elementor-element-9e63419 elementor-grid-3 elementor-grid-tablet-2 elementor-grid-mobile-1 elementor-posts--thumbnail-top elementor-widget elementor-widget-posts\" data-id=\"9e63419\" data-element_type=\"widget\" data-settings=\"{&quot;classic_columns&quot;:&quot;3&quot;,&quot;classic_columns_tablet&quot;:&quot;2&quot;,&quot;classic_columns_mobile&quot;:&quot;1&quot;,&quot;classic_row_gap&quot;:{&quot;unit&quot;:&quot;px&quot;,&quot;size&quot;:35,&quot;sizes&quot;:[]},&quot;classic_row_gap_tablet&quot;:{&quot;unit&quot;:&quot;px&quot;,&quot;size&quot;:&quot;&quot;,&quot;sizes&quot;:[]},&quot;classic_row_gap_mobile&quot;:{&quot;unit&quot;:&quot;px&quot;,&quot;size&quot;:&quot;&quot;,&quot;sizes&quot;:[]}}\" data-widget_type=\"posts.classic\">\n\t\t\t\t<div class=\"elementor-widget-container\">\n\t\t\t\t\t<div class=\"elementor-posts-container elementor-posts elementor-posts--skin-classic elementor-grid\">\n\t\t\t\t<article class=\"elementor-post elementor-grid-item post-24993 post type-post status-publish format-standard has-post-thumbnail hentry category-glowne-aktualnosci category-uncategorized entry has-media\">\n\t\t\t\t<a class=\"elementor-post__thumbnail__link\" href=\"https:\/\/amisns.edu.pl\/stara-wersja\/wazna-informacja-dla-nowych-studentow\/\" tabindex=\"-1\" >\n\t\t\t<div class=\"elementor-post__thumbnail\"><img decoding=\"async\" width=\"1080\" height=\"1080\" src=\"https:\/\/amisns.edu.pl\/stara-wersja\/wp-content\/uploads\/Zolty-Ciemnoczerwony-Fioletowy-Nowoczesny-Karuzela-Post-na-Instagram-\u2013-edukacja-finansowa.png\" class=\"attachment-medium size-medium wp-image-24994\" alt=\"\" srcset=\"https:\/\/amisns.edu.pl\/stara-wersja\/wp-content\/uploads\/Zolty-Ciemnoczerwony-Fioletowy-Nowoczesny-Karuzela-Post-na-Instagram-\u2013-edukacja-finansowa.png 1080w, https:\/\/amisns.edu.pl\/stara-wersja\/wp-content\/uploads\/Zolty-Ciemnoczerwony-Fioletowy-Nowoczesny-Karuzela-Post-na-Instagram-\u2013-edukacja-finansowa-1000x1000.png 1000w, https:\/\/amisns.edu.pl\/stara-wersja\/wp-content\/uploads\/Zolty-Ciemnoczerwony-Fioletowy-Nowoczesny-Karuzela-Post-na-Instagram-\u2013-edukacja-finansowa-768x768.png 768w, https:\/\/amisns.edu.pl\/stara-wersja\/wp-content\/uploads\/Zolty-Ciemnoczerwony-Fioletowy-Nowoczesny-Karuzela-Post-na-Instagram-\u2013-edukacja-finansowa-600x600.png 600w\" sizes=\"(max-width: 1080px) 100vw, 1080px\" \/><\/div>\n\t\t<\/a>\n\t\t\t\t<div class=\"elementor-post__text\">\n\t\t\t\t<h3 class=\"elementor-post__title\">\n\t\t\t<a href=\"https:\/\/amisns.edu.pl\/stara-wersja\/wazna-informacja-dla-nowych-studentow\/\" >\n\t\t\t\tWa\u017cna informacja dla nowych student\u00f3w!\t\t\t<\/a>\n\t\t<\/h3>\n\t\t\t\t<div class=\"elementor-post__meta-data\">\n\t\t\t\t\t<span class=\"elementor-post-date\">\n\t\t\t04\/10\/2024\t\t<\/span>\n\t\t\t\t<span class=\"elementor-post-avatar\">\n\t\t\tBrak komentarzy\t\t<\/span>\n\t\t\t\t<\/div>\n\t\t\t\t<div class=\"elementor-post__excerpt\">\n\t\t\t<p>Drodzy Studenci! Je\u017celi w tym roku rozpoczynacie kszta\u0142cenie w AMiSNS, pragniemy przypomnie\u0107 o obowi\u0105zku zg\u0142oszenia si\u0119 do swojego Dziekanatu w celu podpisania \u015blubowania. Prosimy o<\/p>\n\t\t<\/div>\n\t\t\n\t\t<a class=\"elementor-post__read-more\" href=\"https:\/\/amisns.edu.pl\/stara-wersja\/wazna-informacja-dla-nowych-studentow\/\" aria-label=\"Read more about Wa\u017cna informacja dla nowych student\u00f3w!\" tabindex=\"-1\" >\n\t\t\tCzytaj wi\u0119cej \u00bb\t\t<\/a>\n\n\t\t\t\t<\/div>\n\t\t\t\t<\/article>\n\t\t\t\t<article class=\"elementor-post elementor-grid-item post-24987 post type-post status-publish format-standard has-post-thumbnail hentry category-glowne-aktualnosci category-uncategorized entry has-media\">\n\t\t\t\t<a class=\"elementor-post__thumbnail__link\" href=\"https:\/\/amisns.edu.pl\/stara-wersja\/godziny-pracy-dzialow-akademii-w-dniach-5-6-pazdziernika\/\" tabindex=\"-1\" >\n\t\t\t<div class=\"elementor-post__thumbnail\"><img decoding=\"async\" width=\"1080\" height=\"1080\" src=\"https:\/\/amisns.edu.pl\/stara-wersja\/wp-content\/uploads\/godziny-pracy-na-3-pazdizerniak.png\" class=\"attachment-medium size-medium wp-image-24982\" alt=\"\" srcset=\"https:\/\/amisns.edu.pl\/stara-wersja\/wp-content\/uploads\/godziny-pracy-na-3-pazdizerniak.png 1080w, https:\/\/amisns.edu.pl\/stara-wersja\/wp-content\/uploads\/godziny-pracy-na-3-pazdizerniak-1000x1000.png 1000w, https:\/\/amisns.edu.pl\/stara-wersja\/wp-content\/uploads\/godziny-pracy-na-3-pazdizerniak-768x768.png 768w, https:\/\/amisns.edu.pl\/stara-wersja\/wp-content\/uploads\/godziny-pracy-na-3-pazdizerniak-600x600.png 600w\" sizes=\"(max-width: 1080px) 100vw, 1080px\" \/><\/div>\n\t\t<\/a>\n\t\t\t\t<div class=\"elementor-post__text\">\n\t\t\t\t<h3 class=\"elementor-post__title\">\n\t\t\t<a href=\"https:\/\/amisns.edu.pl\/stara-wersja\/godziny-pracy-dzialow-akademii-w-dniach-5-6-pazdziernika\/\" >\n\t\t\t\tGodziny pracy dzia\u0142\u00f3w Akademii w dniach 5-6 pa\u017adziernika\t\t\t<\/a>\n\t\t<\/h3>\n\t\t\t\t<div class=\"elementor-post__meta-data\">\n\t\t\t\t\t<span class=\"elementor-post-date\">\n\t\t\t04\/10\/2024\t\t<\/span>\n\t\t\t\t<span class=\"elementor-post-avatar\">\n\t\t\tBrak komentarzy\t\t<\/span>\n\t\t\t\t<\/div>\n\t\t\t\t<div class=\"elementor-post__excerpt\">\n\t\t\t<p>Ju\u017c jutro, w sobot\u0119 o godzinie 10:00 odb\u0119dzie si\u0119 uroczysta Inauguracja Roku Akademickiego 2024\/2025. Serdecznie zapraszamy!\u00a05 i 6 pa\u017adziernika jednostki organizacyjne uczelni b\u0119d\u0105 czynne w<\/p>\n\t\t<\/div>\n\t\t\n\t\t<a class=\"elementor-post__read-more\" href=\"https:\/\/amisns.edu.pl\/stara-wersja\/godziny-pracy-dzialow-akademii-w-dniach-5-6-pazdziernika\/\" aria-label=\"Read more about Godziny pracy dzia\u0142\u00f3w Akademii w dniach 5-6 pa\u017adziernika\" tabindex=\"-1\" >\n\t\t\tCzytaj wi\u0119cej \u00bb\t\t<\/a>\n\n\t\t\t\t<\/div>\n\t\t\t\t<\/article>\n\t\t\t\t<article class=\"elementor-post elementor-grid-item post-24980 post type-post status-publish format-standard has-post-thumbnail hentry category-glowne-aktualnosci category-uncategorized entry has-media\">\n\t\t\t\t<a class=\"elementor-post__thumbnail__link\" href=\"https:\/\/amisns.edu.pl\/stara-wersja\/nieczynna-stolowka-amisns\/\" tabindex=\"-1\" >\n\t\t\t<div class=\"elementor-post__thumbnail\"><img loading=\"lazy\" decoding=\"async\" width=\"940\" height=\"788\" src=\"https:\/\/amisns.edu.pl\/stara-wersja\/wp-content\/uploads\/fgbvf.png\" class=\"attachment-medium size-medium wp-image-24981\" alt=\"\" srcset=\"https:\/\/amisns.edu.pl\/stara-wersja\/wp-content\/uploads\/fgbvf.png 940w, https:\/\/amisns.edu.pl\/stara-wersja\/wp-content\/uploads\/fgbvf-768x644.png 768w\" sizes=\"(max-width: 940px) 100vw, 940px\" \/><\/div>\n\t\t<\/a>\n\t\t\t\t<div class=\"elementor-post__text\">\n\t\t\t\t<h3 class=\"elementor-post__title\">\n\t\t\t<a href=\"https:\/\/amisns.edu.pl\/stara-wersja\/nieczynna-stolowka-amisns\/\" >\n\t\t\t\tNieczynna Sto\u0142\u00f3wka AMiSNS\t\t\t<\/a>\n\t\t<\/h3>\n\t\t\t\t<div class=\"elementor-post__meta-data\">\n\t\t\t\t\t<span class=\"elementor-post-date\">\n\t\t\t04\/10\/2024\t\t<\/span>\n\t\t\t\t<span class=\"elementor-post-avatar\">\n\t\t\tBrak komentarzy\t\t<\/span>\n\t\t\t\t<\/div>\n\t\t\t\t<div class=\"elementor-post__excerpt\">\n\t\t\t\t\t<\/div>\n\t\t\n\t\t<a class=\"elementor-post__read-more\" href=\"https:\/\/amisns.edu.pl\/stara-wersja\/nieczynna-stolowka-amisns\/\" aria-label=\"Read more about Nieczynna Sto\u0142\u00f3wka AMiSNS\" tabindex=\"-1\" >\n\t\t\tCzytaj wi\u0119cej \u00bb\t\t<\/a>\n\n\t\t\t\t<\/div>\n\t\t\t\t<\/article>\n\t\t\t\t<article class=\"elementor-post elementor-grid-item post-24966 post type-post status-publish format-standard has-post-thumbnail hentry category-glowne-aktualnosci entry has-media\">\n\t\t\t\t<a class=\"elementor-post__thumbnail__link\" href=\"https:\/\/amisns.edu.pl\/stara-wersja\/ogloszenie-listy-rankingowej-czwartej-rekrutacji-kierunek-lekarski-rok-akademicki-2024-2025\/\" tabindex=\"-1\" >\n\t\t\t<div class=\"elementor-post__thumbnail\"><img loading=\"lazy\" decoding=\"async\" width=\"940\" height=\"788\" src=\"https:\/\/amisns.edu.pl\/stara-wersja\/wp-content\/uploads\/Kierunek-lekarski-6.jpg\" class=\"attachment-medium size-medium wp-image-24965\" alt=\"\" srcset=\"https:\/\/amisns.edu.pl\/stara-wersja\/wp-content\/uploads\/Kierunek-lekarski-6.jpg 940w, https:\/\/amisns.edu.pl\/stara-wersja\/wp-content\/uploads\/Kierunek-lekarski-6-768x644.jpg 768w\" sizes=\"(max-width: 940px) 100vw, 940px\" \/><\/div>\n\t\t<\/a>\n\t\t\t\t<div class=\"elementor-post__text\">\n\t\t\t\t<h3 class=\"elementor-post__title\">\n\t\t\t<a href=\"https:\/\/amisns.edu.pl\/stara-wersja\/ogloszenie-listy-rankingowej-czwartej-rekrutacji-kierunek-lekarski-rok-akademicki-2024-2025\/\" >\n\t\t\t\tOg\u0142oszenie listy rankingowej czwartej rekrutacji \u2013 kierunek lekarski, rok akademicki 2024\/2025\t\t\t<\/a>\n\t\t<\/h3>\n\t\t\t\t<div class=\"elementor-post__meta-data\">\n\t\t\t\t\t<span class=\"elementor-post-date\">\n\t\t\t02\/10\/2024\t\t<\/span>\n\t\t\t\t<span class=\"elementor-post-avatar\">\n\t\t\tBrak komentarzy\t\t<\/span>\n\t\t\t\t<\/div>\n\t\t\t\t<div class=\"elementor-post__excerpt\">\n\t\t\t<p>Szanowni Kandydaci, poni\u017cej przedstawiamy list\u0119 os\u00f3b, kt\u00f3re zakwalifikowa\u0142y si\u0119 na kierunek lekarski w czwartej turze rekrutacji na rok akademicki 2024\/2025.\u00a0 Lista rankingowa zawiera identyfikatory, kt\u00f3re<\/p>\n\t\t<\/div>\n\t\t\n\t\t<a class=\"elementor-post__read-more\" href=\"https:\/\/amisns.edu.pl\/stara-wersja\/ogloszenie-listy-rankingowej-czwartej-rekrutacji-kierunek-lekarski-rok-akademicki-2024-2025\/\" aria-label=\"Read more about Og\u0142oszenie listy rankingowej czwartej rekrutacji \u2013 kierunek lekarski, rok akademicki 2024\/2025\" tabindex=\"-1\" >\n\t\t\tCzytaj wi\u0119cej \u00bb\t\t<\/a>\n\n\t\t\t\t<\/div>\n\t\t\t\t<\/article>\n\t\t\t\t<article class=\"elementor-post elementor-grid-item post-24954 post type-post status-publish format-standard has-post-thumbnail hentry category-glowne-aktualnosci entry has-media\">\n\t\t\t\t<a class=\"elementor-post__thumbnail__link\" href=\"https:\/\/amisns.edu.pl\/stara-wersja\/ruszyl-nabor-wnioskow-stypendialnych-na-rok-akademicki-2024-2025\/\" tabindex=\"-1\" >\n\t\t\t<div class=\"elementor-post__thumbnail\"><img loading=\"lazy\" decoding=\"async\" width=\"1080\" height=\"1080\" src=\"https:\/\/amisns.edu.pl\/stara-wersja\/wp-content\/uploads\/Stypendia-20242025-1.jpg\" class=\"attachment-medium size-medium wp-image-24959\" alt=\"\" srcset=\"https:\/\/amisns.edu.pl\/stara-wersja\/wp-content\/uploads\/Stypendia-20242025-1.jpg 1080w, https:\/\/amisns.edu.pl\/stara-wersja\/wp-content\/uploads\/Stypendia-20242025-1-1000x1000.jpg 1000w, https:\/\/amisns.edu.pl\/stara-wersja\/wp-content\/uploads\/Stypendia-20242025-1-768x768.jpg 768w, https:\/\/amisns.edu.pl\/stara-wersja\/wp-content\/uploads\/Stypendia-20242025-1-600x600.jpg 600w\" sizes=\"(max-width: 1080px) 100vw, 1080px\" \/><\/div>\n\t\t<\/a>\n\t\t\t\t<div class=\"elementor-post__text\">\n\t\t\t\t<h3 class=\"elementor-post__title\">\n\t\t\t<a href=\"https:\/\/amisns.edu.pl\/stara-wersja\/ruszyl-nabor-wnioskow-stypendialnych-na-rok-akademicki-2024-2025\/\" >\n\t\t\t\tRuszy\u0142 nab\u00f3r wniosk\u00f3w stypendialnych na rok akademicki 2024\/2025\t\t\t<\/a>\n\t\t<\/h3>\n\t\t\t\t<div class=\"elementor-post__meta-data\">\n\t\t\t\t\t<span class=\"elementor-post-date\">\n\t\t\t01\/10\/2024\t\t<\/span>\n\t\t\t\t<span class=\"elementor-post-avatar\">\n\t\t\tBrak komentarzy\t\t<\/span>\n\t\t\t\t<\/div>\n\t\t\t\t<div class=\"elementor-post__excerpt\">\n\t\t\t<p>Studenci Akademii Medycznych i Spo\u0142ecznych Nauk Stosowanych mog\u0105 ju\u017c sk\u0142ada\u0107 wnioski o stypendia. Oferujemy wsparcie finansowe w formie:\u00a0 stypendi\u00f3w socjalnych dla os\u00f3b niepe\u0142nosprawnych, rektora, ministra<\/p>\n\t\t<\/div>\n\t\t\n\t\t<a class=\"elementor-post__read-more\" href=\"https:\/\/amisns.edu.pl\/stara-wersja\/ruszyl-nabor-wnioskow-stypendialnych-na-rok-akademicki-2024-2025\/\" aria-label=\"Read more about Ruszy\u0142 nab\u00f3r wniosk\u00f3w stypendialnych na rok akademicki 2024\/2025\" tabindex=\"-1\" >\n\t\t\tCzytaj wi\u0119cej \u00bb\t\t<\/a>\n\n\t\t\t\t<\/div>\n\t\t\t\t<\/article>\n\t\t\t\t<article class=\"elementor-post elementor-grid-item post-24920 post type-post status-publish format-standard has-post-thumbnail hentry category-glowne-aktualnosci entry has-media\">\n\t\t\t\t<a class=\"elementor-post__thumbnail__link\" href=\"https:\/\/amisns.edu.pl\/stara-wersja\/przedluzona-rekrutacja-na-studia-w-akademii-medycznych-i-spolecznych-nauk-stosowanych-trwa-do-19-pazdziernika\/\" tabindex=\"-1\" >\n\t\t\t<div class=\"elementor-post__thumbnail\"><img loading=\"lazy\" decoding=\"async\" width=\"940\" height=\"788\" src=\"https:\/\/amisns.edu.pl\/stara-wersja\/wp-content\/uploads\/Bez-tytulu-Post-na-Facebooka-1.jpg\" class=\"attachment-medium size-medium wp-image-24921\" alt=\"\" srcset=\"https:\/\/amisns.edu.pl\/stara-wersja\/wp-content\/uploads\/Bez-tytulu-Post-na-Facebooka-1.jpg 940w, https:\/\/amisns.edu.pl\/stara-wersja\/wp-content\/uploads\/Bez-tytulu-Post-na-Facebooka-1-768x644.jpg 768w\" sizes=\"(max-width: 940px) 100vw, 940px\" \/><\/div>\n\t\t<\/a>\n\t\t\t\t<div class=\"elementor-post__text\">\n\t\t\t\t<h3 class=\"elementor-post__title\">\n\t\t\t<a href=\"https:\/\/amisns.edu.pl\/stara-wersja\/przedluzona-rekrutacja-na-studia-w-akademii-medycznych-i-spolecznych-nauk-stosowanych-trwa-do-19-pazdziernika\/\" >\n\t\t\t\tPrzed\u0142u\u017cona rekrutacja na studia w Akademii Medycznych i Spo\u0142ecznych Nauk Stosowanych \u2013 trwa do 19 pa\u017adziernika!\t\t\t<\/a>\n\t\t<\/h3>\n\t\t\t\t<div class=\"elementor-post__meta-data\">\n\t\t\t\t\t<span class=\"elementor-post-date\">\n\t\t\t30\/09\/2024\t\t<\/span>\n\t\t\t\t<span class=\"elementor-post-avatar\">\n\t\t\tBrak komentarzy\t\t<\/span>\n\t\t\t\t<\/div>\n\t\t\t\t<div class=\"elementor-post__excerpt\">\n\t\t\t<p>Drodzy Kandydaci!Z rado\u015bci\u0105 informujemy, \u017ce Akademia Medycznych i Spo\u0142ecznych Nauk Stosowanych przed\u0142u\u017cy\u0142a rekrutacj\u0119 na studia do 19 pa\u017adziernika. To doskona\u0142a okazja, aby do\u0142\u0105czy\u0107 do grona<\/p>\n\t\t<\/div>\n\t\t\n\t\t<a class=\"elementor-post__read-more\" href=\"https:\/\/amisns.edu.pl\/stara-wersja\/przedluzona-rekrutacja-na-studia-w-akademii-medycznych-i-spolecznych-nauk-stosowanych-trwa-do-19-pazdziernika\/\" aria-label=\"Read more about Przed\u0142u\u017cona rekrutacja na studia w Akademii Medycznych i Spo\u0142ecznych Nauk Stosowanych \u2013 trwa do 19 pa\u017adziernika!\" tabindex=\"-1\" >\n\t\t\tCzytaj wi\u0119cej \u00bb\t\t<\/a>\n\n\t\t\t\t<\/div>\n\t\t\t\t<\/article>\n\t\t\t\t<\/div>\n\t\t\n\t\t\t\t<\/div>\n\t\t\t\t<\/div>\n\t\t\t\t\t<\/div>\n\t\t<\/div>\n\t\t\t\t\t<\/div>\n\t\t<\/section>\n\t\t\t\t<\/div>\n\t\t","protected":false},"excerpt":{"rendered":"<p>Koordynator Programu Erasmus+ w Akademii Medycznych i Spo\u0142ecznych Nauk Stosowanych pan Tomasz Mendrek w dniu 07.12.2022 r. uczestniczy\u0142 w kolejnym wydarzeniu z cyklu spotka\u0144, przybli\u017caj\u0105cym nadchodz\u0105ce zmiany w programie Erasmus+ w konkursie wniosk\u00f3w na rok 2023. Spotkanie, podobnie jak poprzednie, odby\u0142o si\u0119 w Bibliotece Uniwersytetu Gda\u0144skiego. Opr\u00f3cz oferty Programu zaprezentowane zosta\u0142y r\u00f3wnie\u017c perspektywy, jakie niesie [&hellip;]<\/p>\n","protected":false},"author":2,"featured_media":2398,"comment_status":"closed","ping_status":"closed","sticky":false,"template":"elementor_header_footer","format":"standard","meta":{"ocean_post_layout":"","ocean_both_sidebars_style":"","ocean_both_sidebars_content_width":0,"ocean_both_sidebars_sidebars_width":0,"ocean_sidebar":"","ocean_second_sidebar":"","ocean_disable_margins":"enable","ocean_add_body_class":"","ocean_shortcode_before_top_bar":"","ocean_shortcode_after_top_bar":"","ocean_shortcode_before_header":"","ocean_shortcode_after_header":"","ocean_has_shortcode":"","ocean_shortcode_after_title":"","ocean_shortcode_before_footer_widgets":"","ocean_shortcode_after_footer_widgets":"","ocean_shortcode_before_footer_bottom":"","ocean_shortcode_after_footer_bottom":"","ocean_display_top_bar":"default","ocean_display_header":"default","ocean_header_style":"","ocean_center_header_left_menu":"","ocean_custom_header_template":"","ocean_custom_logo":0,"ocean_custom_retina_logo":0,"ocean_custom_logo_max_width":0,"ocean_custom_logo_tablet_max_width":0,"ocean_custom_logo_mobile_max_width":0,"ocean_custom_logo_max_height":0,"ocean_custom_logo_tablet_max_height":0,"ocean_custom_logo_mobile_max_height":0,"ocean_header_custom_menu":"","ocean_menu_typo_font_family":"","ocean_menu_typo_font_subset":"","ocean_menu_typo_font_size":0,"ocean_menu_typo_font_size_tablet":0,"ocean_menu_typo_font_size_mobile":0,"ocean_menu_typo_font_size_unit":"px","ocean_menu_typo_font_weight":"","ocean_menu_typo_font_weight_tablet":"","ocean_menu_typo_font_weight_mobile":"","ocean_menu_typo_transform":"","ocean_menu_typo_transform_tablet":"","ocean_menu_typo_transform_mobile":"","ocean_menu_typo_line_height":0,"ocean_menu_typo_line_height_tablet":0,"ocean_menu_typo_line_height_mobile":0,"ocean_menu_typo_line_height_unit":"","ocean_menu_typo_spacing":0,"ocean_menu_typo_spacing_tablet":0,"ocean_menu_typo_spacing_mobile":0,"ocean_menu_typo_spacing_unit":"","ocean_menu_link_color":"","ocean_menu_link_color_hover":"","ocean_menu_link_color_active":"","ocean_menu_link_background":"","ocean_menu_link_hover_background":"","ocean_menu_link_active_background":"","ocean_menu_social_links_bg":"","ocean_menu_social_hover_links_bg":"","ocean_menu_social_links_color":"","ocean_menu_social_hover_links_color":"","ocean_disable_title":"default","ocean_disable_heading":"default","ocean_post_title":"","ocean_post_subheading":"","ocean_post_title_style":"","ocean_post_title_background_color":"","ocean_post_title_background":0,"ocean_post_title_bg_image_position":"","ocean_post_title_bg_image_attachment":"","ocean_post_title_bg_image_repeat":"","ocean_post_title_bg_image_size":"","ocean_post_title_height":0,"ocean_post_title_bg_overlay":0.5,"ocean_post_title_bg_overlay_color":"","ocean_disable_breadcrumbs":"default","ocean_breadcrumbs_color":"","ocean_breadcrumbs_separator_color":"","ocean_breadcrumbs_links_color":"","ocean_breadcrumbs_links_hover_color":"","ocean_display_footer_widgets":"default","ocean_display_footer_bottom":"default","ocean_custom_footer_template":"","ocean_post_oembed":"","ocean_post_self_hosted_media":"","ocean_post_video_embed":"","ocean_link_format":"","ocean_link_format_target":"self","ocean_quote_format":"","ocean_quote_format_link":"post","ocean_gallery_link_images":"on","ocean_gallery_id":[],"footnotes":""},"categories":[36,28,1],"tags":[],"class_list":["post-4439","post","type-post","status-publish","format-standard","has-post-thumbnail","hentry","category-erasmus","category-glowne-aktualnosci","category-uncategorized","entry","has-media"],"yoast_head":"<!-- This site is optimized with the Yoast SEO plugin v23.7 - https:\/\/yoast.com\/wordpress\/plugins\/seo\/ -->\n<title>Co przyniesie Erasmus+ w 2023 roku? - AMISNS<\/title>\n<meta name=\"robots\" content=\"noindex, follow, max-snippet:-1, max-image-preview:large, max-video-preview:-1\" \/>\n<meta property=\"og:locale\" content=\"pl_PL\" \/>\n<meta property=\"og:type\" content=\"article\" \/>\n<meta property=\"og:title\" content=\"Co przyniesie Erasmus+ w 2023 roku? - AMISNS\" \/>\n<meta property=\"og:description\" content=\"Koordynator Programu Erasmus+ w Akademii Medycznych i Spo\u0142ecznych Nauk Stosowanych pan Tomasz Mendrek w dniu 07.12.2022 r. uczestniczy\u0142 w kolejnym wydarzeniu z cyklu spotka\u0144, przybli\u017caj\u0105cym nadchodz\u0105ce zmiany w programie Erasmus+ w konkursie wniosk\u00f3w na rok 2023. Spotkanie, podobnie jak poprzednie, odby\u0142o si\u0119 w Bibliotece Uniwersytetu Gda\u0144skiego. Opr\u00f3cz oferty Programu zaprezentowane zosta\u0142y r\u00f3wnie\u017c perspektywy, jakie niesie [&hellip;]\" \/>\n<meta property=\"og:url\" content=\"https:\/\/amisns.edu.pl\/stara-wersja\/co-przyniesie-erasmus-w-2023-roku\/\" \/>\n<meta property=\"og:site_name\" content=\"AMISNS\" \/>\n<meta property=\"article:publisher\" content=\"https:\/\/www.facebook.com\/AMiSNSElblag\" \/>\n<meta property=\"article:published_time\" content=\"2022-12-19T21:09:13+00:00\" \/>\n<meta property=\"article:modified_time\" content=\"2023-01-11T21:14:17+00:00\" \/>\n<meta property=\"og:image\" content=\"https:\/\/amisns.edu.pl\/stara-wersja\/wp-content\/uploads\/2022\/12\/Artykul-07.12.2022-r-Erasmus2.jpg\" \/>\n\t<meta property=\"og:image:width\" content=\"2000\" \/>\n\t<meta property=\"og:image:height\" content=\"1125\" \/>\n\t<meta property=\"og:image:type\" content=\"image\/jpeg\" \/>\n<meta name=\"author\" content=\"Biuro promocji\" \/>\n<meta name=\"twitter:card\" content=\"summary_large_image\" \/>\n<meta name=\"twitter:label1\" content=\"Napisane przez\" \/>\n\t<meta name=\"twitter:data1\" content=\"Biuro promocji\" \/>\n\t<meta name=\"twitter:label2\" content=\"Szacowany czas czytania\" \/>\n\t<meta name=\"twitter:data2\" content=\"3 minuty\" \/>\n<script type=\"application\/ld+json\" class=\"yoast-schema-graph\">{\"@context\":\"https:\/\/schema.org\",\"@graph\":[{\"@type\":\"Article\",\"@id\":\"https:\/\/amisns.edu.pl\/stara-wersja\/co-przyniesie-erasmus-w-2023-roku\/#article\",\"isPartOf\":{\"@id\":\"https:\/\/amisns.edu.pl\/stara-wersja\/co-przyniesie-erasmus-w-2023-roku\/\"},\"author\":{\"name\":\"Biuro promocji\",\"@id\":\"https:\/\/amisns.edu.pl\/stara-wersja\/stara-wersja\/#\/schema\/person\/4868ddcf0f0d3f8b0c675e45540fd350\"},\"headline\":\"Co przyniesie Erasmus+ w 2023 roku?\",\"datePublished\":\"2022-12-19T21:09:13+00:00\",\"dateModified\":\"2023-01-11T21:14:17+00:00\",\"mainEntityOfPage\":{\"@id\":\"https:\/\/amisns.edu.pl\/stara-wersja\/co-przyniesie-erasmus-w-2023-roku\/\"},\"wordCount\":536,\"publisher\":{\"@id\":\"https:\/\/amisns.edu.pl\/stara-wersja\/stara-wersja\/#organization\"},\"image\":{\"@id\":\"https:\/\/amisns.edu.pl\/stara-wersja\/co-przyniesie-erasmus-w-2023-roku\/#primaryimage\"},\"thumbnailUrl\":\"https:\/\/amisns.edu.pl\/stara-wersja\/wp-content\/uploads\/2022\/12\/Artykul-07.12.2022-r-Erasmus2.jpg\",\"articleSection\":[\"Erasmus\",\"G\u0142\u00f3wne aktualno\u015bci\",\"Uncategorized\"],\"inLanguage\":\"pl-PL\"},{\"@type\":\"WebPage\",\"@id\":\"https:\/\/amisns.edu.pl\/stara-wersja\/co-przyniesie-erasmus-w-2023-roku\/\",\"url\":\"https:\/\/amisns.edu.pl\/stara-wersja\/co-przyniesie-erasmus-w-2023-roku\/\",\"name\":\"Co przyniesie Erasmus+ w 2023 roku? - AMISNS\",\"isPartOf\":{\"@id\":\"https:\/\/amisns.edu.pl\/stara-wersja\/stara-wersja\/#website\"},\"primaryImageOfPage\":{\"@id\":\"https:\/\/amisns.edu.pl\/stara-wersja\/co-przyniesie-erasmus-w-2023-roku\/#primaryimage\"},\"image\":{\"@id\":\"https:\/\/amisns.edu.pl\/stara-wersja\/co-przyniesie-erasmus-w-2023-roku\/#primaryimage\"},\"thumbnailUrl\":\"https:\/\/amisns.edu.pl\/stara-wersja\/wp-content\/uploads\/2022\/12\/Artykul-07.12.2022-r-Erasmus2.jpg\",\"datePublished\":\"2022-12-19T21:09:13+00:00\",\"dateModified\":\"2023-01-11T21:14:17+00:00\",\"breadcrumb\":{\"@id\":\"https:\/\/amisns.edu.pl\/stara-wersja\/co-przyniesie-erasmus-w-2023-roku\/#breadcrumb\"},\"inLanguage\":\"pl-PL\",\"potentialAction\":[{\"@type\":\"ReadAction\",\"target\":[\"https:\/\/amisns.edu.pl\/stara-wersja\/co-przyniesie-erasmus-w-2023-roku\/\"]}]},{\"@type\":\"ImageObject\",\"inLanguage\":\"pl-PL\",\"@id\":\"https:\/\/amisns.edu.pl\/stara-wersja\/co-przyniesie-erasmus-w-2023-roku\/#primaryimage\",\"url\":\"https:\/\/amisns.edu.pl\/stara-wersja\/wp-content\/uploads\/2022\/12\/Artykul-07.12.2022-r-Erasmus2.jpg\",\"contentUrl\":\"https:\/\/amisns.edu.pl\/stara-wersja\/wp-content\/uploads\/2022\/12\/Artykul-07.12.2022-r-Erasmus2.jpg\",\"width\":2000,\"height\":1125},{\"@type\":\"BreadcrumbList\",\"@id\":\"https:\/\/amisns.edu.pl\/stara-wersja\/co-przyniesie-erasmus-w-2023-roku\/#breadcrumb\",\"itemListElement\":[{\"@type\":\"ListItem\",\"position\":1,\"name\":\"Strona g\u0142\u00f3wna\",\"item\":\"https:\/\/amisns.edu.pl\/stara-wersja\/\"},{\"@type\":\"ListItem\",\"position\":2,\"name\":\"Co przyniesie Erasmus+ w 2023 roku?\"}]},{\"@type\":\"WebSite\",\"@id\":\"https:\/\/amisns.edu.pl\/stara-wersja\/stara-wersja\/#website\",\"url\":\"https:\/\/amisns.edu.pl\/stara-wersja\/stara-wersja\/\",\"name\":\"AMISNS\",\"description\":\"Akademia Medycznych i Spo\u0142ecznych nauk stosowanych\",\"publisher\":{\"@id\":\"https:\/\/amisns.edu.pl\/stara-wersja\/stara-wersja\/#organization\"},\"potentialAction\":[{\"@type\":\"SearchAction\",\"target\":{\"@type\":\"EntryPoint\",\"urlTemplate\":\"https:\/\/amisns.edu.pl\/stara-wersja\/stara-wersja\/?s={search_term_string}\"},\"query-input\":{\"@type\":\"PropertyValueSpecification\",\"valueRequired\":true,\"valueName\":\"search_term_string\"}}],\"inLanguage\":\"pl-PL\"},{\"@type\":\"Organization\",\"@id\":\"https:\/\/amisns.edu.pl\/stara-wersja\/stara-wersja\/#organization\",\"name\":\"AMISNS\",\"url\":\"https:\/\/amisns.edu.pl\/stara-wersja\/stara-wersja\/\",\"logo\":{\"@type\":\"ImageObject\",\"inLanguage\":\"pl-PL\",\"@id\":\"https:\/\/amisns.edu.pl\/stara-wersja\/stara-wersja\/#\/schema\/logo\/image\/\",\"url\":\"https:\/\/amisns.edu.pl\/stara-wersja\/wp-content\/uploads\/2022\/12\/Znak-AMiSNS-na-strone-www-4k.png\",\"contentUrl\":\"https:\/\/amisns.edu.pl\/stara-wersja\/wp-content\/uploads\/2022\/12\/Znak-AMiSNS-na-strone-www-4k.png\",\"width\":1920,\"height\":523,\"caption\":\"AMISNS\"},\"image\":{\"@id\":\"https:\/\/amisns.edu.pl\/stara-wersja\/stara-wersja\/#\/schema\/logo\/image\/\"},\"sameAs\":[\"https:\/\/www.facebook.com\/AMiSNSElblag\"]},{\"@type\":\"Person\",\"@id\":\"https:\/\/amisns.edu.pl\/stara-wersja\/stara-wersja\/#\/schema\/person\/4868ddcf0f0d3f8b0c675e45540fd350\",\"name\":\"Biuro promocji\",\"image\":{\"@type\":\"ImageObject\",\"inLanguage\":\"pl-PL\",\"@id\":\"https:\/\/amisns.edu.pl\/stara-wersja\/stara-wersja\/#\/schema\/person\/image\/\",\"url\":\"https:\/\/secure.gravatar.com\/avatar\/ba1c61f2c67d3536a6e469d64619f0d0?s=96&d=mm&r=g\",\"contentUrl\":\"https:\/\/secure.gravatar.com\/avatar\/ba1c61f2c67d3536a6e469d64619f0d0?s=96&d=mm&r=g\",\"caption\":\"Biuro promocji\"},\"url\":\"https:\/\/amisns.edu.pl\/stara-wersja\/author\/biuro-promocji\/\"}]}<\/script>\n<!-- \/ Yoast SEO plugin. -->","yoast_head_json":{"title":"Co przyniesie Erasmus+ w 2023 roku? - AMISNS","robots":{"index":"noindex","follow":"follow","max-snippet":"max-snippet:-1","max-image-preview":"max-image-preview:large","max-video-preview":"max-video-preview:-1"},"og_locale":"pl_PL","og_type":"article","og_title":"Co przyniesie Erasmus+ w 2023 roku? - AMISNS","og_description":"Koordynator Programu Erasmus+ w Akademii Medycznych i Spo\u0142ecznych Nauk Stosowanych pan Tomasz Mendrek w dniu 07.12.2022 r. uczestniczy\u0142 w kolejnym wydarzeniu z cyklu spotka\u0144, przybli\u017caj\u0105cym nadchodz\u0105ce zmiany w programie Erasmus+ w konkursie wniosk\u00f3w na rok 2023. Spotkanie, podobnie jak poprzednie, odby\u0142o si\u0119 w Bibliotece Uniwersytetu Gda\u0144skiego. Opr\u00f3cz oferty Programu zaprezentowane zosta\u0142y r\u00f3wnie\u017c perspektywy, jakie niesie [&hellip;]","og_url":"https:\/\/amisns.edu.pl\/stara-wersja\/co-przyniesie-erasmus-w-2023-roku\/","og_site_name":"AMISNS","article_publisher":"https:\/\/www.facebook.com\/AMiSNSElblag","article_published_time":"2022-12-19T21:09:13+00:00","article_modified_time":"2023-01-11T21:14:17+00:00","og_image":[{"width":2000,"height":1125,"url":"https:\/\/amisns.edu.pl\/stara-wersja\/wp-content\/uploads\/2022\/12\/Artykul-07.12.2022-r-Erasmus2.jpg","type":"image\/jpeg"}],"author":"Biuro promocji","twitter_card":"summary_large_image","twitter_misc":{"Napisane przez":"Biuro promocji","Szacowany czas czytania":"3 minuty"},"schema":{"@context":"https:\/\/schema.org","@graph":[{"@type":"Article","@id":"https:\/\/amisns.edu.pl\/stara-wersja\/co-przyniesie-erasmus-w-2023-roku\/#article","isPartOf":{"@id":"https:\/\/amisns.edu.pl\/stara-wersja\/co-przyniesie-erasmus-w-2023-roku\/"},"author":{"name":"Biuro promocji","@id":"https:\/\/amisns.edu.pl\/stara-wersja\/stara-wersja\/#\/schema\/person\/4868ddcf0f0d3f8b0c675e45540fd350"},"headline":"Co przyniesie Erasmus+ w 2023 roku?","datePublished":"2022-12-19T21:09:13+00:00","dateModified":"2023-01-11T21:14:17+00:00","mainEntityOfPage":{"@id":"https:\/\/amisns.edu.pl\/stara-wersja\/co-przyniesie-erasmus-w-2023-roku\/"},"wordCount":536,"publisher":{"@id":"https:\/\/amisns.edu.pl\/stara-wersja\/stara-wersja\/#organization"},"image":{"@id":"https:\/\/amisns.edu.pl\/stara-wersja\/co-przyniesie-erasmus-w-2023-roku\/#primaryimage"},"thumbnailUrl":"https:\/\/amisns.edu.pl\/stara-wersja\/wp-content\/uploads\/2022\/12\/Artykul-07.12.2022-r-Erasmus2.jpg","articleSection":["Erasmus","G\u0142\u00f3wne aktualno\u015bci","Uncategorized"],"inLanguage":"pl-PL"},{"@type":"WebPage","@id":"https:\/\/amisns.edu.pl\/stara-wersja\/co-przyniesie-erasmus-w-2023-roku\/","url":"https:\/\/amisns.edu.pl\/stara-wersja\/co-przyniesie-erasmus-w-2023-roku\/","name":"Co przyniesie Erasmus+ w 2023 roku? - AMISNS","isPartOf":{"@id":"https:\/\/amisns.edu.pl\/stara-wersja\/stara-wersja\/#website"},"primaryImageOfPage":{"@id":"https:\/\/amisns.edu.pl\/stara-wersja\/co-przyniesie-erasmus-w-2023-roku\/#primaryimage"},"image":{"@id":"https:\/\/amisns.edu.pl\/stara-wersja\/co-przyniesie-erasmus-w-2023-roku\/#primaryimage"},"thumbnailUrl":"https:\/\/amisns.edu.pl\/stara-wersja\/wp-content\/uploads\/2022\/12\/Artykul-07.12.2022-r-Erasmus2.jpg","datePublished":"2022-12-19T21:09:13+00:00","dateModified":"2023-01-11T21:14:17+00:00","breadcrumb":{"@id":"https:\/\/amisns.edu.pl\/stara-wersja\/co-przyniesie-erasmus-w-2023-roku\/#breadcrumb"},"inLanguage":"pl-PL","potentialAction":[{"@type":"ReadAction","target":["https:\/\/amisns.edu.pl\/stara-wersja\/co-przyniesie-erasmus-w-2023-roku\/"]}]},{"@type":"ImageObject","inLanguage":"pl-PL","@id":"https:\/\/amisns.edu.pl\/stara-wersja\/co-przyniesie-erasmus-w-2023-roku\/#primaryimage","url":"https:\/\/amisns.edu.pl\/stara-wersja\/wp-content\/uploads\/2022\/12\/Artykul-07.12.2022-r-Erasmus2.jpg","contentUrl":"https:\/\/amisns.edu.pl\/stara-wersja\/wp-content\/uploads\/2022\/12\/Artykul-07.12.2022-r-Erasmus2.jpg","width":2000,"height":1125},{"@type":"BreadcrumbList","@id":"https:\/\/amisns.edu.pl\/stara-wersja\/co-przyniesie-erasmus-w-2023-roku\/#breadcrumb","itemListElement":[{"@type":"ListItem","position":1,"name":"Strona g\u0142\u00f3wna","item":"https:\/\/amisns.edu.pl\/stara-wersja\/"},{"@type":"ListItem","position":2,"name":"Co przyniesie Erasmus+ w 2023 roku?"}]},{"@type":"WebSite","@id":"https:\/\/amisns.edu.pl\/stara-wersja\/stara-wersja\/#website","url":"https:\/\/amisns.edu.pl\/stara-wersja\/stara-wersja\/","name":"AMISNS","description":"Akademia Medycznych i Spo\u0142ecznych nauk stosowanych","publisher":{"@id":"https:\/\/amisns.edu.pl\/stara-wersja\/stara-wersja\/#organization"},"potentialAction":[{"@type":"SearchAction","target":{"@type":"EntryPoint","urlTemplate":"https:\/\/amisns.edu.pl\/stara-wersja\/stara-wersja\/?s={search_term_string}"},"query-input":{"@type":"PropertyValueSpecification","valueRequired":true,"valueName":"search_term_string"}}],"inLanguage":"pl-PL"},{"@type":"Organization","@id":"https:\/\/amisns.edu.pl\/stara-wersja\/stara-wersja\/#organization","name":"AMISNS","url":"https:\/\/amisns.edu.pl\/stara-wersja\/stara-wersja\/","logo":{"@type":"ImageObject","inLanguage":"pl-PL","@id":"https:\/\/amisns.edu.pl\/stara-wersja\/stara-wersja\/#\/schema\/logo\/image\/","url":"https:\/\/amisns.edu.pl\/stara-wersja\/wp-content\/uploads\/2022\/12\/Znak-AMiSNS-na-strone-www-4k.png","contentUrl":"https:\/\/amisns.edu.pl\/stara-wersja\/wp-content\/uploads\/2022\/12\/Znak-AMiSNS-na-strone-www-4k.png","width":1920,"height":523,"caption":"AMISNS"},"image":{"@id":"https:\/\/amisns.edu.pl\/stara-wersja\/stara-wersja\/#\/schema\/logo\/image\/"},"sameAs":["https:\/\/www.facebook.com\/AMiSNSElblag"]},{"@type":"Person","@id":"https:\/\/amisns.edu.pl\/stara-wersja\/stara-wersja\/#\/schema\/person\/4868ddcf0f0d3f8b0c675e45540fd350","name":"Biuro promocji","image":{"@type":"ImageObject","inLanguage":"pl-PL","@id":"https:\/\/amisns.edu.pl\/stara-wersja\/stara-wersja\/#\/schema\/person\/image\/","url":"https:\/\/secure.gravatar.com\/avatar\/ba1c61f2c67d3536a6e469d64619f0d0?s=96&d=mm&r=g","contentUrl":"https:\/\/secure.gravatar.com\/avatar\/ba1c61f2c67d3536a6e469d64619f0d0?s=96&d=mm&r=g","caption":"Biuro promocji"},"url":"https:\/\/amisns.edu.pl\/stara-wersja\/author\/biuro-promocji\/"}]}},"_links":{"self":[{"href":"https:\/\/amisns.edu.pl\/stara-wersja\/wp-json\/wp\/v2\/posts\/4439"}],"collection":[{"href":"https:\/\/amisns.edu.pl\/stara-wersja\/wp-json\/wp\/v2\/posts"}],"about":[{"href":"https:\/\/amisns.edu.pl\/stara-wersja\/wp-json\/wp\/v2\/types\/post"}],"author":[{"embeddable":true,"href":"https:\/\/amisns.edu.pl\/stara-wersja\/wp-json\/wp\/v2\/users\/2"}],"replies":[{"embeddable":true,"href":"https:\/\/amisns.edu.pl\/stara-wersja\/wp-json\/wp\/v2\/comments?post=4439"}],"version-history":[{"count":4,"href":"https:\/\/amisns.edu.pl\/stara-wersja\/wp-json\/wp\/v2\/posts\/4439\/revisions"}],"predecessor-version":[{"id":4444,"href":"https:\/\/amisns.edu.pl\/stara-wersja\/wp-json\/wp\/v2\/posts\/4439\/revisions\/4444"}],"wp:featuredmedia":[{"embeddable":true,"href":"https:\/\/amisns.edu.pl\/stara-wersja\/wp-json\/wp\/v2\/media\/2398"}],"wp:attachment":[{"href":"https:\/\/amisns.edu.pl\/stara-wersja\/wp-json\/wp\/v2\/media?parent=4439"}],"wp:term":[{"taxonomy":"category","embeddable":true,"href":"https:\/\/amisns.edu.pl\/stara-wersja\/wp-json\/wp\/v2\/categories?post=4439"},{"taxonomy":"post_tag","embeddable":true,"href":"https:\/\/amisns.edu.pl\/stara-wersja\/wp-json\/wp\/v2\/tags?post=4439"}],"curies":[{"name":"wp","href":"https:\/\/api.w.org\/{rel}","templated":true}]}}