{"id":7654,"date":"2022-01-19T19:27:43","date_gmt":"2022-01-19T18:27:43","guid":{"rendered":"https:\/\/amisns.edu.pl\/?p=7654"},"modified":"2023-02-20T19:29:22","modified_gmt":"2023-02-20T18:29:22","slug":"zagraniczni-i-polscy-psychoterapeuci-na-spotkaniu-ze-studentami-iii-roku-psychologii-amisns","status":"publish","type":"post","link":"https:\/\/amisns.edu.pl\/stara-wersja\/zagraniczni-i-polscy-psychoterapeuci-na-spotkaniu-ze-studentami-iii-roku-psychologii-amisns\/","title":{"rendered":"Zagraniczni i polscy psychoterapeuci na spotkaniu ze studentami III roku psychologii AMiSNS"},"content":{"rendered":"\t\t<div data-elementor-type=\"wp-post\" data-elementor-id=\"7654\" class=\"elementor elementor-7654\" data-elementor-post-type=\"post\">\n\t\t\t\t\t\t<section class=\"elementor-section elementor-top-section elementor-element elementor-element-7d54c19 elementor-section-boxed elementor-section-height-default elementor-section-height-default\" data-id=\"7d54c19\" data-element_type=\"section\">\n\t\t\t\t\t\t<div class=\"elementor-container elementor-column-gap-default\">\n\t\t\t\t\t<div class=\"elementor-column elementor-col-100 elementor-top-column elementor-element elementor-element-5b3c685\" data-id=\"5b3c685\" data-element_type=\"column\">\n\t\t\t<div class=\"elementor-widget-wrap elementor-element-populated\">\n\t\t\t\t\t\t<div class=\"elementor-element elementor-element-cfa6345 elementor-widget elementor-widget-theme-post-title elementor-page-title elementor-widget-heading\" data-id=\"cfa6345\" data-element_type=\"widget\" data-widget_type=\"theme-post-title.default\">\n\t\t\t\t<div class=\"elementor-widget-container\">\n\t\t\t<h1 class=\"elementor-heading-title elementor-size-default\">Zagraniczni i polscy psychoterapeuci na spotkaniu ze studentami III roku psychologii AMiSNS<\/h1>\t\t<\/div>\n\t\t\t\t<\/div>\n\t\t\t\t\t<\/div>\n\t\t<\/div>\n\t\t\t\t\t<\/div>\n\t\t<\/section>\n\t\t\t\t<section class=\"elementor-section elementor-top-section elementor-element elementor-element-56bed68 elementor-section-boxed elementor-section-height-default elementor-section-height-default\" data-id=\"56bed68\" data-element_type=\"section\">\n\t\t\t\t\t\t<div class=\"elementor-container elementor-column-gap-default\">\n\t\t\t\t\t<div class=\"elementor-column elementor-col-100 elementor-top-column elementor-element elementor-element-9de3c80\" data-id=\"9de3c80\" data-element_type=\"column\">\n\t\t\t<div class=\"elementor-widget-wrap elementor-element-populated\">\n\t\t\t\t\t\t<div class=\"elementor-element elementor-element-63aadda elementor-widget elementor-widget-post-info\" data-id=\"63aadda\" data-element_type=\"widget\" data-widget_type=\"post-info.default\">\n\t\t\t\t<div class=\"elementor-widget-container\">\n\t\t\t\t\t<ul class=\"elementor-inline-items elementor-icon-list-items elementor-post-info\">\n\t\t\t\t\t\t\t\t<li class=\"elementor-icon-list-item elementor-repeater-item-0e74966 elementor-inline-item\" itemprop=\"datePublished\">\n\t\t\t\t\t\t<a href=\"https:\/\/amisns.edu.pl\/stara-wersja\/2022\/01\/19\/\">\n\t\t\t\t\t\t\t\t\t\t\t<span class=\"elementor-icon-list-icon\">\n\t\t\t\t\t\t\t\t<i aria-hidden=\"true\" class=\"fas fa-calendar\"><\/i>\t\t\t\t\t\t\t<\/span>\n\t\t\t\t\t\t\t\t\t<span class=\"elementor-icon-list-text elementor-post-info__item elementor-post-info__item--type-date\">\n\t\t\t\t\t\t\t\t\t\t<time>19 stycznia, 2022<\/time>\t\t\t\t\t<\/span>\n\t\t\t\t\t\t\t\t\t<\/a>\n\t\t\t\t<\/li>\n\t\t\t\t<\/ul>\n\t\t\t\t<\/div>\n\t\t\t\t<\/div>\n\t\t\t\t\t<\/div>\n\t\t<\/div>\n\t\t\t\t\t<\/div>\n\t\t<\/section>\n\t\t\t\t<section class=\"elementor-section elementor-top-section elementor-element elementor-element-7ab56f8 elementor-section-boxed elementor-section-height-default elementor-section-height-default\" data-id=\"7ab56f8\" data-element_type=\"section\">\n\t\t\t\t\t\t<div class=\"elementor-container elementor-column-gap-default\">\n\t\t\t\t\t<div class=\"elementor-column elementor-col-100 elementor-top-column elementor-element elementor-element-4476dfa\" data-id=\"4476dfa\" data-element_type=\"column\">\n\t\t\t<div class=\"elementor-widget-wrap elementor-element-populated\">\n\t\t\t\t\t\t<div class=\"elementor-element elementor-element-6ecbc85 elementor-widget elementor-widget-text-editor\" data-id=\"6ecbc85\" data-element_type=\"widget\" data-widget_type=\"text-editor.default\">\n\t\t\t\t<div class=\"elementor-widget-container\">\n\t\t\t\t\t\t\t<p>W dniu 14 stycznia 2022 roku podczas zaj\u0119\u0107 wyk\u0142adowych ,,Pomoc psychologiczna&#8221; prowadzonych przez dr Magdalen\u0119 Spryszy\u0144sk\u0105. Studenci III roku kierunku psychologia mieli mo\u017cliwo\u015b\u0107 zapoznania si\u0119 z prac\u0105 psychoterapeutyczn\u0105. Podczas zaj\u0119\u0107 go\u015bcili\u015bmy dwie specjalistki-psychoterapeutki: dr Sylwi\u0119 Ch\u0142opick\u0105, psychologa, dr nauk spo\u0142ecznych, neuropsychologa, psychologa transportu, psychoseksuologa oraz psychoterapetk\u0119 poznawczo-behawioraln\u0105, prowadz\u0105c\u0105 swoj\u0105 praktyk\u0119 w Szwecji oraz dr Katarzyn\u0119 Sadowsk\u0105, psychologa, dr nauk spo\u0142ecznych z dziedziny psychologii oraz psychoterapeutk\u0119 systemow\u0105, prowadz\u0105c\u0105 swoj\u0105 praktyk\u0119 w Polsce, na terenie Tr\u00f3jmiasta. Obie Panie psychoterapeutki zaprezentowa\u0142y warsztat pracy psychoterapeuty w obu nurtach psychoterapeutycznych: poznawczo-behawioralnym i systemowym. Podczas zaj\u0119\u0107 wyk\u0142adowca przeprowadzi\u0142 wywiad z obiema specjalistkami, nast\u0119pnie pytania zadawali sami Studenci. Zainteresowanie s\u0142uchaczy prac\u0105 psychoterapeutyczn\u0105 w obu nurtach by\u0142o du\u017ce, za\u015b ciekawo\u015b\u0107 poznawcza Student\u00f3w &#8211; imponuj\u0105ca, o czym \u015bwiadczy ilo\u015b\u0107 oraz jako\u015b\u0107 zadawanych pyta\u0144. Serdecznie dziekujemy obu Paniom: dr Sylwii Ch\u0142opickiej oraz dr Katarzynie Sadowskiej za niezwykle cenne poszerzenie wiedzy praktycznej z zakresu niesienia pomocy psychoterapeutycznej od strony specjalisty-praktyka. Tym samym, wart podkre\u015blenia jest fakt o rozpocz\u0119tej wsp\u00f3\u0142pracy ze specjalistami z innych rejon\u00f3w Polski oraz \u015bwiata (Szwecja).<\/p><p>oprac. Dr Magdalena Spryszy\u0144ska<\/p>\t\t\t\t\t\t<\/div>\n\t\t\t\t<\/div>\n\t\t\t\t\t<\/div>\n\t\t<\/div>\n\t\t\t\t\t<\/div>\n\t\t<\/section>\n\t\t\t\t<\/div>\n\t\t","protected":false},"excerpt":{"rendered":"<p>W dniu 14 stycznia 2022 roku podczas zaj\u0119\u0107 wyk\u0142adowych ,,Pomoc psychologiczna&#8221; prowadzonych przez dr Magdalen\u0119 Spryszy\u0144sk\u0105. Studenci III roku kierunku psychologia mieli mo\u017cliwo\u015b\u0107 zapoznania si\u0119 z prac\u0105 psychoterapeutyczn\u0105. Podczas zaj\u0119\u0107 go\u015bcili\u015bmy dwie specjalistki-psychoterapeutki: dr Sylwi\u0119 Ch\u0142opick\u0105, psychologa, dr nauk spo\u0142ecznych, neuropsychologa, psychologa transportu, psychoseksuologa oraz psychoterapetk\u0119 poznawczo-behawioraln\u0105, prowadz\u0105c\u0105 swoj\u0105 praktyk\u0119 w Szwecji oraz dr Katarzyn\u0119 [&hellip;]<\/p>\n","protected":false},"author":2,"featured_media":0,"comment_status":"closed","ping_status":"closed","sticky":false,"template":"elementor_header_footer","format":"standard","meta":{"ocean_post_layout":"","ocean_both_sidebars_style":"","ocean_both_sidebars_content_width":0,"ocean_both_sidebars_sidebars_width":0,"ocean_sidebar":"","ocean_second_sidebar":"","ocean_disable_margins":"enable","ocean_add_body_class":"","ocean_shortcode_before_top_bar":"","ocean_shortcode_after_top_bar":"","ocean_shortcode_before_header":"","ocean_shortcode_after_header":"","ocean_has_shortcode":"","ocean_shortcode_after_title":"","ocean_shortcode_before_footer_widgets":"","ocean_shortcode_after_footer_widgets":"","ocean_shortcode_before_footer_bottom":"","ocean_shortcode_after_footer_bottom":"","ocean_display_top_bar":"default","ocean_display_header":"default","ocean_header_style":"","ocean_center_header_left_menu":"","ocean_custom_header_template":"","ocean_custom_logo":0,"ocean_custom_retina_logo":0,"ocean_custom_logo_max_width":0,"ocean_custom_logo_tablet_max_width":0,"ocean_custom_logo_mobile_max_width":0,"ocean_custom_logo_max_height":0,"ocean_custom_logo_tablet_max_height":0,"ocean_custom_logo_mobile_max_height":0,"ocean_header_custom_menu":"","ocean_menu_typo_font_family":"","ocean_menu_typo_font_subset":"","ocean_menu_typo_font_size":0,"ocean_menu_typo_font_size_tablet":0,"ocean_menu_typo_font_size_mobile":0,"ocean_menu_typo_font_size_unit":"px","ocean_menu_typo_font_weight":"","ocean_menu_typo_font_weight_tablet":"","ocean_menu_typo_font_weight_mobile":"","ocean_menu_typo_transform":"","ocean_menu_typo_transform_tablet":"","ocean_menu_typo_transform_mobile":"","ocean_menu_typo_line_height":0,"ocean_menu_typo_line_height_tablet":0,"ocean_menu_typo_line_height_mobile":0,"ocean_menu_typo_line_height_unit":"","ocean_menu_typo_spacing":0,"ocean_menu_typo_spacing_tablet":0,"ocean_menu_typo_spacing_mobile":0,"ocean_menu_typo_spacing_unit":"","ocean_menu_link_color":"","ocean_menu_link_color_hover":"","ocean_menu_link_color_active":"","ocean_menu_link_background":"","ocean_menu_link_hover_background":"","ocean_menu_link_active_background":"","ocean_menu_social_links_bg":"","ocean_menu_social_hover_links_bg":"","ocean_menu_social_links_color":"","ocean_menu_social_hover_links_color":"","ocean_disable_title":"default","ocean_disable_heading":"default","ocean_post_title":"","ocean_post_subheading":"","ocean_post_title_style":"","ocean_post_title_background_color":"","ocean_post_title_background":0,"ocean_post_title_bg_image_position":"","ocean_post_title_bg_image_attachment":"","ocean_post_title_bg_image_repeat":"","ocean_post_title_bg_image_size":"","ocean_post_title_height":0,"ocean_post_title_bg_overlay":0.5,"ocean_post_title_bg_overlay_color":"","ocean_disable_breadcrumbs":"default","ocean_breadcrumbs_color":"","ocean_breadcrumbs_separator_color":"","ocean_breadcrumbs_links_color":"","ocean_breadcrumbs_links_hover_color":"","ocean_display_footer_widgets":"default","ocean_display_footer_bottom":"default","ocean_custom_footer_template":"","ocean_post_oembed":"","ocean_post_self_hosted_media":"","ocean_post_video_embed":"","ocean_link_format":"","ocean_link_format_target":"self","ocean_quote_format":"","ocean_quote_format_link":"post","ocean_gallery_link_images":"on","ocean_gallery_id":[],"footnotes":""},"categories":[32],"tags":[],"class_list":["post-7654","post","type-post","status-publish","format-standard","hentry","category-spotkania-z-praktykami-psychologia","entry"],"yoast_head":"<!-- This site is optimized with the Yoast SEO plugin v23.7 - https:\/\/yoast.com\/wordpress\/plugins\/seo\/ -->\n<title>Zagraniczni i polscy psychoterapeuci na spotkaniu ze studentami III roku psychologii AMiSNS - AMISNS<\/title>\n<meta name=\"robots\" content=\"noindex, follow, max-snippet:-1, max-image-preview:large, max-video-preview:-1\" \/>\n<meta property=\"og:locale\" content=\"pl_PL\" \/>\n<meta property=\"og:type\" content=\"article\" \/>\n<meta property=\"og:title\" content=\"Zagraniczni i polscy psychoterapeuci na spotkaniu ze studentami III roku psychologii AMiSNS - AMISNS\" \/>\n<meta property=\"og:description\" content=\"W dniu 14 stycznia 2022 roku podczas zaj\u0119\u0107 wyk\u0142adowych ,,Pomoc psychologiczna&#8221; prowadzonych przez dr Magdalen\u0119 Spryszy\u0144sk\u0105. Studenci III roku kierunku psychologia mieli mo\u017cliwo\u015b\u0107 zapoznania si\u0119 z prac\u0105 psychoterapeutyczn\u0105. Podczas zaj\u0119\u0107 go\u015bcili\u015bmy dwie specjalistki-psychoterapeutki: dr Sylwi\u0119 Ch\u0142opick\u0105, psychologa, dr nauk spo\u0142ecznych, neuropsychologa, psychologa transportu, psychoseksuologa oraz psychoterapetk\u0119 poznawczo-behawioraln\u0105, prowadz\u0105c\u0105 swoj\u0105 praktyk\u0119 w Szwecji oraz dr Katarzyn\u0119 [&hellip;]\" \/>\n<meta property=\"og:url\" content=\"https:\/\/amisns.edu.pl\/stara-wersja\/zagraniczni-i-polscy-psychoterapeuci-na-spotkaniu-ze-studentami-iii-roku-psychologii-amisns\/\" \/>\n<meta property=\"og:site_name\" content=\"AMISNS\" \/>\n<meta property=\"article:publisher\" content=\"https:\/\/www.facebook.com\/AMiSNSElblag\" \/>\n<meta property=\"article:published_time\" content=\"2022-01-19T18:27:43+00:00\" \/>\n<meta property=\"article:modified_time\" content=\"2023-02-20T18:29:22+00:00\" \/>\n<meta name=\"author\" content=\"Biuro promocji\" \/>\n<meta name=\"twitter:card\" content=\"summary_large_image\" \/>\n<meta name=\"twitter:label1\" content=\"Napisane przez\" \/>\n\t<meta name=\"twitter:data1\" content=\"Biuro promocji\" \/>\n\t<meta name=\"twitter:label2\" content=\"Szacowany czas czytania\" \/>\n\t<meta name=\"twitter:data2\" content=\"1 minuta\" \/>\n<script type=\"application\/ld+json\" class=\"yoast-schema-graph\">{\"@context\":\"https:\/\/schema.org\",\"@graph\":[{\"@type\":\"Article\",\"@id\":\"https:\/\/amisns.edu.pl\/stara-wersja\/zagraniczni-i-polscy-psychoterapeuci-na-spotkaniu-ze-studentami-iii-roku-psychologii-amisns\/#article\",\"isPartOf\":{\"@id\":\"https:\/\/amisns.edu.pl\/stara-wersja\/zagraniczni-i-polscy-psychoterapeuci-na-spotkaniu-ze-studentami-iii-roku-psychologii-amisns\/\"},\"author\":{\"name\":\"Biuro promocji\",\"@id\":\"https:\/\/amisns.edu.pl\/stara-wersja\/stara-wersja\/#\/schema\/person\/4868ddcf0f0d3f8b0c675e45540fd350\"},\"headline\":\"Zagraniczni i polscy psychoterapeuci na spotkaniu ze studentami III roku psychologii AMiSNS\",\"datePublished\":\"2022-01-19T18:27:43+00:00\",\"dateModified\":\"2023-02-20T18:29:22+00:00\",\"mainEntityOfPage\":{\"@id\":\"https:\/\/amisns.edu.pl\/stara-wersja\/zagraniczni-i-polscy-psychoterapeuci-na-spotkaniu-ze-studentami-iii-roku-psychologii-amisns\/\"},\"wordCount\":206,\"publisher\":{\"@id\":\"https:\/\/amisns.edu.pl\/stara-wersja\/stara-wersja\/#organization\"},\"articleSection\":[\"Spotkania z praktykami psychologia\"],\"inLanguage\":\"pl-PL\"},{\"@type\":\"WebPage\",\"@id\":\"https:\/\/amisns.edu.pl\/stara-wersja\/zagraniczni-i-polscy-psychoterapeuci-na-spotkaniu-ze-studentami-iii-roku-psychologii-amisns\/\",\"url\":\"https:\/\/amisns.edu.pl\/stara-wersja\/zagraniczni-i-polscy-psychoterapeuci-na-spotkaniu-ze-studentami-iii-roku-psychologii-amisns\/\",\"name\":\"Zagraniczni i polscy psychoterapeuci na spotkaniu ze studentami III roku psychologii AMiSNS - AMISNS\",\"isPartOf\":{\"@id\":\"https:\/\/amisns.edu.pl\/stara-wersja\/stara-wersja\/#website\"},\"datePublished\":\"2022-01-19T18:27:43+00:00\",\"dateModified\":\"2023-02-20T18:29:22+00:00\",\"breadcrumb\":{\"@id\":\"https:\/\/amisns.edu.pl\/stara-wersja\/zagraniczni-i-polscy-psychoterapeuci-na-spotkaniu-ze-studentami-iii-roku-psychologii-amisns\/#breadcrumb\"},\"inLanguage\":\"pl-PL\",\"potentialAction\":[{\"@type\":\"ReadAction\",\"target\":[\"https:\/\/amisns.edu.pl\/stara-wersja\/zagraniczni-i-polscy-psychoterapeuci-na-spotkaniu-ze-studentami-iii-roku-psychologii-amisns\/\"]}]},{\"@type\":\"BreadcrumbList\",\"@id\":\"https:\/\/amisns.edu.pl\/stara-wersja\/zagraniczni-i-polscy-psychoterapeuci-na-spotkaniu-ze-studentami-iii-roku-psychologii-amisns\/#breadcrumb\",\"itemListElement\":[{\"@type\":\"ListItem\",\"position\":1,\"name\":\"Strona g\u0142\u00f3wna\",\"item\":\"https:\/\/amisns.edu.pl\/stara-wersja\/\"},{\"@type\":\"ListItem\",\"position\":2,\"name\":\"Zagraniczni i polscy psychoterapeuci na spotkaniu ze studentami III roku psychologii AMiSNS\"}]},{\"@type\":\"WebSite\",\"@id\":\"https:\/\/amisns.edu.pl\/stara-wersja\/stara-wersja\/#website\",\"url\":\"https:\/\/amisns.edu.pl\/stara-wersja\/stara-wersja\/\",\"name\":\"AMISNS\",\"description\":\"Akademia Medycznych i Spo\u0142ecznych nauk stosowanych\",\"publisher\":{\"@id\":\"https:\/\/amisns.edu.pl\/stara-wersja\/stara-wersja\/#organization\"},\"potentialAction\":[{\"@type\":\"SearchAction\",\"target\":{\"@type\":\"EntryPoint\",\"urlTemplate\":\"https:\/\/amisns.edu.pl\/stara-wersja\/stara-wersja\/?s={search_term_string}\"},\"query-input\":{\"@type\":\"PropertyValueSpecification\",\"valueRequired\":true,\"valueName\":\"search_term_string\"}}],\"inLanguage\":\"pl-PL\"},{\"@type\":\"Organization\",\"@id\":\"https:\/\/amisns.edu.pl\/stara-wersja\/stara-wersja\/#organization\",\"name\":\"AMISNS\",\"url\":\"https:\/\/amisns.edu.pl\/stara-wersja\/stara-wersja\/\",\"logo\":{\"@type\":\"ImageObject\",\"inLanguage\":\"pl-PL\",\"@id\":\"https:\/\/amisns.edu.pl\/stara-wersja\/stara-wersja\/#\/schema\/logo\/image\/\",\"url\":\"https:\/\/amisns.edu.pl\/stara-wersja\/wp-content\/uploads\/2022\/12\/Znak-AMiSNS-na-strone-www-4k.png\",\"contentUrl\":\"https:\/\/amisns.edu.pl\/stara-wersja\/wp-content\/uploads\/2022\/12\/Znak-AMiSNS-na-strone-www-4k.png\",\"width\":1920,\"height\":523,\"caption\":\"AMISNS\"},\"image\":{\"@id\":\"https:\/\/amisns.edu.pl\/stara-wersja\/stara-wersja\/#\/schema\/logo\/image\/\"},\"sameAs\":[\"https:\/\/www.facebook.com\/AMiSNSElblag\"]},{\"@type\":\"Person\",\"@id\":\"https:\/\/amisns.edu.pl\/stara-wersja\/stara-wersja\/#\/schema\/person\/4868ddcf0f0d3f8b0c675e45540fd350\",\"name\":\"Biuro promocji\",\"image\":{\"@type\":\"ImageObject\",\"inLanguage\":\"pl-PL\",\"@id\":\"https:\/\/amisns.edu.pl\/stara-wersja\/stara-wersja\/#\/schema\/person\/image\/\",\"url\":\"https:\/\/secure.gravatar.com\/avatar\/ba1c61f2c67d3536a6e469d64619f0d0?s=96&d=mm&r=g\",\"contentUrl\":\"https:\/\/secure.gravatar.com\/avatar\/ba1c61f2c67d3536a6e469d64619f0d0?s=96&d=mm&r=g\",\"caption\":\"Biuro promocji\"},\"url\":\"https:\/\/amisns.edu.pl\/stara-wersja\/author\/biuro-promocji\/\"}]}<\/script>\n<!-- \/ Yoast SEO plugin. -->","yoast_head_json":{"title":"Zagraniczni i polscy psychoterapeuci na spotkaniu ze studentami III roku psychologii AMiSNS - AMISNS","robots":{"index":"noindex","follow":"follow","max-snippet":"max-snippet:-1","max-image-preview":"max-image-preview:large","max-video-preview":"max-video-preview:-1"},"og_locale":"pl_PL","og_type":"article","og_title":"Zagraniczni i polscy psychoterapeuci na spotkaniu ze studentami III roku psychologii AMiSNS - AMISNS","og_description":"W dniu 14 stycznia 2022 roku podczas zaj\u0119\u0107 wyk\u0142adowych ,,Pomoc psychologiczna&#8221; prowadzonych przez dr Magdalen\u0119 Spryszy\u0144sk\u0105. Studenci III roku kierunku psychologia mieli mo\u017cliwo\u015b\u0107 zapoznania si\u0119 z prac\u0105 psychoterapeutyczn\u0105. Podczas zaj\u0119\u0107 go\u015bcili\u015bmy dwie specjalistki-psychoterapeutki: dr Sylwi\u0119 Ch\u0142opick\u0105, psychologa, dr nauk spo\u0142ecznych, neuropsychologa, psychologa transportu, psychoseksuologa oraz psychoterapetk\u0119 poznawczo-behawioraln\u0105, prowadz\u0105c\u0105 swoj\u0105 praktyk\u0119 w Szwecji oraz dr Katarzyn\u0119 [&hellip;]","og_url":"https:\/\/amisns.edu.pl\/stara-wersja\/zagraniczni-i-polscy-psychoterapeuci-na-spotkaniu-ze-studentami-iii-roku-psychologii-amisns\/","og_site_name":"AMISNS","article_publisher":"https:\/\/www.facebook.com\/AMiSNSElblag","article_published_time":"2022-01-19T18:27:43+00:00","article_modified_time":"2023-02-20T18:29:22+00:00","author":"Biuro promocji","twitter_card":"summary_large_image","twitter_misc":{"Napisane przez":"Biuro promocji","Szacowany czas czytania":"1 minuta"},"schema":{"@context":"https:\/\/schema.org","@graph":[{"@type":"Article","@id":"https:\/\/amisns.edu.pl\/stara-wersja\/zagraniczni-i-polscy-psychoterapeuci-na-spotkaniu-ze-studentami-iii-roku-psychologii-amisns\/#article","isPartOf":{"@id":"https:\/\/amisns.edu.pl\/stara-wersja\/zagraniczni-i-polscy-psychoterapeuci-na-spotkaniu-ze-studentami-iii-roku-psychologii-amisns\/"},"author":{"name":"Biuro promocji","@id":"https:\/\/amisns.edu.pl\/stara-wersja\/stara-wersja\/#\/schema\/person\/4868ddcf0f0d3f8b0c675e45540fd350"},"headline":"Zagraniczni i polscy psychoterapeuci na spotkaniu ze studentami III roku psychologii AMiSNS","datePublished":"2022-01-19T18:27:43+00:00","dateModified":"2023-02-20T18:29:22+00:00","mainEntityOfPage":{"@id":"https:\/\/amisns.edu.pl\/stara-wersja\/zagraniczni-i-polscy-psychoterapeuci-na-spotkaniu-ze-studentami-iii-roku-psychologii-amisns\/"},"wordCount":206,"publisher":{"@id":"https:\/\/amisns.edu.pl\/stara-wersja\/stara-wersja\/#organization"},"articleSection":["Spotkania z praktykami psychologia"],"inLanguage":"pl-PL"},{"@type":"WebPage","@id":"https:\/\/amisns.edu.pl\/stara-wersja\/zagraniczni-i-polscy-psychoterapeuci-na-spotkaniu-ze-studentami-iii-roku-psychologii-amisns\/","url":"https:\/\/amisns.edu.pl\/stara-wersja\/zagraniczni-i-polscy-psychoterapeuci-na-spotkaniu-ze-studentami-iii-roku-psychologii-amisns\/","name":"Zagraniczni i polscy psychoterapeuci na spotkaniu ze studentami III roku psychologii AMiSNS - AMISNS","isPartOf":{"@id":"https:\/\/amisns.edu.pl\/stara-wersja\/stara-wersja\/#website"},"datePublished":"2022-01-19T18:27:43+00:00","dateModified":"2023-02-20T18:29:22+00:00","breadcrumb":{"@id":"https:\/\/amisns.edu.pl\/stara-wersja\/zagraniczni-i-polscy-psychoterapeuci-na-spotkaniu-ze-studentami-iii-roku-psychologii-amisns\/#breadcrumb"},"inLanguage":"pl-PL","potentialAction":[{"@type":"ReadAction","target":["https:\/\/amisns.edu.pl\/stara-wersja\/zagraniczni-i-polscy-psychoterapeuci-na-spotkaniu-ze-studentami-iii-roku-psychologii-amisns\/"]}]},{"@type":"BreadcrumbList","@id":"https:\/\/amisns.edu.pl\/stara-wersja\/zagraniczni-i-polscy-psychoterapeuci-na-spotkaniu-ze-studentami-iii-roku-psychologii-amisns\/#breadcrumb","itemListElement":[{"@type":"ListItem","position":1,"name":"Strona g\u0142\u00f3wna","item":"https:\/\/amisns.edu.pl\/stara-wersja\/"},{"@type":"ListItem","position":2,"name":"Zagraniczni i polscy psychoterapeuci na spotkaniu ze studentami III roku psychologii AMiSNS"}]},{"@type":"WebSite","@id":"https:\/\/amisns.edu.pl\/stara-wersja\/stara-wersja\/#website","url":"https:\/\/amisns.edu.pl\/stara-wersja\/stara-wersja\/","name":"AMISNS","description":"Akademia Medycznych i Spo\u0142ecznych nauk stosowanych","publisher":{"@id":"https:\/\/amisns.edu.pl\/stara-wersja\/stara-wersja\/#organization"},"potentialAction":[{"@type":"SearchAction","target":{"@type":"EntryPoint","urlTemplate":"https:\/\/amisns.edu.pl\/stara-wersja\/stara-wersja\/?s={search_term_string}"},"query-input":{"@type":"PropertyValueSpecification","valueRequired":true,"valueName":"search_term_string"}}],"inLanguage":"pl-PL"},{"@type":"Organization","@id":"https:\/\/amisns.edu.pl\/stara-wersja\/stara-wersja\/#organization","name":"AMISNS","url":"https:\/\/amisns.edu.pl\/stara-wersja\/stara-wersja\/","logo":{"@type":"ImageObject","inLanguage":"pl-PL","@id":"https:\/\/amisns.edu.pl\/stara-wersja\/stara-wersja\/#\/schema\/logo\/image\/","url":"https:\/\/amisns.edu.pl\/stara-wersja\/wp-content\/uploads\/2022\/12\/Znak-AMiSNS-na-strone-www-4k.png","contentUrl":"https:\/\/amisns.edu.pl\/stara-wersja\/wp-content\/uploads\/2022\/12\/Znak-AMiSNS-na-strone-www-4k.png","width":1920,"height":523,"caption":"AMISNS"},"image":{"@id":"https:\/\/amisns.edu.pl\/stara-wersja\/stara-wersja\/#\/schema\/logo\/image\/"},"sameAs":["https:\/\/www.facebook.com\/AMiSNSElblag"]},{"@type":"Person","@id":"https:\/\/amisns.edu.pl\/stara-wersja\/stara-wersja\/#\/schema\/person\/4868ddcf0f0d3f8b0c675e45540fd350","name":"Biuro promocji","image":{"@type":"ImageObject","inLanguage":"pl-PL","@id":"https:\/\/amisns.edu.pl\/stara-wersja\/stara-wersja\/#\/schema\/person\/image\/","url":"https:\/\/secure.gravatar.com\/avatar\/ba1c61f2c67d3536a6e469d64619f0d0?s=96&d=mm&r=g","contentUrl":"https:\/\/secure.gravatar.com\/avatar\/ba1c61f2c67d3536a6e469d64619f0d0?s=96&d=mm&r=g","caption":"Biuro promocji"},"url":"https:\/\/amisns.edu.pl\/stara-wersja\/author\/biuro-promocji\/"}]}},"_links":{"self":[{"href":"https:\/\/amisns.edu.pl\/stara-wersja\/wp-json\/wp\/v2\/posts\/7654"}],"collection":[{"href":"https:\/\/amisns.edu.pl\/stara-wersja\/wp-json\/wp\/v2\/posts"}],"about":[{"href":"https:\/\/amisns.edu.pl\/stara-wersja\/wp-json\/wp\/v2\/types\/post"}],"author":[{"embeddable":true,"href":"https:\/\/amisns.edu.pl\/stara-wersja\/wp-json\/wp\/v2\/users\/2"}],"replies":[{"embeddable":true,"href":"https:\/\/amisns.edu.pl\/stara-wersja\/wp-json\/wp\/v2\/comments?post=7654"}],"version-history":[{"count":4,"href":"https:\/\/amisns.edu.pl\/stara-wersja\/wp-json\/wp\/v2\/posts\/7654\/revisions"}],"predecessor-version":[{"id":7658,"href":"https:\/\/amisns.edu.pl\/stara-wersja\/wp-json\/wp\/v2\/posts\/7654\/revisions\/7658"}],"wp:attachment":[{"href":"https:\/\/amisns.edu.pl\/stara-wersja\/wp-json\/wp\/v2\/media?parent=7654"}],"wp:term":[{"taxonomy":"category","embeddable":true,"href":"https:\/\/amisns.edu.pl\/stara-wersja\/wp-json\/wp\/v2\/categories?post=7654"},{"taxonomy":"post_tag","embeddable":true,"href":"https:\/\/amisns.edu.pl\/stara-wersja\/wp-json\/wp\/v2\/tags?post=7654"}],"curies":[{"name":"wp","href":"https:\/\/api.w.org\/{rel}","templated":true}]}}