{"id":7695,"date":"2022-11-08T22:22:20","date_gmt":"2022-11-08T21:22:20","guid":{"rendered":"https:\/\/amisns.edu.pl\/?p=7695"},"modified":"2023-02-20T22:24:08","modified_gmt":"2023-02-20T21:24:08","slug":"studenci-wydzialu-administracji-i-nauk-spolecznych-dyskutowali-o-prawach-dziecka","status":"publish","type":"post","link":"https:\/\/amisns.edu.pl\/stara-wersja\/studenci-wydzialu-administracji-i-nauk-spolecznych-dyskutowali-o-prawach-dziecka\/","title":{"rendered":"STUDENCI WYDZIA\u0141U ADMINISTRACJI I NAUK SPO\u0141ECZNYCH DYSKUTOWALI O PRAWACH DZIECKA"},"content":{"rendered":"\t\t<div data-elementor-type=\"wp-post\" data-elementor-id=\"7695\" class=\"elementor elementor-7695\" data-elementor-post-type=\"post\">\n\t\t\t\t\t\t<section class=\"elementor-section elementor-top-section elementor-element elementor-element-af3a4c6 elementor-section-boxed elementor-section-height-default elementor-section-height-default\" data-id=\"af3a4c6\" data-element_type=\"section\">\n\t\t\t\t\t\t<div class=\"elementor-container elementor-column-gap-default\">\n\t\t\t\t\t<div class=\"elementor-column elementor-col-100 elementor-top-column elementor-element elementor-element-a535949\" data-id=\"a535949\" data-element_type=\"column\">\n\t\t\t<div class=\"elementor-widget-wrap elementor-element-populated\">\n\t\t\t\t\t\t<div class=\"elementor-element elementor-element-0a10010 elementor-widget elementor-widget-theme-post-featured-image elementor-widget-image\" data-id=\"0a10010\" data-element_type=\"widget\" data-widget_type=\"theme-post-featured-image.default\">\n\t\t\t\t<div class=\"elementor-widget-container\">\n\t\t\t\t\t\t\t\t\t\t\t\t\t<img fetchpriority=\"high\" decoding=\"async\" width=\"486\" height=\"600\" src=\"https:\/\/amisns.edu.pl\/stara-wersja\/wp-content\/uploads\/1jpg-486x600.jpg\" class=\"attachment-ocean-thumb-m size-ocean-thumb-m wp-image-7696\" alt=\"\" \/>\t\t\t\t\t\t\t\t\t\t\t\t\t<\/div>\n\t\t\t\t<\/div>\n\t\t\t\t\t<\/div>\n\t\t<\/div>\n\t\t\t\t\t<\/div>\n\t\t<\/section>\n\t\t\t\t<section class=\"elementor-section elementor-top-section elementor-element elementor-element-02b46e4 elementor-section-boxed elementor-section-height-default elementor-section-height-default\" data-id=\"02b46e4\" data-element_type=\"section\">\n\t\t\t\t\t\t<div class=\"elementor-container elementor-column-gap-default\">\n\t\t\t\t\t<div class=\"elementor-column elementor-col-100 elementor-top-column elementor-element elementor-element-70648cf\" data-id=\"70648cf\" data-element_type=\"column\">\n\t\t\t<div class=\"elementor-widget-wrap elementor-element-populated\">\n\t\t\t\t\t\t<div class=\"elementor-element elementor-element-1ed9c08 elementor-widget elementor-widget-theme-post-title elementor-page-title elementor-widget-heading\" data-id=\"1ed9c08\" data-element_type=\"widget\" data-widget_type=\"theme-post-title.default\">\n\t\t\t\t<div class=\"elementor-widget-container\">\n\t\t\t<h1 class=\"elementor-heading-title elementor-size-default\">STUDENCI WYDZIA\u0141U ADMINISTRACJI I NAUK SPO\u0141ECZNYCH DYSKUTOWALI O PRAWACH DZIECKA<\/h1>\t\t<\/div>\n\t\t\t\t<\/div>\n\t\t\t\t\t<\/div>\n\t\t<\/div>\n\t\t\t\t\t<\/div>\n\t\t<\/section>\n\t\t\t\t<section class=\"elementor-section elementor-top-section elementor-element elementor-element-00b9552 elementor-section-boxed elementor-section-height-default elementor-section-height-default\" data-id=\"00b9552\" data-element_type=\"section\">\n\t\t\t\t\t\t<div class=\"elementor-container elementor-column-gap-default\">\n\t\t\t\t\t<div class=\"elementor-column elementor-col-100 elementor-top-column elementor-element elementor-element-881d4f2\" data-id=\"881d4f2\" data-element_type=\"column\">\n\t\t\t<div class=\"elementor-widget-wrap elementor-element-populated\">\n\t\t\t\t\t\t<div class=\"elementor-element elementor-element-38f697a elementor-widget elementor-widget-post-info\" data-id=\"38f697a\" data-element_type=\"widget\" data-widget_type=\"post-info.default\">\n\t\t\t\t<div class=\"elementor-widget-container\">\n\t\t\t\t\t<ul class=\"elementor-inline-items elementor-icon-list-items elementor-post-info\">\n\t\t\t\t\t\t\t\t<li class=\"elementor-icon-list-item elementor-repeater-item-e96c65c elementor-inline-item\" itemprop=\"datePublished\">\n\t\t\t\t\t\t<a href=\"https:\/\/amisns.edu.pl\/stara-wersja\/2022\/11\/08\/\">\n\t\t\t\t\t\t\t\t\t\t\t<span class=\"elementor-icon-list-icon\">\n\t\t\t\t\t\t\t\t<i aria-hidden=\"true\" class=\"fas fa-calendar\"><\/i>\t\t\t\t\t\t\t<\/span>\n\t\t\t\t\t\t\t\t\t<span class=\"elementor-icon-list-text elementor-post-info__item elementor-post-info__item--type-date\">\n\t\t\t\t\t\t\t\t\t\t<time>8 listopada, 2022<\/time>\t\t\t\t\t<\/span>\n\t\t\t\t\t\t\t\t\t<\/a>\n\t\t\t\t<\/li>\n\t\t\t\t<\/ul>\n\t\t\t\t<\/div>\n\t\t\t\t<\/div>\n\t\t\t\t\t<\/div>\n\t\t<\/div>\n\t\t\t\t\t<\/div>\n\t\t<\/section>\n\t\t\t\t<section class=\"elementor-section elementor-top-section elementor-element elementor-element-768d127 elementor-section-boxed elementor-section-height-default elementor-section-height-default\" data-id=\"768d127\" data-element_type=\"section\">\n\t\t\t\t\t\t<div class=\"elementor-container elementor-column-gap-default\">\n\t\t\t\t\t<div class=\"elementor-column elementor-col-100 elementor-top-column elementor-element elementor-element-39be36e\" data-id=\"39be36e\" data-element_type=\"column\">\n\t\t\t<div class=\"elementor-widget-wrap elementor-element-populated\">\n\t\t\t\t\t\t<div class=\"elementor-element elementor-element-a4598e1 elementor-widget elementor-widget-text-editor\" data-id=\"a4598e1\" data-element_type=\"widget\" data-widget_type=\"text-editor.default\">\n\t\t\t\t<div class=\"elementor-widget-container\">\n\t\t\t\t\t\t\t<p>W niedziel\u0119, 6 listopada 2022 odby\u0142o si\u0119 spotkanie pt. \u201eBLI\u017bEJ DZIECKA \u2013 O POTRZEBIE OCHRONY PRAW DZIECI\u201d, kt\u00f3re poprowadzi\u0142a, Pani mgr El\u017cbieta Skrzypiec &#8211; Przewodnicz\u0105ca Komitetu Ochrony Praw Dziecka oddzia\u0142 w Malborku, na zaproszenie Pani dr Anny Skuzi\u0144skiej kierownika kierunku psychologia. Spotkanie cieszy\u0142o si\u0119 du\u017cym zainteresowaniem, o czym \u015bwiadczy fakt, i\u017c 113 student\u00f3w Wydzia\u0142u Administracji i Nauk Spo\u0142ecznych z kierunk\u00f3w psychologii, pedagogiki i bezpiecze\u0144stwa wewn\u0119trznego wys\u0142ucha\u0142o prelekcji na temat tego czym s\u0105 prawa dzieci. Istotno\u015b\u0107 podj\u0119tej tematyki spowodowa\u0142a, \u017ce liczba student\u00f3w uczestnicz\u0105cych w tym wydarzeniu by\u0142a tak du\u017ca, \u017ce na sali zabrak\u0142o miejsc siedz\u0105cych. Spotkanie przebiega\u0142o w przyjaznej acz merytorycznej atmosferze, przeplatanej ciekawymi dyskusjami, w trakcie kt\u00f3rych studenci i obecni wyk\u0142adowcy prezentowali swoje stanowisko odnosz\u0105c si\u0119 do podejmowanych kwestii. Gor\u0105c\u0105 dyskusj\u0119 wywo\u0142a\u0142a kwestia dawania dzieciom klapsa. Innym dyskutowanym zagadnieniem by\u0142a polemiczno\u015b\u0107 w kwestii czy prawa dzieci stanowi\u0105 zagro\u017cenie dla praw doros\u0142ych. W trakcie spotkania Pani mgr El\u017cbieta Skrzypiec przedstawi\u0142a genez\u0119 powstawania Komitetu Ochrony Praw Dziecka a tak\u017ce przedstawi\u0142a problemy, kt\u00f3rymi na co dzie\u0144 zajmuje si\u0119 jego cz\u0142onkowie, jako przyk\u0142ad podaj\u0105c dzieci wymagaj\u0105ce pomocy w zakresie zdrowia psychicznego, oraz prawne uwarunkowania praw dzieci.<\/p><p>Z tego miejsca pragniemy podzi\u0119kowa\u0107 Pani mgr El\u017cbiecie Skrzypiec za bardzo ciekawe i inspiruj\u0105ce spotkanie ale tak\u017ce naszym wspania\u0142ym Studentom za ich aktywno\u015b\u0107 i ch\u0119\u0107 dzielenia si\u0119 w\u0142asnymi pogl\u0105dami.<\/p><p>Opracowa\u0142a<\/p><p>dr Anna Skuzi\u0144ska<\/p><p>Kierownik kierunku psychologia<\/p>\t\t\t\t\t\t<\/div>\n\t\t\t\t<\/div>\n\t\t\t\t\t<\/div>\n\t\t<\/div>\n\t\t\t\t\t<\/div>\n\t\t<\/section>\n\t\t\t\t<\/div>\n\t\t","protected":false},"excerpt":{"rendered":"<p>W niedziel\u0119, 6 listopada 2022 odby\u0142o si\u0119 spotkanie pt. ?BLI\u017bEJ DZIECKA ? O POTRZEBIE OCHRONY PRAW DZIECI?, kt\u00f3re poprowadzi\u0142a, Pani mgr El\u017cbieta Skrzypiec &#8211; Przewodnicz\u0105ca Komitetu Ochrony Praw Dziecka oddzia\u0142 w Malborku, na zaproszenie Pani dr Anny Skuzi\u0144skiej kierownika kierunku psychologia. Spotkanie cieszy\u0142o si\u0119 du\u017cym zainteresowaniem, o czym \u015bwiadczy fakt, i\u017c 113 student\u00f3w Wydzia\u0142u Administracji [&hellip;]<\/p>\n","protected":false},"author":2,"featured_media":7696,"comment_status":"closed","ping_status":"closed","sticky":false,"template":"elementor_header_footer","format":"standard","meta":{"ocean_post_layout":"","ocean_both_sidebars_style":"","ocean_both_sidebars_content_width":0,"ocean_both_sidebars_sidebars_width":0,"ocean_sidebar":"","ocean_second_sidebar":"","ocean_disable_margins":"enable","ocean_add_body_class":"","ocean_shortcode_before_top_bar":"","ocean_shortcode_after_top_bar":"","ocean_shortcode_before_header":"","ocean_shortcode_after_header":"","ocean_has_shortcode":"","ocean_shortcode_after_title":"","ocean_shortcode_before_footer_widgets":"","ocean_shortcode_after_footer_widgets":"","ocean_shortcode_before_footer_bottom":"","ocean_shortcode_after_footer_bottom":"","ocean_display_top_bar":"default","ocean_display_header":"default","ocean_header_style":"","ocean_center_header_left_menu":"","ocean_custom_header_template":"","ocean_custom_logo":0,"ocean_custom_retina_logo":0,"ocean_custom_logo_max_width":0,"ocean_custom_logo_tablet_max_width":0,"ocean_custom_logo_mobile_max_width":0,"ocean_custom_logo_max_height":0,"ocean_custom_logo_tablet_max_height":0,"ocean_custom_logo_mobile_max_height":0,"ocean_header_custom_menu":"","ocean_menu_typo_font_family":"","ocean_menu_typo_font_subset":"","ocean_menu_typo_font_size":0,"ocean_menu_typo_font_size_tablet":0,"ocean_menu_typo_font_size_mobile":0,"ocean_menu_typo_font_size_unit":"px","ocean_menu_typo_font_weight":"","ocean_menu_typo_font_weight_tablet":"","ocean_menu_typo_font_weight_mobile":"","ocean_menu_typo_transform":"","ocean_menu_typo_transform_tablet":"","ocean_menu_typo_transform_mobile":"","ocean_menu_typo_line_height":0,"ocean_menu_typo_line_height_tablet":0,"ocean_menu_typo_line_height_mobile":0,"ocean_menu_typo_line_height_unit":"","ocean_menu_typo_spacing":0,"ocean_menu_typo_spacing_tablet":0,"ocean_menu_typo_spacing_mobile":0,"ocean_menu_typo_spacing_unit":"","ocean_menu_link_color":"","ocean_menu_link_color_hover":"","ocean_menu_link_color_active":"","ocean_menu_link_background":"","ocean_menu_link_hover_background":"","ocean_menu_link_active_background":"","ocean_menu_social_links_bg":"","ocean_menu_social_hover_links_bg":"","ocean_menu_social_links_color":"","ocean_menu_social_hover_links_color":"","ocean_disable_title":"default","ocean_disable_heading":"default","ocean_post_title":"","ocean_post_subheading":"","ocean_post_title_style":"","ocean_post_title_background_color":"","ocean_post_title_background":0,"ocean_post_title_bg_image_position":"","ocean_post_title_bg_image_attachment":"","ocean_post_title_bg_image_repeat":"","ocean_post_title_bg_image_size":"","ocean_post_title_height":0,"ocean_post_title_bg_overlay":0.5,"ocean_post_title_bg_overlay_color":"","ocean_disable_breadcrumbs":"default","ocean_breadcrumbs_color":"","ocean_breadcrumbs_separator_color":"","ocean_breadcrumbs_links_color":"","ocean_breadcrumbs_links_hover_color":"","ocean_display_footer_widgets":"default","ocean_display_footer_bottom":"default","ocean_custom_footer_template":"","ocean_post_oembed":"","ocean_post_self_hosted_media":"","ocean_post_video_embed":"","ocean_link_format":"","ocean_link_format_target":"self","ocean_quote_format":"","ocean_quote_format_link":"post","ocean_gallery_link_images":"on","ocean_gallery_id":[],"footnotes":""},"categories":[32],"tags":[],"class_list":["post-7695","post","type-post","status-publish","format-standard","has-post-thumbnail","hentry","category-spotkania-z-praktykami-psychologia","entry","has-media"],"yoast_head":"<!-- This site is optimized with the Yoast SEO plugin v23.7 - https:\/\/yoast.com\/wordpress\/plugins\/seo\/ -->\n<title>STUDENCI WYDZIA\u0141U ADMINISTRACJI I NAUK SPO\u0141ECZNYCH DYSKUTOWALI O PRAWACH DZIECKA - AMISNS<\/title>\n<meta name=\"robots\" content=\"noindex, follow, max-snippet:-1, max-image-preview:large, max-video-preview:-1\" \/>\n<meta property=\"og:locale\" content=\"pl_PL\" \/>\n<meta property=\"og:type\" content=\"article\" \/>\n<meta property=\"og:title\" content=\"STUDENCI WYDZIA\u0141U ADMINISTRACJI I NAUK SPO\u0141ECZNYCH DYSKUTOWALI O PRAWACH DZIECKA - AMISNS\" \/>\n<meta property=\"og:description\" content=\"W niedziel\u0119, 6 listopada 2022 odby\u0142o si\u0119 spotkanie pt. ?BLI\u017bEJ DZIECKA ? O POTRZEBIE OCHRONY PRAW DZIECI?, kt\u00f3re poprowadzi\u0142a, Pani mgr El\u017cbieta Skrzypiec &#8211; Przewodnicz\u0105ca Komitetu Ochrony Praw Dziecka oddzia\u0142 w Malborku, na zaproszenie Pani dr Anny Skuzi\u0144skiej kierownika kierunku psychologia. Spotkanie cieszy\u0142o si\u0119 du\u017cym zainteresowaniem, o czym \u015bwiadczy fakt, i\u017c 113 student\u00f3w Wydzia\u0142u Administracji [&hellip;]\" \/>\n<meta property=\"og:url\" content=\"https:\/\/amisns.edu.pl\/stara-wersja\/studenci-wydzialu-administracji-i-nauk-spolecznych-dyskutowali-o-prawach-dziecka\/\" \/>\n<meta property=\"og:site_name\" content=\"AMISNS\" \/>\n<meta property=\"article:publisher\" content=\"https:\/\/www.facebook.com\/AMiSNSElblag\" \/>\n<meta property=\"article:published_time\" content=\"2022-11-08T21:22:20+00:00\" \/>\n<meta property=\"article:modified_time\" content=\"2023-02-20T21:24:08+00:00\" \/>\n<meta property=\"og:image\" content=\"https:\/\/amisns.edu.pl\/stara-wersja\/wp-content\/uploads\/1jpg.jpg\" \/>\n\t<meta property=\"og:image:width\" content=\"486\" \/>\n\t<meta property=\"og:image:height\" content=\"1080\" \/>\n\t<meta property=\"og:image:type\" content=\"image\/jpeg\" \/>\n<meta name=\"author\" content=\"Biuro promocji\" \/>\n<meta name=\"twitter:card\" content=\"summary_large_image\" \/>\n<meta name=\"twitter:label1\" content=\"Napisane przez\" \/>\n\t<meta name=\"twitter:data1\" content=\"Biuro promocji\" \/>\n\t<meta name=\"twitter:label2\" content=\"Szacowany czas czytania\" \/>\n\t<meta name=\"twitter:data2\" content=\"1 minuta\" \/>\n<script type=\"application\/ld+json\" class=\"yoast-schema-graph\">{\"@context\":\"https:\/\/schema.org\",\"@graph\":[{\"@type\":\"Article\",\"@id\":\"https:\/\/amisns.edu.pl\/stara-wersja\/studenci-wydzialu-administracji-i-nauk-spolecznych-dyskutowali-o-prawach-dziecka\/#article\",\"isPartOf\":{\"@id\":\"https:\/\/amisns.edu.pl\/stara-wersja\/studenci-wydzialu-administracji-i-nauk-spolecznych-dyskutowali-o-prawach-dziecka\/\"},\"author\":{\"name\":\"Biuro promocji\",\"@id\":\"https:\/\/amisns.edu.pl\/stara-wersja\/stara-wersja\/#\/schema\/person\/4868ddcf0f0d3f8b0c675e45540fd350\"},\"headline\":\"STUDENCI WYDZIA\u0141U ADMINISTRACJI I NAUK SPO\u0141ECZNYCH DYSKUTOWALI O PRAWACH DZIECKA\",\"datePublished\":\"2022-11-08T21:22:20+00:00\",\"dateModified\":\"2023-02-20T21:24:08+00:00\",\"mainEntityOfPage\":{\"@id\":\"https:\/\/amisns.edu.pl\/stara-wersja\/studenci-wydzialu-administracji-i-nauk-spolecznych-dyskutowali-o-prawach-dziecka\/\"},\"wordCount\":279,\"publisher\":{\"@id\":\"https:\/\/amisns.edu.pl\/stara-wersja\/stara-wersja\/#organization\"},\"image\":{\"@id\":\"https:\/\/amisns.edu.pl\/stara-wersja\/studenci-wydzialu-administracji-i-nauk-spolecznych-dyskutowali-o-prawach-dziecka\/#primaryimage\"},\"thumbnailUrl\":\"https:\/\/amisns.edu.pl\/stara-wersja\/wp-content\/uploads\/1jpg.jpg\",\"articleSection\":[\"Spotkania z praktykami psychologia\"],\"inLanguage\":\"pl-PL\"},{\"@type\":\"WebPage\",\"@id\":\"https:\/\/amisns.edu.pl\/stara-wersja\/studenci-wydzialu-administracji-i-nauk-spolecznych-dyskutowali-o-prawach-dziecka\/\",\"url\":\"https:\/\/amisns.edu.pl\/stara-wersja\/studenci-wydzialu-administracji-i-nauk-spolecznych-dyskutowali-o-prawach-dziecka\/\",\"name\":\"STUDENCI WYDZIA\u0141U ADMINISTRACJI I NAUK SPO\u0141ECZNYCH DYSKUTOWALI O PRAWACH DZIECKA - AMISNS\",\"isPartOf\":{\"@id\":\"https:\/\/amisns.edu.pl\/stara-wersja\/stara-wersja\/#website\"},\"primaryImageOfPage\":{\"@id\":\"https:\/\/amisns.edu.pl\/stara-wersja\/studenci-wydzialu-administracji-i-nauk-spolecznych-dyskutowali-o-prawach-dziecka\/#primaryimage\"},\"image\":{\"@id\":\"https:\/\/amisns.edu.pl\/stara-wersja\/studenci-wydzialu-administracji-i-nauk-spolecznych-dyskutowali-o-prawach-dziecka\/#primaryimage\"},\"thumbnailUrl\":\"https:\/\/amisns.edu.pl\/stara-wersja\/wp-content\/uploads\/1jpg.jpg\",\"datePublished\":\"2022-11-08T21:22:20+00:00\",\"dateModified\":\"2023-02-20T21:24:08+00:00\",\"breadcrumb\":{\"@id\":\"https:\/\/amisns.edu.pl\/stara-wersja\/studenci-wydzialu-administracji-i-nauk-spolecznych-dyskutowali-o-prawach-dziecka\/#breadcrumb\"},\"inLanguage\":\"pl-PL\",\"potentialAction\":[{\"@type\":\"ReadAction\",\"target\":[\"https:\/\/amisns.edu.pl\/stara-wersja\/studenci-wydzialu-administracji-i-nauk-spolecznych-dyskutowali-o-prawach-dziecka\/\"]}]},{\"@type\":\"ImageObject\",\"inLanguage\":\"pl-PL\",\"@id\":\"https:\/\/amisns.edu.pl\/stara-wersja\/studenci-wydzialu-administracji-i-nauk-spolecznych-dyskutowali-o-prawach-dziecka\/#primaryimage\",\"url\":\"https:\/\/amisns.edu.pl\/stara-wersja\/wp-content\/uploads\/1jpg.jpg\",\"contentUrl\":\"https:\/\/amisns.edu.pl\/stara-wersja\/wp-content\/uploads\/1jpg.jpg\",\"width\":486,\"height\":1080},{\"@type\":\"BreadcrumbList\",\"@id\":\"https:\/\/amisns.edu.pl\/stara-wersja\/studenci-wydzialu-administracji-i-nauk-spolecznych-dyskutowali-o-prawach-dziecka\/#breadcrumb\",\"itemListElement\":[{\"@type\":\"ListItem\",\"position\":1,\"name\":\"Strona g\u0142\u00f3wna\",\"item\":\"https:\/\/amisns.edu.pl\/stara-wersja\/\"},{\"@type\":\"ListItem\",\"position\":2,\"name\":\"STUDENCI WYDZIA\u0141U ADMINISTRACJI I NAUK SPO\u0141ECZNYCH DYSKUTOWALI O PRAWACH DZIECKA\"}]},{\"@type\":\"WebSite\",\"@id\":\"https:\/\/amisns.edu.pl\/stara-wersja\/stara-wersja\/#website\",\"url\":\"https:\/\/amisns.edu.pl\/stara-wersja\/stara-wersja\/\",\"name\":\"AMISNS\",\"description\":\"Akademia Medycznych i Spo\u0142ecznych nauk stosowanych\",\"publisher\":{\"@id\":\"https:\/\/amisns.edu.pl\/stara-wersja\/stara-wersja\/#organization\"},\"potentialAction\":[{\"@type\":\"SearchAction\",\"target\":{\"@type\":\"EntryPoint\",\"urlTemplate\":\"https:\/\/amisns.edu.pl\/stara-wersja\/stara-wersja\/?s={search_term_string}\"},\"query-input\":{\"@type\":\"PropertyValueSpecification\",\"valueRequired\":true,\"valueName\":\"search_term_string\"}}],\"inLanguage\":\"pl-PL\"},{\"@type\":\"Organization\",\"@id\":\"https:\/\/amisns.edu.pl\/stara-wersja\/stara-wersja\/#organization\",\"name\":\"AMISNS\",\"url\":\"https:\/\/amisns.edu.pl\/stara-wersja\/stara-wersja\/\",\"logo\":{\"@type\":\"ImageObject\",\"inLanguage\":\"pl-PL\",\"@id\":\"https:\/\/amisns.edu.pl\/stara-wersja\/stara-wersja\/#\/schema\/logo\/image\/\",\"url\":\"https:\/\/amisns.edu.pl\/stara-wersja\/wp-content\/uploads\/2022\/12\/Znak-AMiSNS-na-strone-www-4k.png\",\"contentUrl\":\"https:\/\/amisns.edu.pl\/stara-wersja\/wp-content\/uploads\/2022\/12\/Znak-AMiSNS-na-strone-www-4k.png\",\"width\":1920,\"height\":523,\"caption\":\"AMISNS\"},\"image\":{\"@id\":\"https:\/\/amisns.edu.pl\/stara-wersja\/stara-wersja\/#\/schema\/logo\/image\/\"},\"sameAs\":[\"https:\/\/www.facebook.com\/AMiSNSElblag\"]},{\"@type\":\"Person\",\"@id\":\"https:\/\/amisns.edu.pl\/stara-wersja\/stara-wersja\/#\/schema\/person\/4868ddcf0f0d3f8b0c675e45540fd350\",\"name\":\"Biuro promocji\",\"image\":{\"@type\":\"ImageObject\",\"inLanguage\":\"pl-PL\",\"@id\":\"https:\/\/amisns.edu.pl\/stara-wersja\/stara-wersja\/#\/schema\/person\/image\/\",\"url\":\"https:\/\/secure.gravatar.com\/avatar\/ba1c61f2c67d3536a6e469d64619f0d0?s=96&d=mm&r=g\",\"contentUrl\":\"https:\/\/secure.gravatar.com\/avatar\/ba1c61f2c67d3536a6e469d64619f0d0?s=96&d=mm&r=g\",\"caption\":\"Biuro promocji\"},\"url\":\"https:\/\/amisns.edu.pl\/stara-wersja\/author\/biuro-promocji\/\"}]}<\/script>\n<!-- \/ Yoast SEO plugin. -->","yoast_head_json":{"title":"STUDENCI WYDZIA\u0141U ADMINISTRACJI I NAUK SPO\u0141ECZNYCH DYSKUTOWALI O PRAWACH DZIECKA - AMISNS","robots":{"index":"noindex","follow":"follow","max-snippet":"max-snippet:-1","max-image-preview":"max-image-preview:large","max-video-preview":"max-video-preview:-1"},"og_locale":"pl_PL","og_type":"article","og_title":"STUDENCI WYDZIA\u0141U ADMINISTRACJI I NAUK SPO\u0141ECZNYCH DYSKUTOWALI O PRAWACH DZIECKA - AMISNS","og_description":"W niedziel\u0119, 6 listopada 2022 odby\u0142o si\u0119 spotkanie pt. ?BLI\u017bEJ DZIECKA ? O POTRZEBIE OCHRONY PRAW DZIECI?, kt\u00f3re poprowadzi\u0142a, Pani mgr El\u017cbieta Skrzypiec &#8211; Przewodnicz\u0105ca Komitetu Ochrony Praw Dziecka oddzia\u0142 w Malborku, na zaproszenie Pani dr Anny Skuzi\u0144skiej kierownika kierunku psychologia. Spotkanie cieszy\u0142o si\u0119 du\u017cym zainteresowaniem, o czym \u015bwiadczy fakt, i\u017c 113 student\u00f3w Wydzia\u0142u Administracji [&hellip;]","og_url":"https:\/\/amisns.edu.pl\/stara-wersja\/studenci-wydzialu-administracji-i-nauk-spolecznych-dyskutowali-o-prawach-dziecka\/","og_site_name":"AMISNS","article_publisher":"https:\/\/www.facebook.com\/AMiSNSElblag","article_published_time":"2022-11-08T21:22:20+00:00","article_modified_time":"2023-02-20T21:24:08+00:00","og_image":[{"width":486,"height":1080,"url":"https:\/\/amisns.edu.pl\/stara-wersja\/wp-content\/uploads\/1jpg.jpg","type":"image\/jpeg"}],"author":"Biuro promocji","twitter_card":"summary_large_image","twitter_misc":{"Napisane przez":"Biuro promocji","Szacowany czas czytania":"1 minuta"},"schema":{"@context":"https:\/\/schema.org","@graph":[{"@type":"Article","@id":"https:\/\/amisns.edu.pl\/stara-wersja\/studenci-wydzialu-administracji-i-nauk-spolecznych-dyskutowali-o-prawach-dziecka\/#article","isPartOf":{"@id":"https:\/\/amisns.edu.pl\/stara-wersja\/studenci-wydzialu-administracji-i-nauk-spolecznych-dyskutowali-o-prawach-dziecka\/"},"author":{"name":"Biuro promocji","@id":"https:\/\/amisns.edu.pl\/stara-wersja\/stara-wersja\/#\/schema\/person\/4868ddcf0f0d3f8b0c675e45540fd350"},"headline":"STUDENCI WYDZIA\u0141U ADMINISTRACJI I NAUK SPO\u0141ECZNYCH DYSKUTOWALI O PRAWACH DZIECKA","datePublished":"2022-11-08T21:22:20+00:00","dateModified":"2023-02-20T21:24:08+00:00","mainEntityOfPage":{"@id":"https:\/\/amisns.edu.pl\/stara-wersja\/studenci-wydzialu-administracji-i-nauk-spolecznych-dyskutowali-o-prawach-dziecka\/"},"wordCount":279,"publisher":{"@id":"https:\/\/amisns.edu.pl\/stara-wersja\/stara-wersja\/#organization"},"image":{"@id":"https:\/\/amisns.edu.pl\/stara-wersja\/studenci-wydzialu-administracji-i-nauk-spolecznych-dyskutowali-o-prawach-dziecka\/#primaryimage"},"thumbnailUrl":"https:\/\/amisns.edu.pl\/stara-wersja\/wp-content\/uploads\/1jpg.jpg","articleSection":["Spotkania z praktykami psychologia"],"inLanguage":"pl-PL"},{"@type":"WebPage","@id":"https:\/\/amisns.edu.pl\/stara-wersja\/studenci-wydzialu-administracji-i-nauk-spolecznych-dyskutowali-o-prawach-dziecka\/","url":"https:\/\/amisns.edu.pl\/stara-wersja\/studenci-wydzialu-administracji-i-nauk-spolecznych-dyskutowali-o-prawach-dziecka\/","name":"STUDENCI WYDZIA\u0141U ADMINISTRACJI I NAUK SPO\u0141ECZNYCH DYSKUTOWALI O PRAWACH DZIECKA - AMISNS","isPartOf":{"@id":"https:\/\/amisns.edu.pl\/stara-wersja\/stara-wersja\/#website"},"primaryImageOfPage":{"@id":"https:\/\/amisns.edu.pl\/stara-wersja\/studenci-wydzialu-administracji-i-nauk-spolecznych-dyskutowali-o-prawach-dziecka\/#primaryimage"},"image":{"@id":"https:\/\/amisns.edu.pl\/stara-wersja\/studenci-wydzialu-administracji-i-nauk-spolecznych-dyskutowali-o-prawach-dziecka\/#primaryimage"},"thumbnailUrl":"https:\/\/amisns.edu.pl\/stara-wersja\/wp-content\/uploads\/1jpg.jpg","datePublished":"2022-11-08T21:22:20+00:00","dateModified":"2023-02-20T21:24:08+00:00","breadcrumb":{"@id":"https:\/\/amisns.edu.pl\/stara-wersja\/studenci-wydzialu-administracji-i-nauk-spolecznych-dyskutowali-o-prawach-dziecka\/#breadcrumb"},"inLanguage":"pl-PL","potentialAction":[{"@type":"ReadAction","target":["https:\/\/amisns.edu.pl\/stara-wersja\/studenci-wydzialu-administracji-i-nauk-spolecznych-dyskutowali-o-prawach-dziecka\/"]}]},{"@type":"ImageObject","inLanguage":"pl-PL","@id":"https:\/\/amisns.edu.pl\/stara-wersja\/studenci-wydzialu-administracji-i-nauk-spolecznych-dyskutowali-o-prawach-dziecka\/#primaryimage","url":"https:\/\/amisns.edu.pl\/stara-wersja\/wp-content\/uploads\/1jpg.jpg","contentUrl":"https:\/\/amisns.edu.pl\/stara-wersja\/wp-content\/uploads\/1jpg.jpg","width":486,"height":1080},{"@type":"BreadcrumbList","@id":"https:\/\/amisns.edu.pl\/stara-wersja\/studenci-wydzialu-administracji-i-nauk-spolecznych-dyskutowali-o-prawach-dziecka\/#breadcrumb","itemListElement":[{"@type":"ListItem","position":1,"name":"Strona g\u0142\u00f3wna","item":"https:\/\/amisns.edu.pl\/stara-wersja\/"},{"@type":"ListItem","position":2,"name":"STUDENCI WYDZIA\u0141U ADMINISTRACJI I NAUK SPO\u0141ECZNYCH DYSKUTOWALI O PRAWACH DZIECKA"}]},{"@type":"WebSite","@id":"https:\/\/amisns.edu.pl\/stara-wersja\/stara-wersja\/#website","url":"https:\/\/amisns.edu.pl\/stara-wersja\/stara-wersja\/","name":"AMISNS","description":"Akademia Medycznych i Spo\u0142ecznych nauk stosowanych","publisher":{"@id":"https:\/\/amisns.edu.pl\/stara-wersja\/stara-wersja\/#organization"},"potentialAction":[{"@type":"SearchAction","target":{"@type":"EntryPoint","urlTemplate":"https:\/\/amisns.edu.pl\/stara-wersja\/stara-wersja\/?s={search_term_string}"},"query-input":{"@type":"PropertyValueSpecification","valueRequired":true,"valueName":"search_term_string"}}],"inLanguage":"pl-PL"},{"@type":"Organization","@id":"https:\/\/amisns.edu.pl\/stara-wersja\/stara-wersja\/#organization","name":"AMISNS","url":"https:\/\/amisns.edu.pl\/stara-wersja\/stara-wersja\/","logo":{"@type":"ImageObject","inLanguage":"pl-PL","@id":"https:\/\/amisns.edu.pl\/stara-wersja\/stara-wersja\/#\/schema\/logo\/image\/","url":"https:\/\/amisns.edu.pl\/stara-wersja\/wp-content\/uploads\/2022\/12\/Znak-AMiSNS-na-strone-www-4k.png","contentUrl":"https:\/\/amisns.edu.pl\/stara-wersja\/wp-content\/uploads\/2022\/12\/Znak-AMiSNS-na-strone-www-4k.png","width":1920,"height":523,"caption":"AMISNS"},"image":{"@id":"https:\/\/amisns.edu.pl\/stara-wersja\/stara-wersja\/#\/schema\/logo\/image\/"},"sameAs":["https:\/\/www.facebook.com\/AMiSNSElblag"]},{"@type":"Person","@id":"https:\/\/amisns.edu.pl\/stara-wersja\/stara-wersja\/#\/schema\/person\/4868ddcf0f0d3f8b0c675e45540fd350","name":"Biuro promocji","image":{"@type":"ImageObject","inLanguage":"pl-PL","@id":"https:\/\/amisns.edu.pl\/stara-wersja\/stara-wersja\/#\/schema\/person\/image\/","url":"https:\/\/secure.gravatar.com\/avatar\/ba1c61f2c67d3536a6e469d64619f0d0?s=96&d=mm&r=g","contentUrl":"https:\/\/secure.gravatar.com\/avatar\/ba1c61f2c67d3536a6e469d64619f0d0?s=96&d=mm&r=g","caption":"Biuro promocji"},"url":"https:\/\/amisns.edu.pl\/stara-wersja\/author\/biuro-promocji\/"}]}},"_links":{"self":[{"href":"https:\/\/amisns.edu.pl\/stara-wersja\/wp-json\/wp\/v2\/posts\/7695"}],"collection":[{"href":"https:\/\/amisns.edu.pl\/stara-wersja\/wp-json\/wp\/v2\/posts"}],"about":[{"href":"https:\/\/amisns.edu.pl\/stara-wersja\/wp-json\/wp\/v2\/types\/post"}],"author":[{"embeddable":true,"href":"https:\/\/amisns.edu.pl\/stara-wersja\/wp-json\/wp\/v2\/users\/2"}],"replies":[{"embeddable":true,"href":"https:\/\/amisns.edu.pl\/stara-wersja\/wp-json\/wp\/v2\/comments?post=7695"}],"version-history":[{"count":4,"href":"https:\/\/amisns.edu.pl\/stara-wersja\/wp-json\/wp\/v2\/posts\/7695\/revisions"}],"predecessor-version":[{"id":7700,"href":"https:\/\/amisns.edu.pl\/stara-wersja\/wp-json\/wp\/v2\/posts\/7695\/revisions\/7700"}],"wp:featuredmedia":[{"embeddable":true,"href":"https:\/\/amisns.edu.pl\/stara-wersja\/wp-json\/wp\/v2\/media\/7696"}],"wp:attachment":[{"href":"https:\/\/amisns.edu.pl\/stara-wersja\/wp-json\/wp\/v2\/media?parent=7695"}],"wp:term":[{"taxonomy":"category","embeddable":true,"href":"https:\/\/amisns.edu.pl\/stara-wersja\/wp-json\/wp\/v2\/categories?post=7695"},{"taxonomy":"post_tag","embeddable":true,"href":"https:\/\/amisns.edu.pl\/stara-wersja\/wp-json\/wp\/v2\/tags?post=7695"}],"curies":[{"name":"wp","href":"https:\/\/api.w.org\/{rel}","templated":true}]}}